{"id":65645,"date":"2025-02-16T12:56:26","date_gmt":"2025-02-16T17:56:26","guid":{"rendered":"https:\/\/www.turistamagazine.com\/v2\/?p=65645"},"modified":"2025-02-16T12:56:26","modified_gmt":"2025-02-16T17:56:26","slug":"colombia-abierta-al-mundo-lema-de-la-44a-edicion-de-la-vitrina-turistica-de-anato","status":"publish","type":"post","link":"https:\/\/www.turistamagazine.com\/v2\/?p=65645","title":{"rendered":"\u201cCOLOMBIA ABIERTA AL MUNDO\u201d LEMA DE LA 44\u00aa EDICI\u00d3N DE LA VITRINA TUR\u00cdSTICA\u00a0 DE ANATO"},"content":{"rendered":"<p style=\"text-align: justify;\"><span style=\"color: #333399;\"><em><strong>COLOMBIA\/16\/02\/2025.-La edici\u00f3n\u00a0 44 de\u00a0 la Vitrina Tur\u00edstica de Anato 2025, bajo el lema \u00abColombia Abierta al Mundo\u201d, reunir\u00e1 a m\u00e1s de 50.000 profesionales de turismo, 1.200\u00a0 expositores\u00a0 y la representaci\u00f3n de 32 pa\u00edses, se celebrar\u00e1 los d\u00edas 26, 27 y 28 de febrero en Corferias, Bogot\u00e1. La Vitrina Tur\u00edstica de Anato se posiciona como un espacio clave para impulsar alianzas estrat\u00e9gicas y consolidar acuerdos comerciales que fomenten el crecimiento del sector, en\u00a0 un momento en el que la industria de los viajes se transforma para adaptarse a nuevos modelos de negocio y fortalecer la conexi\u00f3n con los viajeros en el turismo emisivo, receptivo e interno.<\/strong><\/em><\/span><\/p>\n<p style=\"text-align: justify;\"><span style=\"color: #333399;\"><em><strong>La Vitrina Tur\u00edstica de Anato 2025 ser\u00e1 el epicentro de negocios donde expertos del sector podr\u00e1n explorar en un mismo lugar la variada oferta de productos y servicios tur\u00edsticos, estableciendo conexiones estrat\u00e9gicas que contribuir\u00e1n al desarrollo y consolidaci\u00f3n de la industria y\u00a0 en un momento en el que la industria de los viajes se transforma para adaptarse a nuevos modelos de negocio y fortalecer la conexi\u00f3n con los viajeros en el turismo emisivo, receptivo e interno.<\/strong><\/em><\/span><\/p>\n<p style=\"text-align: justify;\"><span style=\"color: #333399;\"><em><strong>La\u00a0 Vitrina Tur\u00edstica de Anato se posiciona como un espacio clave para impulsar alianzas estrat\u00e9gicas y consolidar acuerdos comerciales que fomenten el crecimiento del sector.<\/strong><\/em><\/span><\/p>\n","protected":false},"excerpt":{"rendered":"<p>COLOMBIA\/16\/02\/2025.-La edici\u00f3n\u00a0 44 de\u00a0 la Vitrina Tur\u00edstica de Anato 2025, bajo el lema \u00abColombia Abierta al Mundo\u201d, reunir\u00e1 a m\u00e1s de 50.000 profesionales de turismo, 1.200\u00a0 expositores\u00a0 y la representaci\u00f3n de 32 pa\u00edses, se celebrar\u00e1 los d\u00edas 26, 27 y 28 de febrero en Corferias, Bogot\u00e1. La Vitrina Tur\u00edstica de Anato se posiciona como un espacio clave para impulsar alianzas estrat\u00e9gicas y consolidar acuerdos comerciales que fomenten el crecimiento del sector, en\u00a0 un momento en el que la industria de los viajes se transforma para adaptarse a nuevos modelos de negocio y fortalecer la conexi\u00f3n con los viajeros en el&#8230;<\/p>\n","protected":false},"author":1,"featured_media":65646,"comment_status":"open","ping_status":"open","sticky":false,"template":"","format":"standard","meta":{"footnotes":""},"categories":[4,84],"tags":[11846,10219,13202,206],"class_list":["post-65645","post","type-post","status-publish","format-standard","has-post-thumbnail","hentry","category-breaking-news","category-internacionales","tag-elenatejeradirectora","tag-semanarioturistamagazine","tag-anato-2025","tag-colombia"],"_links":{"self":[{"href":"https:\/\/www.turistamagazine.com\/v2\/index.php?rest_route=\/wp\/v2\/posts\/65645","targetHints":{"allow":["GET"]}}],"collection":[{"href":"https:\/\/www.turistamagazine.com\/v2\/index.php?rest_route=\/wp\/v2\/posts"}],"about":[{"href":"https:\/\/www.turistamagazine.com\/v2\/index.php?rest_route=\/wp\/v2\/types\/post"}],"author":[{"embeddable":true,"href":"https:\/\/www.turistamagazine.com\/v2\/index.php?rest_route=\/wp\/v2\/users\/1"}],"replies":[{"embeddable":true,"href":"https:\/\/www.turistamagazine.com\/v2\/index.php?rest_route=%2Fwp%2Fv2%2Fcomments&post=65645"}],"version-history":[{"count":1,"href":"https:\/\/www.turistamagazine.com\/v2\/index.php?rest_route=\/wp\/v2\/posts\/65645\/revisions"}],"predecessor-version":[{"id":65647,"href":"https:\/\/www.turistamagazine.com\/v2\/index.php?rest_route=\/wp\/v2\/posts\/65645\/revisions\/65647"}],"wp:featuredmedia":[{"embeddable":true,"href":"https:\/\/www.turistamagazine.com\/v2\/index.php?rest_route=\/wp\/v2\/media\/65646"}],"wp:attachment":[{"href":"https:\/\/www.turistamagazine.com\/v2\/index.php?rest_route=%2Fwp%2Fv2%2Fmedia&parent=65645"}],"wp:term":[{"taxonomy":"category","embeddable":true,"href":"https:\/\/www.turistamagazine.com\/v2\/index.php?rest_route=%2Fwp%2Fv2%2Fcategories&post=65645"},{"taxonomy":"post_tag","embeddable":true,"href":"https:\/\/www.turistamagazine.com\/v2\/index.php?rest_route=%2Fwp%2Fv2%2Ftags&post=65645"}],"curies":[{"name":"wp","href":"https:\/\/api.w.org\/{rel}","templated":true}]}}