{"id":65615,"date":"2025-02-13T16:48:23","date_gmt":"2025-02-13T21:48:23","guid":{"rendered":"https:\/\/www.turistamagazine.com\/v2\/?p=65615"},"modified":"2025-02-13T16:48:23","modified_gmt":"2025-02-13T21:48:23","slug":"turkish-airlines-confirma-su-ingreso-a-peru-en-el-primer-semestre-de-2025","status":"publish","type":"post","link":"https:\/\/www.turistamagazine.com\/v2\/?p=65615","title":{"rendered":"TURKISH AIRLINES CONFIRMA SU INGRESO A PER\u00da EN EL PRIMER SEMESTRE DE 2025"},"content":{"rendered":"<p style=\"text-align: justify;\"><span style=\"color: #333399;\"><em><strong>LIMA\/PERU\/13\/02\/2025.-El ingreso de la aerol\u00ednea fue oficializado por el Mincetur, en el marco del evento\u00a0 \u201cRoutes Americas 2025\u201d celebrado en Bahamas y que re\u00fane a cientos de profesionales del sector a\u00e9reo. Turkish Airlines comenzar\u00e1 operaciones en nuestro pa\u00eds a partir del primer semestre de 2025.<\/strong><\/em><\/span><\/p>\n<p style=\"text-align: justify;\"><span style=\"color: #333399;\"><em><strong>Madeleine Burns, viceministra de Turismo, destac\u00f3 que la participaci\u00f3n nacional en el evento busca fortalecer la imagen del Per\u00fa como destino tur\u00edstico, esto a trav\u00e9s de alianzas estrat\u00e9gicas con aerol\u00edneas y la apertura de nuevos destinos.<\/strong><\/em><\/span><\/p>\n<p style=\"text-align: justify;\"><span style=\"color: #333399;\"><em><strong>Con representantes de Promper\u00fa, Lima Airport Partners (LAP) y Aeropuertos del Per\u00fa (AdP), la delegaci\u00f3n peruana ha podido participar en reuniones, conferencias, seminarios y actividades de networking con representantes internacionales, enfocados en fortalecer la conectividad a\u00e9rea del pa\u00eds.<\/strong><\/em><\/span><\/p>\n<p style=\"text-align: justify;\"><span style=\"color: #333399;\"><em><strong>\u201cRoutes Americas es una plataforma esencial para potenciar la conectividad a\u00e9rea. Este evento nos permite promover la expansi\u00f3n de nuestra red internacional y facilitar la llegada de m\u00e1s turistas a nuestro pa\u00eds\u201d, sostuvo Burns.<\/strong><\/em><\/span><\/p>\n<p style=\"text-align: justify;\"><span style=\"color: #333399;\"><em><strong>Entre los logros, se encuentra la confirmaci\u00f3n del ingreso de Turkish Airlines al Per\u00fa. Seguido de la inclusi\u00f3n en la lista de priorizados de la l\u00ednea Air Canada, hecho que abre la posibilidad de reiniciar sus operaciones en el pa\u00eds. Estas gestiones buscan incrementar las rutas y frecuencias, adem\u00e1s de posicionarnos en mercados clave.<\/strong><\/em><\/span><\/p>\n<p style=\"text-align: justify;\">\n","protected":false},"excerpt":{"rendered":"<p>LIMA\/PERU\/13\/02\/2025.-El ingreso de la aerol\u00ednea fue oficializado por el Mincetur, en el marco del evento\u00a0 \u201cRoutes Americas 2025\u201d celebrado en Bahamas y que re\u00fane a cientos de profesionales del sector a\u00e9reo. Turkish Airlines comenzar\u00e1 operaciones en nuestro pa\u00eds a partir del primer semestre de 2025. Madeleine Burns, viceministra de Turismo, destac\u00f3 que la participaci\u00f3n nacional en el evento busca fortalecer la imagen del Per\u00fa como destino tur\u00edstico, esto a trav\u00e9s de alianzas estrat\u00e9gicas con aerol\u00edneas y la apertura de nuevos destinos. Con representantes de Promper\u00fa, Lima Airport Partners (LAP) y Aeropuertos del Per\u00fa (AdP), la delegaci\u00f3n peruana ha podido participar&#8230;<\/p>\n","protected":false},"author":1,"featured_media":56455,"comment_status":"open","ping_status":"open","sticky":false,"template":"","format":"standard","meta":{"footnotes":""},"categories":[4,84],"tags":[11846,10219,9016,4411],"class_list":["post-65615","post","type-post","status-publish","format-standard","has-post-thumbnail","hentry","category-breaking-news","category-internacionales","tag-elenatejeradirectora","tag-semanarioturistamagazine","tag-elena-honores-coordinadora-de-ciestca-peru","tag-turkish-airlines"],"_links":{"self":[{"href":"https:\/\/www.turistamagazine.com\/v2\/index.php?rest_route=\/wp\/v2\/posts\/65615","targetHints":{"allow":["GET"]}}],"collection":[{"href":"https:\/\/www.turistamagazine.com\/v2\/index.php?rest_route=\/wp\/v2\/posts"}],"about":[{"href":"https:\/\/www.turistamagazine.com\/v2\/index.php?rest_route=\/wp\/v2\/types\/post"}],"author":[{"embeddable":true,"href":"https:\/\/www.turistamagazine.com\/v2\/index.php?rest_route=\/wp\/v2\/users\/1"}],"replies":[{"embeddable":true,"href":"https:\/\/www.turistamagazine.com\/v2\/index.php?rest_route=%2Fwp%2Fv2%2Fcomments&post=65615"}],"version-history":[{"count":1,"href":"https:\/\/www.turistamagazine.com\/v2\/index.php?rest_route=\/wp\/v2\/posts\/65615\/revisions"}],"predecessor-version":[{"id":65616,"href":"https:\/\/www.turistamagazine.com\/v2\/index.php?rest_route=\/wp\/v2\/posts\/65615\/revisions\/65616"}],"wp:featuredmedia":[{"embeddable":true,"href":"https:\/\/www.turistamagazine.com\/v2\/index.php?rest_route=\/wp\/v2\/media\/56455"}],"wp:attachment":[{"href":"https:\/\/www.turistamagazine.com\/v2\/index.php?rest_route=%2Fwp%2Fv2%2Fmedia&parent=65615"}],"wp:term":[{"taxonomy":"category","embeddable":true,"href":"https:\/\/www.turistamagazine.com\/v2\/index.php?rest_route=%2Fwp%2Fv2%2Fcategories&post=65615"},{"taxonomy":"post_tag","embeddable":true,"href":"https:\/\/www.turistamagazine.com\/v2\/index.php?rest_route=%2Fwp%2Fv2%2Ftags&post=65615"}],"curies":[{"name":"wp","href":"https:\/\/api.w.org\/{rel}","templated":true}]}}