{"id":65541,"date":"2025-02-05T19:05:50","date_gmt":"2025-02-06T00:05:50","guid":{"rendered":"https:\/\/www.turistamagazine.com\/v2\/?p=65541"},"modified":"2025-02-05T19:05:50","modified_gmt":"2025-02-06T00:05:50","slug":"cancun-y-el-mundial-2026-el-reto-son-los-visados-de-sudamericanos","status":"publish","type":"post","link":"https:\/\/www.turistamagazine.com\/v2\/?p=65541","title":{"rendered":"CANC\u00daN Y EL MUNDIAL 2026: EL RETO SON LOS VISADOS DE SUDAMERICANOS"},"content":{"rendered":"<p style=\"text-align: justify;\"><span style=\"color: #333399;\"><em><strong>MEXICO\/05\/02\/Hoteleros y prestadores de servicios tur\u00edsticos del Caribe mexicano ya dise\u00f1an paquetes especiales y trabajan en la promoci\u00f3n para poder aprovechar la celebraci\u00f3n de la Copa Mundial de Futbol que se realizar\u00e1 en 2026, con el prop\u00f3sito de posicionar a Canc\u00fan como una opci\u00f3n de extensi\u00f3n para los turistas que estar\u00e1n llegando a M\u00e9xico.<\/strong><\/em><\/span><\/p>\n<p style=\"text-align: justify;\"><span style=\"color: #333399;\"><em><strong>Jes\u00fas Almaguer, presidente de la Asociaci\u00f3n de Hoteles de Canc\u00fan, Puerto Morelos e Isla Mujeres (AHCPMIM), se\u00f1al\u00f3 que se est\u00e1n dando las reuniones con pa\u00edses de Sudam\u00e9rica y con autoridades nacionales, con el objetivo de que se pueda destrabar toda la problem\u00e1tica del visado e ingreso que enfrentan los turistas suramericanos, y as\u00ed poder aprovechar esta oportunidad.<\/strong><\/em><\/span><\/p>\n<p style=\"text-align: justify;\"><span style=\"color: #333399;\"><em><strong>Agreg\u00f3 que en la pasada feria Fitur se vio un fuerte inter\u00e9s por parte de mercados como el brasile\u00f1o, argentino, peruano y colombiano por el Caribe mexicano, con motivo de la celebraci\u00f3n del Mundial de f\u00fatbol; sin embargo, es fundamental que en este inter\u00e9s la autoridad federal, es decir la Secretar\u00eda de Relaciones Exteriores y el Instituto Nacional de Migraci\u00f3n, logren resolver todo el tema del visado electr\u00f3nico y de la facilitaci\u00f3n para el turismo que desea llegar a M\u00e9xico a presenciar los partidos.<\/strong><\/em><\/span><\/p>\n<p style=\"text-align: justify;\"><span style=\"color: #333399;\"><em><strong>El l\u00edder hotelero destac\u00f3 que la gesti\u00f3n de la gobernadora del estado, Mara Lezama, y de la secretaria de Turismo, Josefina Rodr\u00edguez, es muy fuerte y hay reuniones ya con las autoridades competentes precisamente para acelerar estos procesos.<\/strong><\/em><\/span><\/p>\n<p style=\"text-align: justify;\"><span style=\"color: #333399;\"><em><strong>Considera Almaguer que la pr\u00f3xima feria de Anato, en Bogot\u00e1, que se celebrar\u00e1 del 26 al 28 de febrero pr\u00f3ximos, ser\u00eda la ocasi\u00f3n propicia para llevar una excelente noticia a todos estos mercados sudamericanos que buscan visitar los destinos del Caribe mexicano durante el Mundial de F\u00fatbol 2026. \u201cEs fundamental que se abran las puertas de estos mercados y se incentive la llegada de turistas, m\u00e1s a\u00fan cuando nos est\u00e1n cerrando en el norte las posibilidades de negocio\u201d, afirm\u00f3.<\/strong><\/em><\/span><\/p>\n<p style=\"text-align: justify;\"><span style=\"color: #333399;\"><em><strong>Se\u00f1al\u00f3 que la marca Canc\u00fan est\u00e1 muy bien posicionada en el mercado y se tendr\u00eda una oportunidad \u00fanica que se debe aprovechar.<\/strong><\/em><\/span><\/p>\n<p style=\"text-align: justify;\"><span style=\"color: #333399;\"><em><strong>\u00a0Rodr\u00edguez Zamora indic\u00f3 recientemente que han instalado mesas de trabajo con la Secretar\u00eda de Relaciones Exteriores y otras entidades para solucionar el maltrato a turistas antes de la Copa Mundial de la FIFA en M\u00e9xico.<\/strong><\/em><\/span><\/p>\n<p><span style=\"color: #333399;\"><em><strong>F\/REPORTUR.mx,<\/strong><\/em><\/span><\/p>\n","protected":false},"excerpt":{"rendered":"<p>MEXICO\/05\/02\/Hoteleros y prestadores de servicios tur\u00edsticos del Caribe mexicano ya dise\u00f1an paquetes especiales y trabajan en la promoci\u00f3n para poder aprovechar la celebraci\u00f3n de la Copa Mundial de Futbol que se realizar\u00e1 en 2026, con el prop\u00f3sito de posicionar a Canc\u00fan como una opci\u00f3n de extensi\u00f3n para los turistas que estar\u00e1n llegando a M\u00e9xico. Jes\u00fas Almaguer, presidente de la Asociaci\u00f3n de Hoteles de Canc\u00fan, Puerto Morelos e Isla Mujeres (AHCPMIM), se\u00f1al\u00f3 que se est\u00e1n dando las reuniones con pa\u00edses de Sudam\u00e9rica y con autoridades nacionales, con el objetivo de que se pueda destrabar toda la problem\u00e1tica del visado e ingreso&#8230;<\/p>\n","protected":false},"author":1,"featured_media":65542,"comment_status":"open","ping_status":"open","sticky":false,"template":"","format":"standard","meta":{"footnotes":""},"categories":[4,84],"tags":[11846,10219,13182,105],"class_list":["post-65541","post","type-post","status-publish","format-standard","has-post-thumbnail","hentry","category-breaking-news","category-internacionales","tag-elenatejeradirectora","tag-semanarioturistamagazine","tag-copa-mundial-de-futbol-2026","tag-mexico"],"_links":{"self":[{"href":"https:\/\/www.turistamagazine.com\/v2\/index.php?rest_route=\/wp\/v2\/posts\/65541","targetHints":{"allow":["GET"]}}],"collection":[{"href":"https:\/\/www.turistamagazine.com\/v2\/index.php?rest_route=\/wp\/v2\/posts"}],"about":[{"href":"https:\/\/www.turistamagazine.com\/v2\/index.php?rest_route=\/wp\/v2\/types\/post"}],"author":[{"embeddable":true,"href":"https:\/\/www.turistamagazine.com\/v2\/index.php?rest_route=\/wp\/v2\/users\/1"}],"replies":[{"embeddable":true,"href":"https:\/\/www.turistamagazine.com\/v2\/index.php?rest_route=%2Fwp%2Fv2%2Fcomments&post=65541"}],"version-history":[{"count":2,"href":"https:\/\/www.turistamagazine.com\/v2\/index.php?rest_route=\/wp\/v2\/posts\/65541\/revisions"}],"predecessor-version":[{"id":65544,"href":"https:\/\/www.turistamagazine.com\/v2\/index.php?rest_route=\/wp\/v2\/posts\/65541\/revisions\/65544"}],"wp:featuredmedia":[{"embeddable":true,"href":"https:\/\/www.turistamagazine.com\/v2\/index.php?rest_route=\/wp\/v2\/media\/65542"}],"wp:attachment":[{"href":"https:\/\/www.turistamagazine.com\/v2\/index.php?rest_route=%2Fwp%2Fv2%2Fmedia&parent=65541"}],"wp:term":[{"taxonomy":"category","embeddable":true,"href":"https:\/\/www.turistamagazine.com\/v2\/index.php?rest_route=%2Fwp%2Fv2%2Fcategories&post=65541"},{"taxonomy":"post_tag","embeddable":true,"href":"https:\/\/www.turistamagazine.com\/v2\/index.php?rest_route=%2Fwp%2Fv2%2Ftags&post=65541"}],"curies":[{"name":"wp","href":"https:\/\/api.w.org\/{rel}","templated":true}]}}