{"id":65508,"date":"2025-02-02T16:02:18","date_gmt":"2025-02-02T21:02:18","guid":{"rendered":"https:\/\/www.turistamagazine.com\/v2\/?p=65508"},"modified":"2025-02-02T16:02:18","modified_gmt":"2025-02-02T21:02:18","slug":"la-orquesta-estable-del-teatro-colon-buenos-aires-celebra-su-centenario-con-un-concierto-especial","status":"publish","type":"post","link":"https:\/\/www.turistamagazine.com\/v2\/?p=65508","title":{"rendered":"LA ORQUESTA ESTABLE DEL TEATRO COL\u00d3N (BUENOS AIRES) CELEBRA SU CENTENARIO CON UN CONCIERTO ESPECIAL"},"content":{"rendered":"<p>Por Jessica L.<\/p>\n<p><span style=\"color: #333399;\"><em><strong>La Orquesta Estable del Teatro Col\u00f3n celebra su centenario con un concierto inaugural que marca el arranque de la temporada-aniversario. El concierto se dar\u00e1 el martes 18 de febrero a las 20 hs. La presentaci\u00f3n viene a demostrar el talento que los ha mantenido durante cien a\u00f1os en el centro de la escena, como una de las organizaciones musicales m\u00e1s prestigiosas de la Argentina y del mundo.<\/strong><\/em><\/span><\/p>\n<p><span style=\"color: #333399;\"><em><strong>Quienes est\u00e1n detr\u00e1s de la Orquesta Estable<\/strong><\/em><\/span><\/p>\n<p><span style=\"color: #333399;\"><em><strong>Seg\u00fan rese\u00f1a Infobae, la direcci\u00f3n de este concierto inaugural estar\u00e1 a cargo del maestro Evelino Pid\u00f2 y el programa incluir\u00e1 la Sinfon\u00eda N.\u00ba 9, D.944 en Do mayor \u201cLa Grande\u201d, de Franz Schubert y la Sinfon\u00eda N.\u00ba 7 en La mayor Op. 92, de Ludwig van Beethoven.<\/strong><\/em><\/span><\/p>\n<p><span style=\"color: #333399;\"><em><strong>La Orquesta Estable del Teatro Col\u00f3n hizo su debut el 25 de mayo de 1925, con una funci\u00f3n de la \u00f3pera Tha\u00efs de Massenet. En esa oportunidad se celebraba el decimos\u00e9ptimo aniversario del Teatro Col\u00f3n, prestigioso recinto desde entonces. Con esta presentaci\u00f3n, la Orquesta comenz\u00f3 sus actividades hasta alcanzar una evoluci\u00f3n art\u00edstica que la llev\u00f3 a la fama y a tener prestigio dentro del pa\u00eds y en el mundo. Con ello, tambi\u00e9n inici\u00f3 un legado que se ha extendido por cien a\u00f1os.<\/strong><\/em><\/span><\/p>\n<p><span style=\"color: #333399;\"><em><strong>Entre las figuras que promovieron su permanencia durante este tiempo, se encuentran Carlos Noel, el presidente Marcelo Torcuato de Alvear y su esposa, la soprano Regina Pacini. Estas personalidades de la escena musical argentina consideraron que la creaci\u00f3n de la orquesta no s\u00f3lo dotar\u00eda al Teatro Col\u00f3n de un cuerpo musical propio y permanente, sino que tambi\u00e9n le dar\u00eda un perfil art\u00edstico m\u00e1s completo.<\/strong><\/em><\/span><\/p>\n<p><span style=\"color: #333399;\"><em><strong>Maestros c\u00e9lebres que han pasado por la Orquesta Estable<\/strong><\/em><\/span><\/p>\n<p><span style=\"color: #333399;\"><em><strong>Desde su creaci\u00f3n, la Orquesta Estable ha sido dirigida por c\u00e9lebres maestros, a saber: Tullio Serafin, Arturo Toscanini, Erich Kleiber, Herbert von Karajan y Wilhelm Furtw\u00e4ngler. Adem\u00e1s, sus actividades ha contemplado la colaboraci\u00f3n de destacados m\u00fasicos del mundo de la \u00f3pera y de la danza. Entre las colaboraciones que podemos citar se encuentran la de Maria Callas, Luciano Pavarotti, Rudolf Nureyev y Martha Argerich, por mencionar algunos ejemplos.<\/strong><\/em><\/span><\/p>\n<p><span style=\"color: #333399;\"><em><strong>El trabajo de la Orquesta ha sido incesante. Su repertorio se ha ampliado significativamente: 100 a\u00f1os han dado para experimentar diferentes puestas en escena con \u00e9xito. Muchas veces sus propuestas han trascendido las fronteras de la \u00f3pera para abarcar tambi\u00e9n m\u00fasica sinf\u00f3nica, sinf\u00f3nico-coral y contempor\u00e1nea. Si bien su talento les ha procurado la participaci\u00f3n en escenarios internacionales que han consolidado al Teatro Col\u00f3n como un referente mundial de la m\u00fasica cl\u00e1sica.<\/strong><\/em><\/span><\/p>\n<p><span style=\"color: #333399;\"><em><strong>En la celebraci\u00f3n de su centenario, la agrupaci\u00f3n desarrolla una temporada aniversario especial en la que participar\u00e1n destacados directores y solistas invitados. La actividad pretende reflejar tanto la pasi\u00f3n como el talento de las generaciones pasadas y presentes de sus artistas. Asimismo, pretende exaltar su dedicaci\u00f3n persistente a pesar de lo desaf\u00edos que ha tenido que afrontar para mantenerse en la escena cultural como un referente importante.<\/strong><\/em><\/span><\/p>\n<p><span style=\"color: #333399;\"><em><strong>Programa musical del concierto de apertura<\/strong><\/em><\/span><\/p>\n<p><span style=\"color: #333399;\"><em><strong>Franz Schubert<\/strong><\/em><\/span><\/p>\n<p><span style=\"color: #333399;\"><em><strong>Sinfon\u00eda N.\u00ba 9 en do mayor, D. 944 \u201cLa Grande\u201d<\/strong><\/em><\/span><\/p>\n<p><span style=\"color: #333399;\"><em><strong>I Andante \u2013 Allegro ma non troppo<\/strong><\/em><\/span><\/p>\n<p><span style=\"color: #333399;\"><em><strong>II Andante con moto<\/strong><\/em><\/span><\/p>\n<p><span style=\"color: #333399;\"><em><strong>III Scherzo. Allegro vivace<\/strong><\/em><\/span><\/p>\n<p><span style=\"color: #333399;\"><em><strong>IV Finale. Allegro vivace<\/strong><\/em><\/span><\/p>\n<p><span style=\"color: #333399;\"><em><strong>Ludwig van Beethoven<\/strong><\/em><\/span><\/p>\n<p><span style=\"color: #333399;\"><em><strong>Sinfon\u00eda N.\u00ba 7 en la mayor, Op. 92<\/strong><\/em><\/span><\/p>\n<p><span style=\"color: #333399;\"><em><strong>I Poco sostenuto \u2013 Vivace<\/strong><\/em><\/span><\/p>\n<p><span style=\"color: #333399;\"><em><strong>II Allegretto<\/strong><\/em><\/span><\/p>\n<p><span style=\"color: #333399;\"><em><strong>III Presto<\/strong><\/em><\/span><\/p>\n<p><span style=\"color: #333399;\"><em><strong>IV Allegro con brio<\/strong><\/em><\/span><\/p>\n<p><span style=\"color: #333399;\"><em><strong>* La Orquesta Estable del Teatro Col\u00f3n se presenta el martes 18 de febrero a las 20 hs. Las entradas ya est\u00e1n a la venta en la p\u00e1gina web del Teatro y en la boleter\u00eda (Tucum\u00e1n 1171, C. A. B. A.).<\/strong><\/em><\/span><\/p>\n<p><span style=\"color: #333399;\"><em><strong>F\/Infobae Argentina<\/strong><\/em><\/span><\/p>\n<p>&nbsp;<\/p>\n","protected":false},"excerpt":{"rendered":"<p>Por Jessica L. La Orquesta Estable del Teatro Col\u00f3n celebra su centenario con un concierto inaugural que marca el arranque de la temporada-aniversario. El concierto se dar\u00e1 el martes 18 de febrero a las 20 hs. La presentaci\u00f3n viene a demostrar el talento que los ha mantenido durante cien a\u00f1os en el centro de la escena, como una de las organizaciones musicales m\u00e1s prestigiosas de la Argentina y del mundo. Quienes est\u00e1n detr\u00e1s de la Orquesta Estable Seg\u00fan rese\u00f1a Infobae, la direcci\u00f3n de este concierto inaugural estar\u00e1 a cargo del maestro Evelino Pid\u00f2 y el programa incluir\u00e1 la Sinfon\u00eda N.\u00ba&#8230;<\/p>\n","protected":false},"author":1,"featured_media":65509,"comment_status":"open","ping_status":"open","sticky":false,"template":"","format":"standard","meta":{"footnotes":""},"categories":[85],"tags":[11846,10219,13177,227],"class_list":["post-65508","post","type-post","status-publish","format-standard","has-post-thumbnail","hentry","category-colum-invitados","tag-elenatejeradirectora","tag-semanarioturistamagazine","tag-teatrocolon","tag-argentina"],"_links":{"self":[{"href":"https:\/\/www.turistamagazine.com\/v2\/index.php?rest_route=\/wp\/v2\/posts\/65508","targetHints":{"allow":["GET"]}}],"collection":[{"href":"https:\/\/www.turistamagazine.com\/v2\/index.php?rest_route=\/wp\/v2\/posts"}],"about":[{"href":"https:\/\/www.turistamagazine.com\/v2\/index.php?rest_route=\/wp\/v2\/types\/post"}],"author":[{"embeddable":true,"href":"https:\/\/www.turistamagazine.com\/v2\/index.php?rest_route=\/wp\/v2\/users\/1"}],"replies":[{"embeddable":true,"href":"https:\/\/www.turistamagazine.com\/v2\/index.php?rest_route=%2Fwp%2Fv2%2Fcomments&post=65508"}],"version-history":[{"count":2,"href":"https:\/\/www.turistamagazine.com\/v2\/index.php?rest_route=\/wp\/v2\/posts\/65508\/revisions"}],"predecessor-version":[{"id":65511,"href":"https:\/\/www.turistamagazine.com\/v2\/index.php?rest_route=\/wp\/v2\/posts\/65508\/revisions\/65511"}],"wp:featuredmedia":[{"embeddable":true,"href":"https:\/\/www.turistamagazine.com\/v2\/index.php?rest_route=\/wp\/v2\/media\/65509"}],"wp:attachment":[{"href":"https:\/\/www.turistamagazine.com\/v2\/index.php?rest_route=%2Fwp%2Fv2%2Fmedia&parent=65508"}],"wp:term":[{"taxonomy":"category","embeddable":true,"href":"https:\/\/www.turistamagazine.com\/v2\/index.php?rest_route=%2Fwp%2Fv2%2Fcategories&post=65508"},{"taxonomy":"post_tag","embeddable":true,"href":"https:\/\/www.turistamagazine.com\/v2\/index.php?rest_route=%2Fwp%2Fv2%2Ftags&post=65508"}],"curies":[{"name":"wp","href":"https:\/\/api.w.org\/{rel}","templated":true}]}}