{"id":65391,"date":"2025-01-21T19:50:47","date_gmt":"2025-01-22T00:50:47","guid":{"rendered":"https:\/\/www.turistamagazine.com\/v2\/?p=65391"},"modified":"2025-01-21T19:50:47","modified_gmt":"2025-01-22T00:50:47","slug":"brasil-busca-robar-protagonismo-en-fitur-a-dominicana-y-mexico","status":"publish","type":"post","link":"https:\/\/www.turistamagazine.com\/v2\/?p=65391","title":{"rendered":"BRASIL BUSCA ROBAR PROTAGONISMO EN FITUR A DOMINICANA Y M\u00c9XICO"},"content":{"rendered":"<p style=\"text-align: justify;\"><span style=\"color: #333399;\"><em><strong>ESPA\u00d1A\/\/21\/01\/2025.-La Feria Internacional del Turismo (Fitur) que abrir\u00e1 sus puertas este mi\u00e9rcoles de la edici\u00f3n 45 y contar\u00e1 por primera vez con Brasil como pa\u00eds socio, para intentar captar parte de la atenci\u00f3n que en el evento concentran tradicionalmente Rep\u00fablica Dominicana y M\u00e9xico en la zona americana.<\/strong><\/em><\/span><\/p>\n<p style=\"text-align: justify;\"><span style=\"color: #333399;\"><em><strong>El stand brasile\u00f1o estar\u00e1 en el Pabell\u00f3n 3 de Ifema Madrid, donde expondr\u00e1 su diversidad tur\u00edstica, reuniendo destinos de todas sus regiones, aerol\u00edneas, operadores y cadenas hoteleras comprometidos con la innovaci\u00f3n y la excelencia.<\/strong><\/em><\/span><\/p>\n<p style=\"text-align: justify;\"><span style=\"color: #333399;\"><em><strong>De este modo, Fitur se presenta como el escenario estrat\u00e9gico \u00abclave\u00bb para que Brasil desarrolle su posicionamiento global, que seg\u00fan los \u00faltimos datos de Embratur ha elevado el n\u00famero de turistas internacionales recibido hasta octubre de 2024 un 13 % m\u00e1s respecto al mismo periodo de 2023.<\/strong><\/em><\/span><\/p>\n<p style=\"text-align: justify;\"><span style=\"color: #333399;\"><em><strong>Para el presidente de Embratur, Marcelo Freixo, aumentar la visibilidad del pa\u00eds en eventos internacionales es parte fundamental de la estrategia para ampliar la comercializaci\u00f3n de paquetes tur\u00edsticos con destinos brasile\u00f1os en el exterior.<\/strong><\/em><\/span><\/p>\n<p style=\"text-align: justify;\"><span style=\"color: #333399;\"><em><strong>\u201cLas ferias son momentos importantes para la promoci\u00f3n de Brasil en el exterior. Estas son las oportunidades para que los destinos y atractivos brasile\u00f1os, socios de Embratur en nuestros stands, se sienten con las principales agencias de turismo internacionales para cerrar negocios. Esto significa que m\u00e1s turistas vienen a visitar Brasil\u201d, reafirm\u00f3 el funcionario.<\/strong><\/em><\/span><\/p>\n<p style=\"text-align: justify;\"><span style=\"color: #333399;\"><em><strong>Brasil fue el pa\u00eds invitado en la \u00faltima edici\u00f3n de la FIT, y Julio Glinternick Bitelli, Embajador de Brasil en Argentina, hab\u00eda se\u00f1alado: \u201cEl turismo tiene un rol muy importante en la relaci\u00f3n bilateral<\/strong><\/em><\/span><\/p>\n<p style=\"text-align: justify;\"><span style=\"color: #333399;\"><em><strong>F\/ REPORTUR.com.ar;<\/strong><\/em><\/span><\/p>\n<p style=\"text-align: justify;\">\n","protected":false},"excerpt":{"rendered":"<p>ESPA\u00d1A\/\/21\/01\/2025.-La Feria Internacional del Turismo (Fitur) que abrir\u00e1 sus puertas este mi\u00e9rcoles de la edici\u00f3n 45 y contar\u00e1 por primera vez con Brasil como pa\u00eds socio, para intentar captar parte de la atenci\u00f3n que en el evento concentran tradicionalmente Rep\u00fablica Dominicana y M\u00e9xico en la zona americana. El stand brasile\u00f1o estar\u00e1 en el Pabell\u00f3n 3 de Ifema Madrid, donde expondr\u00e1 su diversidad tur\u00edstica, reuniendo destinos de todas sus regiones, aerol\u00edneas, operadores y cadenas hoteleras comprometidos con la innovaci\u00f3n y la excelencia. De este modo, Fitur se presenta como el escenario estrat\u00e9gico \u00abclave\u00bb para que Brasil desarrolle su posicionamiento global, que&#8230;<\/p>\n","protected":false},"author":1,"featured_media":65392,"comment_status":"open","ping_status":"open","sticky":false,"template":"","format":"standard","meta":{"footnotes":""},"categories":[4,84],"tags":[11846,13096,10219,115],"class_list":["post-65391","post","type-post","status-publish","format-standard","has-post-thumbnail","hentry","category-breaking-news","category-internacionales","tag-elenatejeradirectora","tag-fitur-2025","tag-semanarioturistamagazine","tag-brasil"],"_links":{"self":[{"href":"https:\/\/www.turistamagazine.com\/v2\/index.php?rest_route=\/wp\/v2\/posts\/65391","targetHints":{"allow":["GET"]}}],"collection":[{"href":"https:\/\/www.turistamagazine.com\/v2\/index.php?rest_route=\/wp\/v2\/posts"}],"about":[{"href":"https:\/\/www.turistamagazine.com\/v2\/index.php?rest_route=\/wp\/v2\/types\/post"}],"author":[{"embeddable":true,"href":"https:\/\/www.turistamagazine.com\/v2\/index.php?rest_route=\/wp\/v2\/users\/1"}],"replies":[{"embeddable":true,"href":"https:\/\/www.turistamagazine.com\/v2\/index.php?rest_route=%2Fwp%2Fv2%2Fcomments&post=65391"}],"version-history":[{"count":1,"href":"https:\/\/www.turistamagazine.com\/v2\/index.php?rest_route=\/wp\/v2\/posts\/65391\/revisions"}],"predecessor-version":[{"id":65393,"href":"https:\/\/www.turistamagazine.com\/v2\/index.php?rest_route=\/wp\/v2\/posts\/65391\/revisions\/65393"}],"wp:featuredmedia":[{"embeddable":true,"href":"https:\/\/www.turistamagazine.com\/v2\/index.php?rest_route=\/wp\/v2\/media\/65392"}],"wp:attachment":[{"href":"https:\/\/www.turistamagazine.com\/v2\/index.php?rest_route=%2Fwp%2Fv2%2Fmedia&parent=65391"}],"wp:term":[{"taxonomy":"category","embeddable":true,"href":"https:\/\/www.turistamagazine.com\/v2\/index.php?rest_route=%2Fwp%2Fv2%2Fcategories&post=65391"},{"taxonomy":"post_tag","embeddable":true,"href":"https:\/\/www.turistamagazine.com\/v2\/index.php?rest_route=%2Fwp%2Fv2%2Ftags&post=65391"}],"curies":[{"name":"wp","href":"https:\/\/api.w.org\/{rel}","templated":true}]}}