{"id":65359,"date":"2025-01-17T15:46:19","date_gmt":"2025-01-17T20:46:19","guid":{"rendered":"https:\/\/www.turistamagazine.com\/v2\/?p=65359"},"modified":"2025-01-17T15:46:19","modified_gmt":"2025-01-17T20:46:19","slug":"alertan-de-riesgo-de-colisiones-en-el-nuevo-aeropuerto-jorge-chavez-mtc-responde","status":"publish","type":"post","link":"https:\/\/www.turistamagazine.com\/v2\/?p=65359","title":{"rendered":"ALERTAN DE RIESGO DE COLISIONES EN EL NUEVO AEROPUERTO JORGE CH\u00c1VEZ: MTC RESPONDE"},"content":{"rendered":"<p style=\"text-align: center;\"><em><strong><span style=\"color: #333399;\">Un informe de una aerol\u00ednea revelar\u00eda que se estaba contemplando un menor espacio para las maniobras de los aviones y estacionamiento de veh\u00edculos en la nueva terminal que ha sido postergada una vez m\u00e1s<\/span><\/strong><\/em><\/p>\n<p style=\"text-align: justify;\"><span style=\"color: #333399;\"><em><strong>CALLAO\/PERU\/17\/01\/2025.-La inauguraci\u00f3n del Nuevo Aeropuerto Jorge Ch\u00e1vez ha sido pospuesta una vez m\u00e1s, tras la preocupaci\u00f3n de que algunas obras culminen a tiempo y medidas en seguridad en el nuevo complejo. As\u00ed el Primer Ministro, Gustavo Adrianz\u00e9n, revel\u00f3 qu\u00e9 habr\u00eda detr\u00e1s de la revisi\u00f3n de la fecha anterior de apertura, del 29 de enero.<\/strong><\/em><\/span><\/p>\n<p style=\"text-align: justify;\"><span style=\"color: #333399;\"><em><strong>\u201cSomos consciente que, de acuerdo con el contrato, se hab\u00eda previsto que el d\u00eda 29 de enero se produzca esta inauguraci\u00f3n, no obstante, ha habido retrasos que podr\u00edan considerarse objeto de una atenci\u00f3n especial para poder revisar esta fecha. El aeropuerto solo ser\u00e1 inaugurado cuando solo tengamos absoluta certeza de que todas las pr\u00e1cticas vinculadas al aeropuerto y sus operaciones est\u00e9n 100% certificadas\u201d, agreg\u00f3.<\/strong><\/em><\/span><\/p>\n<p><a href=\"https:\/\/www.turistamagazine.com\/v2\/wp-content\/uploads\/2025\/01\/Aeropuerto-J.Ch_.jpg\"><img decoding=\"async\" class=\"wp-image-65360 aligncenter\" src=\"https:\/\/www.turistamagazine.com\/v2\/wp-content\/uploads\/2025\/01\/Aeropuerto-J.Ch_.jpg\" alt=\"\" width=\"500\" height=\"500\" srcset=\"https:\/\/www.turistamagazine.com\/v2\/wp-content\/uploads\/2025\/01\/Aeropuerto-J.Ch_.jpg 350w, https:\/\/www.turistamagazine.com\/v2\/wp-content\/uploads\/2025\/01\/Aeropuerto-J.Ch_-300x300.jpg 300w, https:\/\/www.turistamagazine.com\/v2\/wp-content\/uploads\/2025\/01\/Aeropuerto-J.Ch_-150x150.jpg 150w\" sizes=\"(max-width: 500px) 100vw, 500px\" \/><\/a><\/p>\n<p style=\"text-align: justify;\"><span style=\"color: #333399;\"><em><strong>As\u00ed, la nueva fecha es el 30 de marzo, a\u00fan dos meses m\u00e1s tras la anterior, un tiempo mayor de postergaci\u00f3n que el anterior \u2014antes se hab\u00eda pasado del 18 de diciembre al 29 de enero\u2014. Sin embargo, seg\u00fan un informe de una aerol\u00ednea, revelado por Am\u00e9rica TV Noticias, el nuevo terminal tendr\u00eda un menor espacio para realizar ciertas maniobras, lo que aumentar\u00eda su riesgo de colisi\u00f3n.<\/strong><\/em><\/span><\/p>\n","protected":false},"excerpt":{"rendered":"<p>Un informe de una aerol\u00ednea revelar\u00eda que se estaba contemplando un menor espacio para las maniobras de los aviones y estacionamiento de veh\u00edculos en la nueva terminal que ha sido postergada una vez m\u00e1s CALLAO\/PERU\/17\/01\/2025.-La inauguraci\u00f3n del Nuevo Aeropuerto Jorge Ch\u00e1vez ha sido pospuesta una vez m\u00e1s, tras la preocupaci\u00f3n de que algunas obras culminen a tiempo y medidas en seguridad en el nuevo complejo. As\u00ed el Primer Ministro, Gustavo Adrianz\u00e9n, revel\u00f3 qu\u00e9 habr\u00eda detr\u00e1s de la revisi\u00f3n de la fecha anterior de apertura, del 29 de enero. \u201cSomos consciente que, de acuerdo con el contrato, se hab\u00eda previsto que&#8230;<\/p>\n","protected":false},"author":1,"featured_media":63685,"comment_status":"open","ping_status":"open","sticky":false,"template":"","format":"standard","meta":{"footnotes":""},"categories":[4,82],"tags":[11846,13149,10219],"class_list":["post-65359","post","type-post","status-publish","format-standard","has-post-thumbnail","hentry","category-breaking-news","category-nacionales","tag-elenatejeradirectora","tag-nievoretrazoaeropuertojorgechavez","tag-semanarioturistamagazine"],"_links":{"self":[{"href":"https:\/\/www.turistamagazine.com\/v2\/index.php?rest_route=\/wp\/v2\/posts\/65359","targetHints":{"allow":["GET"]}}],"collection":[{"href":"https:\/\/www.turistamagazine.com\/v2\/index.php?rest_route=\/wp\/v2\/posts"}],"about":[{"href":"https:\/\/www.turistamagazine.com\/v2\/index.php?rest_route=\/wp\/v2\/types\/post"}],"author":[{"embeddable":true,"href":"https:\/\/www.turistamagazine.com\/v2\/index.php?rest_route=\/wp\/v2\/users\/1"}],"replies":[{"embeddable":true,"href":"https:\/\/www.turistamagazine.com\/v2\/index.php?rest_route=%2Fwp%2Fv2%2Fcomments&post=65359"}],"version-history":[{"count":1,"href":"https:\/\/www.turistamagazine.com\/v2\/index.php?rest_route=\/wp\/v2\/posts\/65359\/revisions"}],"predecessor-version":[{"id":65361,"href":"https:\/\/www.turistamagazine.com\/v2\/index.php?rest_route=\/wp\/v2\/posts\/65359\/revisions\/65361"}],"wp:featuredmedia":[{"embeddable":true,"href":"https:\/\/www.turistamagazine.com\/v2\/index.php?rest_route=\/wp\/v2\/media\/63685"}],"wp:attachment":[{"href":"https:\/\/www.turistamagazine.com\/v2\/index.php?rest_route=%2Fwp%2Fv2%2Fmedia&parent=65359"}],"wp:term":[{"taxonomy":"category","embeddable":true,"href":"https:\/\/www.turistamagazine.com\/v2\/index.php?rest_route=%2Fwp%2Fv2%2Fcategories&post=65359"},{"taxonomy":"post_tag","embeddable":true,"href":"https:\/\/www.turistamagazine.com\/v2\/index.php?rest_route=%2Fwp%2Fv2%2Ftags&post=65359"}],"curies":[{"name":"wp","href":"https:\/\/api.w.org\/{rel}","templated":true}]}}