{"id":6532,"date":"2014-08-08T09:45:34","date_gmt":"2014-08-08T14:45:34","guid":{"rendered":"http:\/\/www.turistamagazine.com\/v2\/?p=6532"},"modified":"2014-08-08T09:45:34","modified_gmt":"2014-08-08T14:45:34","slug":"peru-inauguracion-y-premiacion-del-18-festival-de-cine-de-lima-por-tv-peru","status":"publish","type":"post","link":"https:\/\/www.turistamagazine.com\/v2\/?p=6532","title":{"rendered":"PERU: INAUGURACI\u00d3N Y PREMIACI\u00d3N DEL \u00ab18 FESTIVAL DE CINE DE LIMA\u00bb POR TV PER\u00da"},"content":{"rendered":"<p style=\"text-align: justify;\">La inauguraci\u00f3n del \u00ab18 festival de Cine de Lima 2014\u00bb ser\u00e1 transmitido hoy, por primera vez, en vivo y en directo, desde el Gran Teatro Nacional de Lima;a trav\u00e9s de la se\u00f1al de TV Per\u00fa, a las 8 y 45 de la noche.<\/p>\n<p style=\"text-align: justify;\">Esta ser\u00e1 la primera vez que\u00a0 el Per\u00fa ser\u00e1 testigo de uno de los festivales m\u00e1s importantes de Latinoam\u00e9rica, principal vitrina de directores, actores, creadores cinematogr\u00e1ficos nacionales y extranjeros.<\/p>\n<p style=\"text-align: justify;\">TV Per\u00fa transmitir\u00e1 adem\u00e1s la gala de premiaci\u00f3n el s\u00e1bado 16 de agosto, desde las 8 de la noche, donde conoceremos las pel\u00edculas que ser\u00e1n galardonadas por los diversos jurados en competencia, de acuerdo a las categor\u00edas en donde participaron.<\/p>\n<p style=\"text-align: justify;\">\u00a0Y en el marco de este festival, se emitir\u00e1n pel\u00edculas sin cortes comerciales, por TV Per\u00fa, durante la duraci\u00f3n del evento cin\u00e9fil; en el horario de las 10 de la noche.<\/p>\n<p style=\"text-align: justify;\">As\u00ed se difundir\u00e1 un ciclo de pel\u00edculas latinoamericanas. El p\u00fablico podr\u00e1 apreciar diversas producciones\u00a0 como \u201cChicogrande\u201d (M\u00e9xico), \u201cContracorriente\u201d (Per\u00fa), \u201cCr\u00f3nica de una fuga\u201d (Argentina), \u201cDioses\u201d (Per\u00fa), \u201cAcn\u00e9\u201d (Uruguay), \u201cLas malas intenciones\u201d (Per\u00fa), \u201cLa Comunidad\u201d (Espa\u00f1a) y \u201cPara\u00edso\u201d (Per\u00fa). odas ellas son pel\u00edculas reconocidas que han conseguido premios en sus pa\u00edses de origen, as\u00ed como en el extranjero.<\/p>\n<p style=\"text-align: justify;\">La primera entrega ser\u00e1 el viernes 8 a las 10 de la noche, con la pel\u00edcula mexicana \u201cChicogrande\u201d del director Felipe Cazals.<\/p>\n<p style=\"text-align: justify;\">El s\u00e1bado 9 continuamos con el estreno en la televisi\u00f3n nacional de \u201cContracorriente\u201d de Javier Fuentes-Le\u00f3n,\u00a0 con la participaci\u00f3n de Tatiana Astengo, Manolo Cardona y Jos\u00e9 Chacaltana.<\/p>\n<p style=\"text-align: justify;\">Las dem\u00e1s pel\u00edculas ser\u00e1n emitidas en las fechas que a continuaci\u00f3n se indican: \u201cCr\u00f3nica de una Fuga\u201d 11 de agosto, \u201cDioses\u201d 12 de agosto, \u201cAcn\u00e9\u201d 13 de agosto, \u201cLas malas intenciones\u201d 14 de agosto,\u201cLa Comunidad\u201d 15 de agosto y \u201cPara\u00edso\u201d 16 de agosto.<\/p>\n<p style=\"text-align: justify;\">F\/ Andina<\/p>\n","protected":false},"excerpt":{"rendered":"<p>La inauguraci\u00f3n del \u00ab18 festival de Cine de Lima 2014\u00bb ser\u00e1 transmitido hoy, por primera vez, en vivo y en directo, desde el Gran Teatro Nacional de Lima;a trav\u00e9s de la se\u00f1al de TV Per\u00fa, a las 8 y 45 de la noche. Esta ser\u00e1 la primera vez que\u00a0 el Per\u00fa ser\u00e1 testigo de uno de los festivales m\u00e1s importantes de Latinoam\u00e9rica, principal vitrina de directores, actores, creadores cinematogr\u00e1ficos nacionales y extranjeros. TV Per\u00fa transmitir\u00e1 adem\u00e1s la gala de premiaci\u00f3n el s\u00e1bado 16 de agosto, desde las 8 de la noche, donde conoceremos las pel\u00edculas que ser\u00e1n galardonadas por los&#8230;<\/p>\n","protected":false},"author":1,"featured_media":0,"comment_status":"open","ping_status":"open","sticky":false,"template":"","format":"standard","meta":{"footnotes":""},"categories":[4,82],"tags":[2484],"class_list":["post-6532","post","type-post","status-publish","format-standard","hentry","category-breaking-news","category-nacionales","tag-18-festival-de-cine-de-lima-2014"],"_links":{"self":[{"href":"https:\/\/www.turistamagazine.com\/v2\/index.php?rest_route=\/wp\/v2\/posts\/6532","targetHints":{"allow":["GET"]}}],"collection":[{"href":"https:\/\/www.turistamagazine.com\/v2\/index.php?rest_route=\/wp\/v2\/posts"}],"about":[{"href":"https:\/\/www.turistamagazine.com\/v2\/index.php?rest_route=\/wp\/v2\/types\/post"}],"author":[{"embeddable":true,"href":"https:\/\/www.turistamagazine.com\/v2\/index.php?rest_route=\/wp\/v2\/users\/1"}],"replies":[{"embeddable":true,"href":"https:\/\/www.turistamagazine.com\/v2\/index.php?rest_route=%2Fwp%2Fv2%2Fcomments&post=6532"}],"version-history":[{"count":2,"href":"https:\/\/www.turistamagazine.com\/v2\/index.php?rest_route=\/wp\/v2\/posts\/6532\/revisions"}],"predecessor-version":[{"id":6534,"href":"https:\/\/www.turistamagazine.com\/v2\/index.php?rest_route=\/wp\/v2\/posts\/6532\/revisions\/6534"}],"wp:attachment":[{"href":"https:\/\/www.turistamagazine.com\/v2\/index.php?rest_route=%2Fwp%2Fv2%2Fmedia&parent=6532"}],"wp:term":[{"taxonomy":"category","embeddable":true,"href":"https:\/\/www.turistamagazine.com\/v2\/index.php?rest_route=%2Fwp%2Fv2%2Fcategories&post=6532"},{"taxonomy":"post_tag","embeddable":true,"href":"https:\/\/www.turistamagazine.com\/v2\/index.php?rest_route=%2Fwp%2Fv2%2Ftags&post=6532"}],"curies":[{"name":"wp","href":"https:\/\/api.w.org\/{rel}","templated":true}]}}