{"id":6525,"date":"2014-08-08T09:41:37","date_gmt":"2014-08-08T14:41:37","guid":{"rendered":"http:\/\/www.turistamagazine.com\/v2\/?p=6525"},"modified":"2014-08-08T09:41:37","modified_gmt":"2014-08-08T14:41:37","slug":"peru-ana-jara-agradece-al-ppc-su-apertura-democratica-al-dialogo-en-inicio-de-ronda-de-conversaciones-con-grupos-politicos","status":"publish","type":"post","link":"https:\/\/www.turistamagazine.com\/v2\/?p=6525","title":{"rendered":"PERU: ANA JARA AGRADECE AL PPC SU APERTURA DEMOCR\u00c1TICA AL DI\u00c1LOGO EN INICIO DE RONDA DE CONVERSACIONES CON GRUPOS POL\u00cdTICOS"},"content":{"rendered":"<p>La jefa del Gabinete Ministerial, Ana Jara, agradeci\u00f3 a los l\u00edderes del Partido Popular Cristiano (PPC) su apertura democr\u00e1tica al di\u00e1logo, en el inicio de la ronda de conversaciones que llevar\u00e1 a cabo con las agrupaciones pol\u00edticas. En dicho encuentro, Jara Vel\u00e1squez convers\u00f3 con el l\u00edder hist\u00f3rico del PPC, Luis Bedoya Reyes, y la lideresa Lourdes Flores Nano.<\/p>\n<p><em><strong><span><span style=\"color: #000080;\">Nos parece excelente esta apertura de Ana Jara, \u00a0eso es lo que se debe hacer tratar de unificar criterios en bien del pa\u00eds, y lograr\u00a0los\u00a0mejores resultados no importan que partido lo logre, sobre todo conversar con Luis Bedoya Reyes, un pol\u00edtico de lujo y con tanta experiencia y clarividencia no obstante sus m\u00e1s de 90 a\u00f1os\u2026 Bien hecho Ana\u2026<\/span><\/span><\/strong><\/em><\/p>\n<p>F\/ Andina<\/p>\n","protected":false},"excerpt":{"rendered":"<p>La jefa del Gabinete Ministerial, Ana Jara, agradeci\u00f3 a los l\u00edderes del Partido Popular Cristiano (PPC) su apertura democr\u00e1tica al di\u00e1logo, en el inicio de la ronda de conversaciones que llevar\u00e1 a cabo con las agrupaciones pol\u00edticas. En dicho encuentro, Jara Vel\u00e1squez convers\u00f3 con el l\u00edder hist\u00f3rico del PPC, Luis Bedoya Reyes, y la lideresa Lourdes Flores Nano. Nos parece excelente esta apertura de Ana Jara, \u00a0eso es lo que se debe hacer tratar de unificar criterios en bien del pa\u00eds, y lograr\u00a0los\u00a0mejores resultados no importan que partido lo logre, sobre todo conversar con Luis Bedoya Reyes, un pol\u00edtico de&#8230;<\/p>\n","protected":false},"author":1,"featured_media":0,"comment_status":"open","ping_status":"open","sticky":false,"template":"","format":"standard","meta":{"footnotes":""},"categories":[4,82],"tags":[2481,2483,2482],"class_list":["post-6525","post","type-post","status-publish","format-standard","hentry","category-breaking-news","category-nacionales","tag-ana-jara","tag-lourdes-flores-nano","tag-luis-bedoya-reyes"],"_links":{"self":[{"href":"https:\/\/www.turistamagazine.com\/v2\/index.php?rest_route=\/wp\/v2\/posts\/6525","targetHints":{"allow":["GET"]}}],"collection":[{"href":"https:\/\/www.turistamagazine.com\/v2\/index.php?rest_route=\/wp\/v2\/posts"}],"about":[{"href":"https:\/\/www.turistamagazine.com\/v2\/index.php?rest_route=\/wp\/v2\/types\/post"}],"author":[{"embeddable":true,"href":"https:\/\/www.turistamagazine.com\/v2\/index.php?rest_route=\/wp\/v2\/users\/1"}],"replies":[{"embeddable":true,"href":"https:\/\/www.turistamagazine.com\/v2\/index.php?rest_route=%2Fwp%2Fv2%2Fcomments&post=6525"}],"version-history":[{"count":3,"href":"https:\/\/www.turistamagazine.com\/v2\/index.php?rest_route=\/wp\/v2\/posts\/6525\/revisions"}],"predecessor-version":[{"id":6531,"href":"https:\/\/www.turistamagazine.com\/v2\/index.php?rest_route=\/wp\/v2\/posts\/6525\/revisions\/6531"}],"wp:attachment":[{"href":"https:\/\/www.turistamagazine.com\/v2\/index.php?rest_route=%2Fwp%2Fv2%2Fmedia&parent=6525"}],"wp:term":[{"taxonomy":"category","embeddable":true,"href":"https:\/\/www.turistamagazine.com\/v2\/index.php?rest_route=%2Fwp%2Fv2%2Fcategories&post=6525"},{"taxonomy":"post_tag","embeddable":true,"href":"https:\/\/www.turistamagazine.com\/v2\/index.php?rest_route=%2Fwp%2Fv2%2Ftags&post=6525"}],"curies":[{"name":"wp","href":"https:\/\/api.w.org\/{rel}","templated":true}]}}