{"id":65149,"date":"2024-12-17T13:15:00","date_gmt":"2024-12-17T18:15:00","guid":{"rendered":"https:\/\/www.turistamagazine.com\/v2\/?p=65149"},"modified":"2024-12-17T13:15:00","modified_gmt":"2024-12-17T18:15:00","slug":"calle-dario-moreno-un-icono-de-izmir","status":"publish","type":"post","link":"https:\/\/www.turistamagazine.com\/v2\/?p=65149","title":{"rendered":"CALLE DAR\u00cdO MORENO, UN ICONO DE IZMIR"},"content":{"rendered":"<p style=\"text-align: justify;\"><span style=\"color: #333399;\"><em><strong>Por Juan A. Narro Pri*<\/strong><\/em><\/span><\/p>\n<p style=\"text-align: justify;\"><span style=\"color: #333399;\"><em><strong>Recorriendo esta bella ciudad costera de Turqu\u00eda, la tercera en poblaci\u00f3n del pa\u00eds, supe de uno de sus personajes m\u00e1s famosos del siglo pasado.<\/strong><\/em><\/span><\/p>\n<p><a href=\"https:\/\/www.turistamagazine.com\/v2\/wp-content\/uploads\/2024\/12\/mapa.jpg\"><img decoding=\"async\" class=\"wp-image-65154 aligncenter\" src=\"https:\/\/www.turistamagazine.com\/v2\/wp-content\/uploads\/2024\/12\/mapa.jpg\" alt=\"\" width=\"630\" height=\"315\" srcset=\"https:\/\/www.turistamagazine.com\/v2\/wp-content\/uploads\/2024\/12\/mapa.jpg 639w, https:\/\/www.turistamagazine.com\/v2\/wp-content\/uploads\/2024\/12\/mapa-300x150.jpg 300w, https:\/\/www.turistamagazine.com\/v2\/wp-content\/uploads\/2024\/12\/mapa-610x305.jpg 610w\" sizes=\"(max-width: 630px) 100vw, 630px\" \/><\/a><\/p>\n<p style=\"text-align: justify;\"><span style=\"color: #333399;\"><em><strong>\u00a0Se trata del polifac\u00e9tico (porque era cantante, actor, compositor, letrista, etc.) David Arugete Moreno, art\u00edsticamente conocido como Dar\u00edo Moreno.<\/strong><\/em><\/span><\/p>\n<p style=\"text-align: justify;\"><span style=\"color: #333399;\"><em><strong>\u00a0Un hombre que llevaba siempre en su coraz\u00f3n (pas\u00f3 aqu\u00ed parte de su infancia y juventud) la ciudad de Izmir donde vivi\u00f3 durante alg\u00fan tiempo.<\/strong><\/em><\/span><\/p>\n<div id=\"attachment_65150\" style=\"width: 640px\" class=\"wp-caption aligncenter\"><a href=\"https:\/\/www.turistamagazine.com\/v2\/wp-content\/uploads\/2024\/12\/Calle-1.jpg\"><img decoding=\"async\" aria-describedby=\"caption-attachment-65150\" class=\"wp-image-65150\" src=\"https:\/\/www.turistamagazine.com\/v2\/wp-content\/uploads\/2024\/12\/Calle-1.jpg\" alt=\"\" width=\"630\" height=\"473\" srcset=\"https:\/\/www.turistamagazine.com\/v2\/wp-content\/uploads\/2024\/12\/Calle-1.jpg 800w, https:\/\/www.turistamagazine.com\/v2\/wp-content\/uploads\/2024\/12\/Calle-1-300x225.jpg 300w, https:\/\/www.turistamagazine.com\/v2\/wp-content\/uploads\/2024\/12\/Calle-1-768x576.jpg 768w, https:\/\/www.turistamagazine.com\/v2\/wp-content\/uploads\/2024\/12\/Calle-1-560x420.jpg 560w\" sizes=\"(max-width: 630px) 100vw, 630px\" \/><\/a><p id=\"caption-attachment-65150\" class=\"wp-caption-text\"><span style=\"color: #333399;\"><em><strong>En recuerdo de tan gran artista (que falleci\u00f3 en 1968) esta ciudad, de m\u00e1s de tres millones de habitantes, puso su nombre a una de sus calles.<\/strong><\/em><\/span><\/p><\/div>\n<p style=\"text-align: justify;\"><span style=\"color: #333399;\"><em><strong>\u00a0 <\/strong><\/em><\/span><span style=\"color: #333399;\"><em><strong>Lo curioso de esta peque\u00f1a v\u00eda peatonal es que se ha convertido en uno de los reclamos tur\u00edsticos de Izmir.<\/strong><\/em><\/span><\/p>\n<p style=\"text-align: justify;\"><span style=\"color: #333399;\"><em><strong>\u00a0Tendremos que transitarla si queremos subir por su famoso \u201cAsans\u00f6r\u201d, un precioso elevador de cuarenta metros de altura, tambi\u00e9n s\u00edmbolo inequ\u00edvoco de Izmir, construido en 1917 para sortear las dificultades orogr\u00e1ficas y el desnivel de esta parte de la ciudad. Pasear por la calle Dar\u00edo Moreno, en una de cuyas casas vivi\u00f3, es mantener vivo el legado de esta gran estrella de la m\u00fasica, cuya fama traspas\u00f3 las fronteras del pa\u00eds.<\/strong><\/em><\/span><\/p>\n<p><a href=\"https:\/\/www.turistamagazine.com\/v2\/wp-content\/uploads\/2024\/12\/calle5.jpg\"><img decoding=\"async\" class=\"wp-image-65155 aligncenter\" src=\"https:\/\/www.turistamagazine.com\/v2\/wp-content\/uploads\/2024\/12\/calle5.jpg\" alt=\"\" width=\"400\" height=\"533\" srcset=\"https:\/\/www.turistamagazine.com\/v2\/wp-content\/uploads\/2024\/12\/calle5.jpg 480w, https:\/\/www.turistamagazine.com\/v2\/wp-content\/uploads\/2024\/12\/calle5-225x300.jpg 225w, https:\/\/www.turistamagazine.com\/v2\/wp-content\/uploads\/2024\/12\/calle5-315x420.jpg 315w\" sizes=\"(max-width: 400px) 100vw, 400px\" \/><\/a><\/p>\n<p style=\"text-align: justify;\"><span style=\"color: #333399;\"><em><strong>\u00a0Descubriremos una secuencia de coquetas casas tradicionales, la mayor\u00eda restauradas, que dan una nueva vida y mucha animaci\u00f3n a esta zona. A pesar de sus peque\u00f1as dimensiones, esta pintoresca calle, estrecha y casi siempre sombreada, ofrece un ambiente ciertamente \u00fanico.<\/strong><\/em><\/span><\/p>\n<p style=\"text-align: justify;\"><span style=\"color: #333399;\"><em><strong>\u00a0 Lo primero que sorprende es su llamativo colorido, mires por donde mires. Un bonito puzle multicolor formado por algunos murales en las paredes y numerosos restaurantes y cafeter\u00edas con una variopinta decoraci\u00f3n (en puertas, ventanas, \u00e1rboles, mesas y sillas).<\/strong><\/em><\/span><\/p>\n<p><a href=\"https:\/\/www.turistamagazine.com\/v2\/wp-content\/uploads\/2024\/12\/calle3.jpg\"><img decoding=\"async\" class=\"wp-image-65156 size-full aligncenter\" src=\"https:\/\/www.turistamagazine.com\/v2\/wp-content\/uploads\/2024\/12\/calle3.jpg\" alt=\"\" width=\"480\" height=\"640\" srcset=\"https:\/\/www.turistamagazine.com\/v2\/wp-content\/uploads\/2024\/12\/calle3.jpg 480w, https:\/\/www.turistamagazine.com\/v2\/wp-content\/uploads\/2024\/12\/calle3-225x300.jpg 225w, https:\/\/www.turistamagazine.com\/v2\/wp-content\/uploads\/2024\/12\/calle3-315x420.jpg 315w\" sizes=\"(max-width: 480px) 100vw, 480px\" \/><\/a><\/p>\n<p style=\"text-align: justify;\"><span style=\"color: #333399;\"><em><strong>\u00a0\u00a0\u00a0\u00a0 No cabe duda que todo ello ayuda a crear este singular escenario urbano que es una parte importante del rico patrimonio cultural e hist\u00f3rico de esta bella urbe.<\/strong><\/em><\/span><\/p>\n<p style=\"text-align: justify;\"><span style=\"color: #333399;\"><em><strong>\u00a0<\/strong><\/em><\/span><span style=\"color: #333399;\"><em><strong>\u00a0Su punto \u00e1lgido se encuentra la parte central donde un gran mural retratando al gran Dar\u00edo Moreno, pintado en una esquina por el joven y famoso artista callejero Aksel Meng\u00fc, se ha convertido en la fotograf\u00eda para el recuerdo de los turistas que hasta all\u00ed se acercan. Un dibujo, dicho sea de paso, que se pint\u00f3 para celebrar su \u201ccumplea\u00f1os\u201d n\u00famero cien.<\/strong><\/em><\/span><\/p>\n<div id=\"attachment_65157\" style=\"width: 640px\" class=\"wp-caption aligncenter\"><a href=\"https:\/\/www.turistamagazine.com\/v2\/wp-content\/uploads\/2024\/12\/Juan.jpg\"><img decoding=\"async\" aria-describedby=\"caption-attachment-65157\" class=\"wp-image-65157\" src=\"https:\/\/www.turistamagazine.com\/v2\/wp-content\/uploads\/2024\/12\/Juan.jpg\" alt=\"\" width=\"630\" height=\"473\" srcset=\"https:\/\/www.turistamagazine.com\/v2\/wp-content\/uploads\/2024\/12\/Juan.jpg 800w, https:\/\/www.turistamagazine.com\/v2\/wp-content\/uploads\/2024\/12\/Juan-300x225.jpg 300w, https:\/\/www.turistamagazine.com\/v2\/wp-content\/uploads\/2024\/12\/Juan-768x576.jpg 768w, https:\/\/www.turistamagazine.com\/v2\/wp-content\/uploads\/2024\/12\/Juan-560x420.jpg 560w\" sizes=\"(max-width: 630px) 100vw, 630px\" \/><\/a><p id=\"caption-attachment-65157\" class=\"wp-caption-text\"><span style=\"color: #333399;\"><em><strong>Una calle con personalidad, muy diferente a mucho de lo que vamos a encontrar en Izmir, y una visita imprescindible.<\/strong><\/em><\/span><\/p><\/div>\n<p style=\"text-align: justify;\"><span style=\"color: #333399;\"><em><strong>\u00a0\u00a0\u00a0 As\u00ed pues, \u00bfpor qu\u00e9 no hacer, mientras paseamos \u201cDar\u00edo Moreno Street \u201c, una peque\u00f1a parada y sentarnos a tomar un t\u00edpico caf\u00e9 turco o un t\u00e9?.<\/strong><\/em><\/span><\/p>\n<p style=\"text-align: justify;\"><span style=\"color: #333399;\"><em><strong>\u00a0\u00a0\u00a0 Advertir\u00e1 el lector, cuando est\u00e9 all\u00ed, que en la entrada de esta calle hay dos bustos. Uno, l\u00f3gicamente, es el del cantante que nos ocupa. El otro, corresponde al artista franc\u00e9s Enrico Macias, tambi\u00e9n un enamorado de Izmir<\/strong><\/em><\/span><\/p>\n<div id=\"attachment_65158\" style=\"width: 410px\" class=\"wp-caption aligncenter\"><a href=\"https:\/\/www.turistamagazine.com\/v2\/wp-content\/uploads\/2024\/12\/calle4.jpg\"><img decoding=\"async\" aria-describedby=\"caption-attachment-65158\" class=\"wp-image-65158\" src=\"https:\/\/www.turistamagazine.com\/v2\/wp-content\/uploads\/2024\/12\/calle4.jpg\" alt=\"\" width=\"400\" height=\"533\" srcset=\"https:\/\/www.turistamagazine.com\/v2\/wp-content\/uploads\/2024\/12\/calle4.jpg 480w, https:\/\/www.turistamagazine.com\/v2\/wp-content\/uploads\/2024\/12\/calle4-225x300.jpg 225w, https:\/\/www.turistamagazine.com\/v2\/wp-content\/uploads\/2024\/12\/calle4-315x420.jpg 315w\" sizes=\"(max-width: 400px) 100vw, 400px\" \/><\/a><p id=\"caption-attachment-65158\" class=\"wp-caption-text\"><span style=\"color: #333399;\"><em><strong>Calle Dar\u00edo Moreno, un icono de Izmir<\/strong><\/em><\/span><\/p><\/div>\n<p style=\"text-align: justify;\"><span style=\"color: #333399;\"><em><strong>Director de Narrogeographic<\/strong><\/em><\/span><\/p>\n<p>&nbsp;<\/p>\n","protected":false},"excerpt":{"rendered":"<p>Por Juan A. Narro Pri* Recorriendo esta bella ciudad costera de Turqu\u00eda, la tercera en poblaci\u00f3n del pa\u00eds, supe de uno de sus personajes m\u00e1s famosos del siglo pasado. \u00a0Se trata del polifac\u00e9tico (porque era cantante, actor, compositor, letrista, etc.) David Arugete Moreno, art\u00edsticamente conocido como Dar\u00edo Moreno. \u00a0Un hombre que llevaba siempre en su coraz\u00f3n (pas\u00f3 aqu\u00ed parte de su infancia y juventud) la ciudad de Izmir donde vivi\u00f3 durante alg\u00fan tiempo. \u00a0 Lo curioso de esta peque\u00f1a v\u00eda peatonal es que se ha convertido en uno de los reclamos tur\u00edsticos de Izmir. \u00a0Tendremos que transitarla si queremos subir&#8230;<\/p>\n","protected":false},"author":1,"featured_media":65153,"comment_status":"open","ping_status":"open","sticky":false,"template":"","format":"standard","meta":{"footnotes":""},"categories":[85],"tags":[11846,13111,10219],"class_list":["post-65149","post","type-post","status-publish","format-standard","has-post-thumbnail","hentry","category-colum-invitados","tag-elenatejeradirectora","tag-juana-narropri","tag-semanarioturistamagazine"],"_links":{"self":[{"href":"https:\/\/www.turistamagazine.com\/v2\/index.php?rest_route=\/wp\/v2\/posts\/65149","targetHints":{"allow":["GET"]}}],"collection":[{"href":"https:\/\/www.turistamagazine.com\/v2\/index.php?rest_route=\/wp\/v2\/posts"}],"about":[{"href":"https:\/\/www.turistamagazine.com\/v2\/index.php?rest_route=\/wp\/v2\/types\/post"}],"author":[{"embeddable":true,"href":"https:\/\/www.turistamagazine.com\/v2\/index.php?rest_route=\/wp\/v2\/users\/1"}],"replies":[{"embeddable":true,"href":"https:\/\/www.turistamagazine.com\/v2\/index.php?rest_route=%2Fwp%2Fv2%2Fcomments&post=65149"}],"version-history":[{"count":2,"href":"https:\/\/www.turistamagazine.com\/v2\/index.php?rest_route=\/wp\/v2\/posts\/65149\/revisions"}],"predecessor-version":[{"id":65159,"href":"https:\/\/www.turistamagazine.com\/v2\/index.php?rest_route=\/wp\/v2\/posts\/65149\/revisions\/65159"}],"wp:featuredmedia":[{"embeddable":true,"href":"https:\/\/www.turistamagazine.com\/v2\/index.php?rest_route=\/wp\/v2\/media\/65153"}],"wp:attachment":[{"href":"https:\/\/www.turistamagazine.com\/v2\/index.php?rest_route=%2Fwp%2Fv2%2Fmedia&parent=65149"}],"wp:term":[{"taxonomy":"category","embeddable":true,"href":"https:\/\/www.turistamagazine.com\/v2\/index.php?rest_route=%2Fwp%2Fv2%2Fcategories&post=65149"},{"taxonomy":"post_tag","embeddable":true,"href":"https:\/\/www.turistamagazine.com\/v2\/index.php?rest_route=%2Fwp%2Fv2%2Ftags&post=65149"}],"curies":[{"name":"wp","href":"https:\/\/api.w.org\/{rel}","templated":true}]}}