{"id":65134,"date":"2024-12-15T16:29:13","date_gmt":"2024-12-15T21:29:13","guid":{"rendered":"https:\/\/www.turistamagazine.com\/v2\/?p=65134"},"modified":"2024-12-15T16:29:13","modified_gmt":"2024-12-15T21:29:13","slug":"latam-abre-escuela-en-brasil-para-formar-nuevos-mecanicos-aeronauticos","status":"publish","type":"post","link":"https:\/\/www.turistamagazine.com\/v2\/?p=65134","title":{"rendered":"LATAM ABRE ESCUELA EN BRASIL PARA FORMAR NUEVOS MEC\u00c1NICOS AERON\u00c1UTICOS"},"content":{"rendered":"<p style=\"text-align: justify;\"><span style=\"color: #333399;\"><em><strong>BRASIL\/15\/12\/2024.-LATAM acaba de inaugurar la LATAM School en Brasil, cuya primera promoci\u00f3n estar\u00e1 compuesta por 70 empleados becados por la propia compa\u00f1\u00eda. Las clases ser\u00e1n presenciales en S\u00e3o Carlos (SP) y comenzar\u00e1n en enero de 2025. Con la presencia de autoridades y ejecutivos, el programa fue anunciado en un acto en LATAM MRO en S\u00e3o Carlos (SP), el mayor centro de mantenimiento aeron\u00e1utico de Am\u00e9rica do Sul. En LATAM MRO, de hecho, la empresa acaba de invertir R$ 40 millones en la construcci\u00f3n de un nuevo hangar, con capacidad de generar hasta 300 puestos de trabajo.<\/strong><\/em><\/span><\/p>\n<p style=\"text-align: justify;\"><span style=\"color: #333399;\"><em><strong>\u201cLa Escuela LATAM naci\u00f3 en el principal Centro de Mantenimiento del Grupo LATAM, que es el MRO en S\u00e3o Carlos. Este es un verdadero centro de innovaci\u00f3n aeron\u00e1utica y un motivo de orgullo para todos los brasile\u00f1os. Invertiremos en capacitaci\u00f3n profesional para empleados y personas externas que deseen construir una carrera t\u00e9cnica en aviaci\u00f3n, reforzando as\u00ed cada vez m\u00e1s nuestro compromiso social y econ\u00f3mico con el pa\u00eds\u201d, comentario Jerome Cadier, CEO de LATAM Brasil.<\/strong><\/em><\/span><\/p>\n<p style=\"text-align: justify;\"><span style=\"color: #333399;\"><em><strong>Estuvieron presentes en la ceremonia en LATAM MRO, en S\u00e3o Carlos (SP), el ministro de Trabajo y Empleo, Luiz Marinho, el presidente de LATAM Airlines Brasil, Jerome Cadier, y la alta direcci\u00f3n de la compa\u00f1\u00eda.<\/strong><\/em><\/span><\/p>\n<p style=\"text-align: justify;\"><span style=\"color: #333399;\"><em><strong>En agosto, vale recordar, la empresa firm\u00f3, con la presencia del CEO de LATAM Brasil y del presidente Lula, un protocolo de intenciones con el Ministerio de Trabajo y Empleo (MTE) de Brasil para calificar mano de obra y emplearla en las instalaciones. de LATAM MRO en S\u00e3o Carlos (SP), un verdadero hub aeroespacial brasile\u00f1o.<\/strong><\/em><\/span><\/p>\n<p style=\"text-align: justify;\"><span style=\"color: #333399;\"><em><strong>LA ESCUELA LATAM<\/strong><\/em><\/span><\/p>\n<p style=\"text-align: justify;\"><span style=\"color: #333399;\"><em><strong>LATAM es la \u00fanica aerol\u00ednea brasile\u00f1a que cuenta con un Centro de Instrucci\u00f3n certificado por la ANAC (Agencia Nacional de Aviaci\u00f3n Civil) para la formaci\u00f3n de mec\u00e1nicos de mantenimiento aeron\u00e1utico.<\/strong><\/em><\/span><\/p>\n<p style=\"text-align: justify;\"><span style=\"color: #333399;\"><em><strong>En este contexto, la Escuela LATAM nace como un programa profesional para el desarrollo de carreras en el mercado de la aviaci\u00f3n en Brasil a partir de 2025. Inicialmente ofrecer\u00e1 capacitaci\u00f3n en mantenimiento aeron\u00e1utico a trav\u00e9s del Curso B\u00e1sico de Mantenimiento de Aeronaves y el Curso Complementario de Especialidades en Aeronaves, Planta motriz o avi\u00f3nica. Cada curso tendr\u00e1 una duraci\u00f3n de nueve meses y las clases se impartir\u00e1n de forma presencial en el LATAM MRO de S\u00e3o Carlos (SP)\u2026<\/strong><\/em><\/span><\/p>\n<p style=\"text-align: justify;\"><span style=\"color: #333399;\"><em><strong>F\/ ALN NEWS<\/strong><\/em><\/span><\/p>\n<p style=\"text-align: justify;\">\n","protected":false},"excerpt":{"rendered":"<p>BRASIL\/15\/12\/2024.-LATAM acaba de inaugurar la LATAM School en Brasil, cuya primera promoci\u00f3n estar\u00e1 compuesta por 70 empleados becados por la propia compa\u00f1\u00eda. Las clases ser\u00e1n presenciales en S\u00e3o Carlos (SP) y comenzar\u00e1n en enero de 2025. Con la presencia de autoridades y ejecutivos, el programa fue anunciado en un acto en LATAM MRO en S\u00e3o Carlos (SP), el mayor centro de mantenimiento aeron\u00e1utico de Am\u00e9rica do Sul. En LATAM MRO, de hecho, la empresa acaba de invertir R$ 40 millones en la construcci\u00f3n de un nuevo hangar, con capacidad de generar hasta 300 puestos de trabajo. \u201cLa Escuela LATAM naci\u00f3&#8230;<\/p>\n","protected":false},"author":1,"featured_media":65135,"comment_status":"open","ping_status":"open","sticky":false,"template":"","format":"standard","meta":{"footnotes":""},"categories":[4,84],"tags":[11846,10219,115,13110,6132],"class_list":["post-65134","post","type-post","status-publish","format-standard","has-post-thumbnail","hentry","category-breaking-news","category-internacionales","tag-elenatejeradirectora","tag-semanarioturistamagazine","tag-brasil","tag-latam-school","tag-portal-de-noticias-turistamagazine"],"_links":{"self":[{"href":"https:\/\/www.turistamagazine.com\/v2\/index.php?rest_route=\/wp\/v2\/posts\/65134","targetHints":{"allow":["GET"]}}],"collection":[{"href":"https:\/\/www.turistamagazine.com\/v2\/index.php?rest_route=\/wp\/v2\/posts"}],"about":[{"href":"https:\/\/www.turistamagazine.com\/v2\/index.php?rest_route=\/wp\/v2\/types\/post"}],"author":[{"embeddable":true,"href":"https:\/\/www.turistamagazine.com\/v2\/index.php?rest_route=\/wp\/v2\/users\/1"}],"replies":[{"embeddable":true,"href":"https:\/\/www.turistamagazine.com\/v2\/index.php?rest_route=%2Fwp%2Fv2%2Fcomments&post=65134"}],"version-history":[{"count":1,"href":"https:\/\/www.turistamagazine.com\/v2\/index.php?rest_route=\/wp\/v2\/posts\/65134\/revisions"}],"predecessor-version":[{"id":65136,"href":"https:\/\/www.turistamagazine.com\/v2\/index.php?rest_route=\/wp\/v2\/posts\/65134\/revisions\/65136"}],"wp:featuredmedia":[{"embeddable":true,"href":"https:\/\/www.turistamagazine.com\/v2\/index.php?rest_route=\/wp\/v2\/media\/65135"}],"wp:attachment":[{"href":"https:\/\/www.turistamagazine.com\/v2\/index.php?rest_route=%2Fwp%2Fv2%2Fmedia&parent=65134"}],"wp:term":[{"taxonomy":"category","embeddable":true,"href":"https:\/\/www.turistamagazine.com\/v2\/index.php?rest_route=%2Fwp%2Fv2%2Fcategories&post=65134"},{"taxonomy":"post_tag","embeddable":true,"href":"https:\/\/www.turistamagazine.com\/v2\/index.php?rest_route=%2Fwp%2Fv2%2Ftags&post=65134"}],"curies":[{"name":"wp","href":"https:\/\/api.w.org\/{rel}","templated":true}]}}