{"id":65091,"date":"2024-12-11T12:06:01","date_gmt":"2024-12-11T17:06:01","guid":{"rendered":"https:\/\/www.turistamagazine.com\/v2\/?p=65091"},"modified":"2024-12-11T12:06:01","modified_gmt":"2024-12-11T17:06:01","slug":"desayuno-de-oracion","status":"publish","type":"post","link":"https:\/\/www.turistamagazine.com\/v2\/?p=65091","title":{"rendered":"DESAYUNO DE ORACI\u00d3N"},"content":{"rendered":"<p style=\"text-align: justify;\"><span style=\"color: #333399;\"><em><strong>Por Antero Flores-Araoz*<\/strong><\/em><\/span><\/p>\n<p style=\"text-align: justify;\"><span style=\"color: #333399;\"><em><strong><a href=\"https:\/\/www.turistamagazine.com\/v2\/wp-content\/uploads\/2024\/12\/Antero-Flores.jpg\"><img decoding=\"async\" class=\"size-full wp-image-65092 alignleft\" src=\"https:\/\/www.turistamagazine.com\/v2\/wp-content\/uploads\/2024\/12\/Antero-Flores.jpg\" alt=\"\" width=\"117\" height=\"160\" \/><\/a>Pocos d\u00edas atr\u00e1s, en un hotel miraflorino, se llev\u00f3 a cabo en nuestra patria el Desayuno Nacional de Oraci\u00f3n, en esta oportunidad para orar por la paz.<\/strong><\/em><\/span><\/p>\n<p style=\"text-align: justify;\"><span style=\"color: #333399;\"><em><strong>El Desayuno Nacional de Oraci\u00f3n fue instituido hacen muchas d\u00e9cadas en los Estados Unidos de Am\u00e9rica por Abraham Vereide y se celebra en Washington DC el primer jueves de febrero de cada a\u00f1o. Luego fue copiado en infinidad de pa\u00edses con la finalidad de orar por causas altruistas que beneficien a la colectividad.<\/strong><\/em><\/span><\/p>\n<p style=\"text-align: justify;\"><span style=\"color: #333399;\"><em><strong>El Desayuno en cuesti\u00f3n, no es de exclusiva participaci\u00f3n de una iglesia determinada, sino que es de car\u00e1cter ecum\u00e9nico en que los concurrentes son de variados credos religiosos, pero todos monote\u00edstas en que se hace oraci\u00f3n en com\u00fan con determinado prop\u00f3sito, para lo cual es convocada alguna personalidad de relevancia, emblem\u00e1tica o notable que hace una exposici\u00f3n sellada con el ruego al Alt\u00edsimo para que ayude a resolver alg\u00fan problema o situaci\u00f3n no querida.<\/strong><\/em><\/span><\/p>\n<p style=\"text-align: justify;\"><span style=\"color: #333399;\"><em><strong>Este a\u00f1o, como hemos dicho, el Desayuno anual fue dedicado a la paz y, ello tiene mucho sentido y relevancia, pues quiz\u00e1s despu\u00e9s de ocurrida la Segunda Guerra Mundial en los primeros a\u00f1os de la d\u00e9cada del cuarenta del siglo precedente, ahora es cuando m\u00e1s se perfilan tambores de guerra en el mundo.<\/strong><\/em><\/span><\/p>\n<p style=\"text-align: justify;\"><span style=\"color: #333399;\"><em><strong>En efecto hay varias guerras, pero la m\u00e1s preocupante es la que ocurre entre la Federaci\u00f3n Rusa y Ucrania, a ra\u00edz o tal vez como pretexto de que esta \u00faltima manifest\u00f3 su deseo de participar en la Organizaci\u00f3n del Tratado del Atl\u00e1ntico Norte (OTAN), en que se han involucrado algunas otras naciones, sea con ayudas econ\u00f3micas, b\u00e9licas o de diversas otras naturalezas. Hay el peligro de escalamiento del conflicto al no descartar el presidente ruso Putin, el empleo de armamento nuclear.<\/strong><\/em><\/span><\/p>\n<p style=\"text-align: justify;\"><span style=\"color: #333399;\"><em><strong>No menos complicada y grave, la situaci\u00f3n entre el Estado de Israel y algunas facciones violentistas procedentes de pa\u00edses \u00e1rabes, con inter\u00e9s de proteger a la franja de Gaza conducida por palestinos y que podr\u00eda tambi\u00e9n escalar a \u00e1mbitos impredecibles.<\/strong><\/em><\/span><\/p>\n<p style=\"text-align: justify;\"><span style=\"color: #333399;\"><em><strong>No hay que olvidar tampoco el conflicto latente desde varias d\u00e9cadas atr\u00e1s entre Corea del Sur y Corea del Norte, que se agrava de tiempo en tiempo, pero que hasta ahora no se avizora una soluci\u00f3n estable.<\/strong><\/em><\/span><\/p>\n<p style=\"text-align: justify;\"><span style=\"color: #333399;\"><em><strong>Podr\u00edamos seguir y seguir, incluso con cercan\u00eda iran\u00ed con alguno que otro pa\u00eds de nuestro hemisferio, sin olvidar al terrorismo internacional como tambi\u00e9n locales, que hacen peligrar la anhelada paz.<\/strong><\/em><\/span><\/p>\n<p style=\"text-align: justify;\"><span style=\"color: #333399;\"><em><strong>Por todo lo se\u00f1alado, es muy v\u00e1lida la raz\u00f3n del pasado Desayuno de Oraci\u00f3n en nuestra ciudad capital, pero que bien podr\u00eda replicarse en las capitales de todas nuestras regiones.<\/strong><\/em><\/span><\/p>\n<p style=\"text-align: justify;\"><span style=\"color: #333399;\"><em><strong>Como dice antiguo refr\u00e1n \u201cA Dios rogando y con el mazo dando\u201d, es decir que no solo hay que llamar en ayuda divina al Alt\u00edsimo, sino tambi\u00e9n hacer todos los esfuerzos posibles por recuperar la paz en el mundo, la cual es tan necesaria, haciendo adem\u00e1s votos porque las Naciones Unidas logren la eficiencia requerida en evitar conflictos o terminarlos, antes de estar difundiendo teor\u00edas y orientaciones ajenas a nuestras realidades y vocaciones.<\/strong><\/em><\/span><\/p>\n<p style=\"text-align: justify;\"><span style=\"color: #333399;\"><em><strong>*Prestigioso y reconocido Abogado y \u00a0Pol\u00edtico Peruano de larga trayectoria Profesional.<\/strong><\/em><\/span><\/p>\n","protected":false},"excerpt":{"rendered":"<p>Por Antero Flores-Araoz* Pocos d\u00edas atr\u00e1s, en un hotel miraflorino, se llev\u00f3 a cabo en nuestra patria el Desayuno Nacional de Oraci\u00f3n, en esta oportunidad para orar por la paz. El Desayuno Nacional de Oraci\u00f3n fue instituido hacen muchas d\u00e9cadas en los Estados Unidos de Am\u00e9rica por Abraham Vereide y se celebra en Washington DC el primer jueves de febrero de cada a\u00f1o. Luego fue copiado en infinidad de pa\u00edses con la finalidad de orar por causas altruistas que beneficien a la colectividad. El Desayuno en cuesti\u00f3n, no es de exclusiva participaci\u00f3n de una iglesia determinada, sino que es de&#8230;<\/p>\n","protected":false},"author":1,"featured_media":53110,"comment_status":"open","ping_status":"open","sticky":false,"template":"","format":"standard","meta":{"footnotes":""},"categories":[85],"tags":[13105,11846,10219,1956],"class_list":["post-65091","post","type-post","status-publish","format-standard","has-post-thumbnail","hentry","category-colum-invitados","tag-desayunodeoracion","tag-elenatejeradirectora","tag-semanarioturistamagazine","tag-antero-flores-araoz"],"_links":{"self":[{"href":"https:\/\/www.turistamagazine.com\/v2\/index.php?rest_route=\/wp\/v2\/posts\/65091","targetHints":{"allow":["GET"]}}],"collection":[{"href":"https:\/\/www.turistamagazine.com\/v2\/index.php?rest_route=\/wp\/v2\/posts"}],"about":[{"href":"https:\/\/www.turistamagazine.com\/v2\/index.php?rest_route=\/wp\/v2\/types\/post"}],"author":[{"embeddable":true,"href":"https:\/\/www.turistamagazine.com\/v2\/index.php?rest_route=\/wp\/v2\/users\/1"}],"replies":[{"embeddable":true,"href":"https:\/\/www.turistamagazine.com\/v2\/index.php?rest_route=%2Fwp%2Fv2%2Fcomments&post=65091"}],"version-history":[{"count":1,"href":"https:\/\/www.turistamagazine.com\/v2\/index.php?rest_route=\/wp\/v2\/posts\/65091\/revisions"}],"predecessor-version":[{"id":65093,"href":"https:\/\/www.turistamagazine.com\/v2\/index.php?rest_route=\/wp\/v2\/posts\/65091\/revisions\/65093"}],"wp:featuredmedia":[{"embeddable":true,"href":"https:\/\/www.turistamagazine.com\/v2\/index.php?rest_route=\/wp\/v2\/media\/53110"}],"wp:attachment":[{"href":"https:\/\/www.turistamagazine.com\/v2\/index.php?rest_route=%2Fwp%2Fv2%2Fmedia&parent=65091"}],"wp:term":[{"taxonomy":"category","embeddable":true,"href":"https:\/\/www.turistamagazine.com\/v2\/index.php?rest_route=%2Fwp%2Fv2%2Fcategories&post=65091"},{"taxonomy":"post_tag","embeddable":true,"href":"https:\/\/www.turistamagazine.com\/v2\/index.php?rest_route=%2Fwp%2Fv2%2Ftags&post=65091"}],"curies":[{"name":"wp","href":"https:\/\/api.w.org\/{rel}","templated":true}]}}