{"id":65070,"date":"2024-12-07T18:16:33","date_gmt":"2024-12-07T23:16:33","guid":{"rendered":"https:\/\/www.turistamagazine.com\/v2\/?p=65070"},"modified":"2024-12-07T18:16:33","modified_gmt":"2024-12-07T23:16:33","slug":"macron-recibe-a-trump-con-honores-en-plena-reapertura-de-notre-dame","status":"publish","type":"post","link":"https:\/\/www.turistamagazine.com\/v2\/?p=65070","title":{"rendered":"MACRON RECIBE A TRUMP CON HONORES EN PLENA REAPERTURA DE NOTRE DAME"},"content":{"rendered":"<div class=\"widget widget--type-image widget--size-fullwidth widget--animation-fade-in widget--align-center\" data-ratio=\"0.6669921875\">\n<div class=\"widget__wrapper\">\n<div class=\"widget__ratio widget__ratio--auto\">\n<div class=\"widget__contents\">\n<figure class=\"widget__figure\"><figcaption class=\"widget__caption\">\n<p style=\"text-align: center;\"><span style=\"color: #333399;\"><em><strong>Trump y Macrony Zelenski, reunidos en Par\u00eds, 7 de diciembre de 2024Aurelien Morissard\/ AP<\/strong><\/em><\/span><\/p>\n<p style=\"text-align: justify;\">P<span style=\"color: #333399;\"><em><strong>ARIS FRANCIA\/07\/12\/2024.-El presidente franc\u00e9s Emmanuel Macron ofreci\u00f3 una c\u00e1lida bienvenida a Donald Trump en Par\u00eds, reanudando su relaci\u00f3n diplom\u00e1tica despu\u00e9s de una pausa de cuatro a\u00f1os.<\/strong><\/em><\/span><\/p>\n<p style=\"text-align: justify;\"><span style=\"color: #333399;\"><em><strong>El encuentro se produjo en el marco de la celebraci\u00f3n de la restauraci\u00f3n de la Catedral de Notre Dame, un evento simb\u00f3lico cinco a\u00f1os despu\u00e9s del devastador incendio que casi destruye este emblem\u00e1tico monumento.<\/strong><\/em><\/span><\/p>\n<p style=\"text-align: justify;\"><span style=\"color: #333399;\"><em><strong>La visita de Trump gener\u00f3 una recepci\u00f3n protocolaria excepcional. En el Palacio del El\u00edseo, Macron despleg\u00f3 la alfombra roja, realizando m\u00faltiples saludos y gestos de camarader\u00eda. Trump describi\u00f3 el encuentro como \u00abun gran honor\u00bb, refiri\u00e9ndose a su \u00abgran relaci\u00f3n\u00bb con el mandatario franc\u00e9s.<\/strong><\/em><\/span><\/p>\n<p style=\"text-align: justify;\"><span style=\"color: #333399;\"><em><strong>La visita cont\u00f3 con un despliegue de seguridad sin precedentes. M\u00e1s de 20 agentes de seguridad franceses colaboraron con el Servicio Secreto estadounidense, incluyendo un veh\u00edculo policial especial con protecci\u00f3n antidrones para garantizar la seguridad del convoy presidencial.<\/strong><\/em><\/span><\/p>\n<p style=\"text-align: justify;\"><span style=\"color: #333399;\"><em><strong>Ucrania y las relaciones internacionales sobre la mesa<\/strong><\/em><\/span><\/p>\n<p style=\"text-align: justify;\"><span style=\"color: #333399;\"><em><strong>El encuentro tuvo lugar en un momento crucial de la pol\u00edtica internacional. Macron busca persuadir a Trump para mantener el apoyo a Ucrania frente a la invasi\u00f3n rusa. Las conversaciones abordaron temas geopol\u00edticos complejos, incluyendo los conflictos en Oriente Medio y la situaci\u00f3n global, que Trump describi\u00f3 como un mundo que \u00abse ha vuelto un poco loco\u00bb.<\/strong><\/em><\/span><\/p>\n<p style=\"text-align: justify;\"><span style=\"color: #333399;\"><em><strong>F\/ Euro News<\/strong><\/em><\/span><\/p>\n<p><span style=\"color: #333399;\"><em><strong><span class=\"widget__captionWrap\"><span class=\"widget__captionWrap\"><span class=\"widget__captionCredit\"><br \/>\n<\/span><\/span><\/span><\/strong><\/em><\/span><\/figcaption><\/figure>\n<\/div>\n<\/div>\n<\/div>\n<\/div>\n<div class=\"widget widget--type-tweet widget--size-fullwidth widget--align-center\">\n<div class=\"widget__wrapper\">\n<div class=\"widget__ratio widget__ratio\u2014auto\">\n<div class=\"widget__contents\">\n<figure class=\"widget__figure\">\n<div class=\"widget__tweet\" style=\"text-align: justify;\" data-tweet-id=\"1865451236482310227\" data-tweetloaded=\"true\"><\/div>\n<\/figure>\n<\/div>\n<\/div>\n<\/div>\n<\/div>\n","protected":false},"excerpt":{"rendered":"<p>Trump y Macrony Zelenski, reunidos en Par\u00eds, 7 de diciembre de 2024Aurelien Morissard\/ AP PARIS FRANCIA\/07\/12\/2024.-El presidente franc\u00e9s Emmanuel Macron ofreci\u00f3 una c\u00e1lida bienvenida a Donald Trump en Par\u00eds, reanudando su relaci\u00f3n diplom\u00e1tica despu\u00e9s de una pausa de cuatro a\u00f1os. El encuentro se produjo en el marco de la celebraci\u00f3n de la restauraci\u00f3n de la Catedral de Notre Dame, un evento simb\u00f3lico cinco a\u00f1os despu\u00e9s del devastador incendio que casi destruye este emblem\u00e1tico monumento. La visita de Trump gener\u00f3 una recepci\u00f3n protocolaria excepcional. En el Palacio del El\u00edseo, Macron despleg\u00f3 la alfombra roja, realizando m\u00faltiples saludos y gestos de camarader\u00eda&#8230;.<\/p>\n","protected":false},"author":1,"featured_media":65071,"comment_status":"open","ping_status":"open","sticky":false,"template":"","format":"standard","meta":{"footnotes":""},"categories":[4,84],"tags":[11846,10219,13103],"class_list":["post-65070","post","type-post","status-publish","format-standard","has-post-thumbnail","hentry","category-breaking-news","category-internacionales","tag-elenatejeradirectora","tag-semanarioturistamagazine","tag-trump-y-macrony-zelenski"],"_links":{"self":[{"href":"https:\/\/www.turistamagazine.com\/v2\/index.php?rest_route=\/wp\/v2\/posts\/65070","targetHints":{"allow":["GET"]}}],"collection":[{"href":"https:\/\/www.turistamagazine.com\/v2\/index.php?rest_route=\/wp\/v2\/posts"}],"about":[{"href":"https:\/\/www.turistamagazine.com\/v2\/index.php?rest_route=\/wp\/v2\/types\/post"}],"author":[{"embeddable":true,"href":"https:\/\/www.turistamagazine.com\/v2\/index.php?rest_route=\/wp\/v2\/users\/1"}],"replies":[{"embeddable":true,"href":"https:\/\/www.turistamagazine.com\/v2\/index.php?rest_route=%2Fwp%2Fv2%2Fcomments&post=65070"}],"version-history":[{"count":1,"href":"https:\/\/www.turistamagazine.com\/v2\/index.php?rest_route=\/wp\/v2\/posts\/65070\/revisions"}],"predecessor-version":[{"id":65072,"href":"https:\/\/www.turistamagazine.com\/v2\/index.php?rest_route=\/wp\/v2\/posts\/65070\/revisions\/65072"}],"wp:featuredmedia":[{"embeddable":true,"href":"https:\/\/www.turistamagazine.com\/v2\/index.php?rest_route=\/wp\/v2\/media\/65071"}],"wp:attachment":[{"href":"https:\/\/www.turistamagazine.com\/v2\/index.php?rest_route=%2Fwp%2Fv2%2Fmedia&parent=65070"}],"wp:term":[{"taxonomy":"category","embeddable":true,"href":"https:\/\/www.turistamagazine.com\/v2\/index.php?rest_route=%2Fwp%2Fv2%2Fcategories&post=65070"},{"taxonomy":"post_tag","embeddable":true,"href":"https:\/\/www.turistamagazine.com\/v2\/index.php?rest_route=%2Fwp%2Fv2%2Ftags&post=65070"}],"curies":[{"name":"wp","href":"https:\/\/api.w.org\/{rel}","templated":true}]}}