{"id":64910,"date":"2024-11-18T19:17:21","date_gmt":"2024-11-19T00:17:21","guid":{"rendered":"https:\/\/www.turistamagazine.com\/v2\/?p=64910"},"modified":"2024-11-18T19:17:21","modified_gmt":"2024-11-19T00:17:21","slug":"festuris-2024-cierra-con-un-crecimiento-del-9-y-480-millones-de-reales-en-negocios","status":"publish","type":"post","link":"https:\/\/www.turistamagazine.com\/v2\/?p=64910","title":{"rendered":"FESTURIS 2024 CIERRA CON UN CRECIMIENTO DEL 9% Y 480 MILLONES DE REALES EN NEGOCIOS"},"content":{"rendered":"<p style=\"text-align: justify;\"><span style=\"color: #333399;\"><em><strong>Por Mar\u00eda Carrasco Lloria<\/strong><\/em><\/span><\/p>\n<p style=\"text-align: justify;\"><span style=\"color: #333399;\"><em><strong>PORTO ALEGRE\/18\/11\/2024.-En esta ocasi\u00f3n, Eduardo Zorzanello y Marta Rossi, directores de la feria, han asegurado que este a\u00f1o el crecimiento de la feria habr\u00eda sido del 9%, con una representaci\u00f3n de 53 pa\u00edses y la expansi\u00f3n de algunos de sus m\u00e1s importantes espacios como el LGTB+. Adem\u00e1s, la feria, referente en para el networking iberoamericano a internacional habr\u00eda generado unos 480 millones de reales brasile\u00f1os en negocios y redes de colaboraci\u00f3n. De nuevo, Festuris ha cerrado su edici\u00f3n superando todas las expectativas.<\/strong><\/em><\/span><\/p>\n<p style=\"text-align: justify;\"><span style=\"color: #333399;\"><em><strong>La edici\u00f3n 36 de Festuris ha superado tambi\u00e9n los 15 mil participantes, el mismo aforo del pasado a\u00f1o, aunque las expectativas de participaci\u00f3n eran menores debido a los desastres climatol\u00f3gicos que sufri\u00f3 R\u00edo Grande do Sul en mayo, en especial la zona de Portoalegre. Marta Rossi, fundadora de Festuris, hac\u00eda hincapi\u00e9 en Festuris como una oportunidad de recuperaci\u00f3n y un foco de inversi\u00f3n para el turismo de la zona.<\/strong><\/em><\/span><\/p>\n<p style=\"text-align: justify;\"><span style=\"color: #333399;\"><em><strong>La feria de turismo internacional de Gramado ha acogido trece destinos globales entre sus stands. Entre las novedades, Dubai y Emiratos \u00c1rabes Unidos acudieron por primera vez, mientras que tambi\u00e9n se materializ\u00f3 la asistencia de Portugal, Espa\u00f1a y Francia entre los socios europeos y otros como Sud\u00e1frica, Corea del Sur, Nepal, Tailandia, Israel, Maldivas, T\u00edbet y Turqu\u00eda tomaron tambi\u00e9n su papel.<\/strong><\/em><\/span><\/p>\n<p style=\"text-align: justify;\"><span style=\"color: #333399;\"><em><strong>El pa\u00eds invitado de honor fue Rep\u00fablica Dominicana en esta \u00faltima edici\u00f3n de Festuris. Roberto Henr\u00edquez, Viceministro de Turismo dominicano, estuvo presente en la feria y sigui\u00f3 el programa. Recordaba durante estos d\u00edas la importancia del mercado brasile\u00f1o para el destino dominicano y vi\u00f3 en Festuris las oportunidades con un turismo comprometido.<\/strong><\/em><\/span><\/p>\n<p style=\"text-align: justify;\"><span style=\"color: #333399;\"><em><strong>Festuris 2025 ya a la vista<\/strong><\/em><\/span><\/p>\n<p style=\"text-align: justify;\"><span style=\"color: #333399;\"><em><strong>Desde Festuris ya adelantan la futura edici\u00f3n, la n\u00famero 37 ocurrir\u00e1 entre el 6 y el 9 de noviembre de 2025. Ya han confirmado su presencia el 40% de los expositores, como publicaba Andr\u00e9a Oliviera, responsable comercial de la feria.<\/strong><\/em><\/span><\/p>\n<p style=\"text-align: justify;\"><span style=\"color: #333399;\"><em><strong>Otro dato relevante para el cierre de este Festuris ha sido la asistencia de 400 stands y 2500 marcas privadas y p\u00fablicas. Entre ellos, todos los estados brasile\u00f1os manten\u00edan una representaci\u00f3n. En cuanto a conferencias, fueron 120 los ponentes entre charlas, mesas y masterclasses.<\/strong><\/em><\/span><\/p>\n<p style=\"text-align: justify;\"><span style=\"color: #333399;\"><em><strong>Para Gramado, Festuris 2024 ha supuesto todo un impulso, pues ha generado un volumen de negocio valorado en 72 millones de reales. Tal como explicaba Eduardo Zorzanello, organizador de Festuris, a Caribbean News Digital, Festuris se envuelve especialmente con la comunidad local y moviliz\u00f3 a unos 2.100 empleos indirectos, de los cuales 600 fueron creados solo para la feria de turismo.<\/strong><\/em><\/span><\/p>\n<p style=\"text-align: justify;\"><span style=\"color: #333399;\"><em><strong>Adem\u00e1s, contaron con la cobertura de 400 profesionales de prensa nacional e internacional.<\/strong><\/em><\/span><\/p>\n<p><span style=\"color: #333399;\"><em><strong>Redacci\u00f3n Caribbean News Digital<\/strong><\/em><\/span><\/p>\n","protected":false},"excerpt":{"rendered":"<p>Por Mar\u00eda Carrasco Lloria PORTO ALEGRE\/18\/11\/2024.-En esta ocasi\u00f3n, Eduardo Zorzanello y Marta Rossi, directores de la feria, han asegurado que este a\u00f1o el crecimiento de la feria habr\u00eda sido del 9%, con una representaci\u00f3n de 53 pa\u00edses y la expansi\u00f3n de algunos de sus m\u00e1s importantes espacios como el LGTB+. Adem\u00e1s, la feria, referente en para el networking iberoamericano a internacional habr\u00eda generado unos 480 millones de reales brasile\u00f1os en negocios y redes de colaboraci\u00f3n. De nuevo, Festuris ha cerrado su edici\u00f3n superando todas las expectativas. La edici\u00f3n 36 de Festuris ha superado tambi\u00e9n los 15 mil participantes, el mismo&#8230;<\/p>\n","protected":false},"author":1,"featured_media":64911,"comment_status":"open","ping_status":"open","sticky":false,"template":"","format":"standard","meta":{"footnotes":""},"categories":[4,84],"tags":[11846,10219,115,13084],"class_list":["post-64910","post","type-post","status-publish","format-standard","has-post-thumbnail","hentry","category-breaking-news","category-internacionales","tag-elenatejeradirectora","tag-semanarioturistamagazine","tag-brasil","tag-festuris-2024"],"_links":{"self":[{"href":"https:\/\/www.turistamagazine.com\/v2\/index.php?rest_route=\/wp\/v2\/posts\/64910","targetHints":{"allow":["GET"]}}],"collection":[{"href":"https:\/\/www.turistamagazine.com\/v2\/index.php?rest_route=\/wp\/v2\/posts"}],"about":[{"href":"https:\/\/www.turistamagazine.com\/v2\/index.php?rest_route=\/wp\/v2\/types\/post"}],"author":[{"embeddable":true,"href":"https:\/\/www.turistamagazine.com\/v2\/index.php?rest_route=\/wp\/v2\/users\/1"}],"replies":[{"embeddable":true,"href":"https:\/\/www.turistamagazine.com\/v2\/index.php?rest_route=%2Fwp%2Fv2%2Fcomments&post=64910"}],"version-history":[{"count":1,"href":"https:\/\/www.turistamagazine.com\/v2\/index.php?rest_route=\/wp\/v2\/posts\/64910\/revisions"}],"predecessor-version":[{"id":64912,"href":"https:\/\/www.turistamagazine.com\/v2\/index.php?rest_route=\/wp\/v2\/posts\/64910\/revisions\/64912"}],"wp:featuredmedia":[{"embeddable":true,"href":"https:\/\/www.turistamagazine.com\/v2\/index.php?rest_route=\/wp\/v2\/media\/64911"}],"wp:attachment":[{"href":"https:\/\/www.turistamagazine.com\/v2\/index.php?rest_route=%2Fwp%2Fv2%2Fmedia&parent=64910"}],"wp:term":[{"taxonomy":"category","embeddable":true,"href":"https:\/\/www.turistamagazine.com\/v2\/index.php?rest_route=%2Fwp%2Fv2%2Fcategories&post=64910"},{"taxonomy":"post_tag","embeddable":true,"href":"https:\/\/www.turistamagazine.com\/v2\/index.php?rest_route=%2Fwp%2Fv2%2Ftags&post=64910"}],"curies":[{"name":"wp","href":"https:\/\/api.w.org\/{rel}","templated":true}]}}