{"id":64892,"date":"2024-11-16T12:57:31","date_gmt":"2024-11-16T17:57:31","guid":{"rendered":"https:\/\/www.turistamagazine.com\/v2\/?p=64892"},"modified":"2024-11-16T12:57:31","modified_gmt":"2024-11-16T17:57:31","slug":"apec-peru-2024-lideres-de-economias-de-apec-participan-en-foto-oficial","status":"publish","type":"post","link":"https:\/\/www.turistamagazine.com\/v2\/?p=64892","title":{"rendered":"APEC PER\u00da 2024: L\u00cdDERES DE ECONOM\u00cdAS DE APEC PARTICIPAN EN FOTO OFICIAL"},"content":{"rendered":"<p style=\"text-align: center;\"><span style=\"color: #333399;\"><em><strong>Los l\u00edderes de las econom\u00edas integrantes del Foro de Cooperaci\u00f3n Econ\u00f3mica Asia Pac\u00edfico (APEC) participan en la foto oficial al t\u00e9rmino de las actividades de la presidencia que recay\u00f3 durante el 2024 en la econom\u00eda del Per\u00fa.<\/strong><\/em><\/span><\/p>\n<p style=\"text-align: justify;\"><span style=\"color: #333399;\"><em><strong>LIMA\/PERU\/16\/11\/2024.-La actividad estuvo liderada por la l\u00edder econ\u00f3mica anfitriona del APEC, Dina Boluarte, quien particip\u00f3 previamente en el retiro de l\u00edderes y la conclusi\u00f3n de las reuniones.<\/strong><\/em><\/span><\/p>\n<p style=\"text-align: justify;\"><span style=\"color: #333399;\"><em><strong>Junto a ella participan l\u00edderes de las econom\u00edas APEC como Joe Biden de Estados Unidos; Xi Jinping de China; Justin Trudeau de Canad\u00e1; el sult\u00e1n de Brun\u00e9i Darussalam, Haji Hassanal Bolkiah; Prabowo Subianto de Indonesia, Yoon Suk-Yeol de Corea, Dato&#8217; Seri Anwar Bin Ibrahim de Malasia; Gabriel Boric de Chile; entre otros altos funcionarios<\/strong><\/em><\/span><\/p>\n<p style=\"text-align: justify;\"><span style=\"color: #333399;\"><em><strong>Para la foto oficial, los l\u00edderes llevaban una tradicional chalina peruana de alpaca.<\/strong><\/em><\/span><\/p>\n<p style=\"text-align: justify;\"><span style=\"color: #333399;\"><em><strong>Previamente, la l\u00edder de la econom\u00eda del Per\u00fa afirm\u00f3 en su discurso de retiro de L\u00edderes APEC que se dieron pasos significativos hacia una visi\u00f3n de crecimiento econ\u00f3mico y resiliencia en esta regi\u00f3n, al adoptar entregables claves.<\/strong><\/em><\/span><\/p>\n<p style=\"text-align: justify;\"><span style=\"color: #333399;\"><em><strong>\u00abEstamos unidos por el compromiso com\u00fan de crecimiento econ\u00f3mico y resiliencia en nuestra regi\u00f3n, en este contexto es importante destacar que APEC ha dado pasos significativos hacia esa visi\u00f3n al adoptar entregables claves\u00bb, manifest\u00f3.<\/strong><\/em><\/span><\/p>\n<p style=\"text-align: justify;\"><span style=\"color: #333399;\"><em><strong>Dijo que entre estos se encuentra el desarrollo e implementaci\u00f3n de marcos de pol\u00edticas de hidr\u00f3geno de bajo carbono en el Asia Pac\u00edfico, \u00abfundamental para la transici\u00f3n hacia econom\u00edas m\u00e1s verdes\u00bb.<\/strong><\/em><\/span><\/p>\n<p style=\"text-align: justify;\"><span style=\"color: #333399;\"><em><strong>Asimismo, refiri\u00f3 que el segundo en importancia es el conjunto de principios para reducir y prevenir la p\u00e9rdida y desperdicios de alimentos, \u00abun desaf\u00edo que afecta nuestra sostenibilidad ambiental y econ\u00f3mica\u00bb.<\/strong><\/em><\/span><\/p>\n<p style=\"text-align: justify;\"><span style=\"color: #333399;\"><em><strong>De otro lado, durante el di\u00e1logo de los l\u00edderes de las 21 econom\u00edas del APEC, se discutieron sobre el papel de la digitalizaci\u00f3n y la innovaci\u00f3n en la transici\u00f3n de la econom\u00eda formal y global, as\u00ed como la importancia de los esfuerzos conjuntos para navegar en los desaf\u00edos globales actuales.<\/strong><\/em><\/span><\/p>\n<p style=\"text-align: justify;\"><span style=\"color: #333399;\"><em><strong>Foto\/Juan Carlos Guzm\u00e1n\/Andina<\/strong><\/em><\/span><\/p>\n<p style=\"text-align: justify;\"><span style=\"color: #333399;\"><em><strong>(FIN) JCC\/JCR<\/strong><\/em><\/span><\/p>\n","protected":false},"excerpt":{"rendered":"<p>Los l\u00edderes de las econom\u00edas integrantes del Foro de Cooperaci\u00f3n Econ\u00f3mica Asia Pac\u00edfico (APEC) participan en la foto oficial al t\u00e9rmino de las actividades de la presidencia que recay\u00f3 durante el 2024 en la econom\u00eda del Per\u00fa. LIMA\/PERU\/16\/11\/2024.-La actividad estuvo liderada por la l\u00edder econ\u00f3mica anfitriona del APEC, Dina Boluarte, quien particip\u00f3 previamente en el retiro de l\u00edderes y la conclusi\u00f3n de las reuniones. Junto a ella participan l\u00edderes de las econom\u00edas APEC como Joe Biden de Estados Unidos; Xi Jinping de China; Justin Trudeau de Canad\u00e1; el sult\u00e1n de Brun\u00e9i Darussalam, Haji Hassanal Bolkiah; Prabowo Subianto de Indonesia, Yoon&#8230;<\/p>\n","protected":false},"author":1,"featured_media":64893,"comment_status":"open","ping_status":"open","sticky":false,"template":"","format":"standard","meta":{"footnotes":""},"categories":[4,82],"tags":[11846,11775,10219,340],"class_list":["post-64892","post","type-post","status-publish","format-standard","has-post-thumbnail","hentry","category-breaking-news","category-nacionales","tag-elenatejeradirectora","tag-perusededeapec2024","tag-semanarioturistamagazine","tag-peru"],"_links":{"self":[{"href":"https:\/\/www.turistamagazine.com\/v2\/index.php?rest_route=\/wp\/v2\/posts\/64892","targetHints":{"allow":["GET"]}}],"collection":[{"href":"https:\/\/www.turistamagazine.com\/v2\/index.php?rest_route=\/wp\/v2\/posts"}],"about":[{"href":"https:\/\/www.turistamagazine.com\/v2\/index.php?rest_route=\/wp\/v2\/types\/post"}],"author":[{"embeddable":true,"href":"https:\/\/www.turistamagazine.com\/v2\/index.php?rest_route=\/wp\/v2\/users\/1"}],"replies":[{"embeddable":true,"href":"https:\/\/www.turistamagazine.com\/v2\/index.php?rest_route=%2Fwp%2Fv2%2Fcomments&post=64892"}],"version-history":[{"count":1,"href":"https:\/\/www.turistamagazine.com\/v2\/index.php?rest_route=\/wp\/v2\/posts\/64892\/revisions"}],"predecessor-version":[{"id":64894,"href":"https:\/\/www.turistamagazine.com\/v2\/index.php?rest_route=\/wp\/v2\/posts\/64892\/revisions\/64894"}],"wp:featuredmedia":[{"embeddable":true,"href":"https:\/\/www.turistamagazine.com\/v2\/index.php?rest_route=\/wp\/v2\/media\/64893"}],"wp:attachment":[{"href":"https:\/\/www.turistamagazine.com\/v2\/index.php?rest_route=%2Fwp%2Fv2%2Fmedia&parent=64892"}],"wp:term":[{"taxonomy":"category","embeddable":true,"href":"https:\/\/www.turistamagazine.com\/v2\/index.php?rest_route=%2Fwp%2Fv2%2Fcategories&post=64892"},{"taxonomy":"post_tag","embeddable":true,"href":"https:\/\/www.turistamagazine.com\/v2\/index.php?rest_route=%2Fwp%2Fv2%2Ftags&post=64892"}],"curies":[{"name":"wp","href":"https:\/\/api.w.org\/{rel}","templated":true}]}}