{"id":64882,"date":"2024-11-15T13:09:23","date_gmt":"2024-11-15T18:09:23","guid":{"rendered":"https:\/\/www.turistamagazine.com\/v2\/?p=64882"},"modified":"2024-11-15T13:09:23","modified_gmt":"2024-11-15T18:09:23","slug":"peruapec-peru-2024-lideres-mundiales-conoceran-una-exclusiva-prenda-ceremonial-paracas-en-apec-peru-2024","status":"publish","type":"post","link":"https:\/\/www.turistamagazine.com\/v2\/?p=64882","title":{"rendered":"PERU:APEC PER\u00da 2024 L\u00cdDERES MUNDIALES CONOCER\u00c1N UNA EXCLUSIVA PRENDA CEREMONIAL PARACAS EN APEC PER\u00da 2024"},"content":{"rendered":"<p style=\"text-align: justify;\"><span style=\"color: #333399;\"><em><strong>LIMA\/PERU\/15\/11\/2024.-2024.- Los l\u00edderes mundiales y altas autoridades de las 21 econom\u00edas que participan en APEC Per\u00fa 2024 tendr\u00e1n la oportunidad \u00fanica de admirar la riqueza y trascendencia del Patrimonio Cultural de Per\u00fa, a trav\u00e9s de la exposici\u00f3n de una pieza textil de la cultura Paracas, con m\u00e1s de 2000 a\u00f1os de antig\u00fcedad, que forma parte de un conjunto de objetos que fueron repatriados desde la ciudad de Gotemburgo, Suecia.<\/strong><\/em><\/span><\/p>\n<p style=\"text-align: justify;\"><span style=\"color: #333399;\"><em><strong>La prenda, una esclavina que form\u00f3 parte del ajuar funerario Paracas, es exhibida en el primer piso del Centro de Convenciones de Lima, donde los l\u00edderes, entre ellos presidentes, celebrar\u00e1n sus reuniones durante los d\u00edas 14, 15 y 16 de noviembre.<\/strong><\/em><\/span><\/p>\n<p style=\"text-align: justify;\"><span style=\"color: #800080;\"><em><strong>Datos sobre la esclavina<\/strong><\/em><\/span><\/p>\n<p style=\"text-align: justify;\"><span style=\"color: #333399;\"><em><strong>La pieza textil se encuentra protegida en una vitrina de 75 cent\u00edmetros de alto, dise\u00f1ada exclusivamente para su exhibici\u00f3n. El montaje fue realizado por dos expertos que fueron los \u00fanicos autorizados para manipular la pieza, con el fin de evitar cualquier da\u00f1o.<\/strong><\/em><\/span><\/p>\n<p style=\"text-align: justify;\"><span style=\"color: #333399;\"><em><strong>La esclavina presenta bordados lineales sobre una tela plana de fibra de cam\u00e9lido negro. Su dise\u00f1o incluye figuras geom\u00e9tricas de felinos y otros elementos que decoran tanto el borde del cuello como el interior de la prenda.<\/strong><\/em><\/span><\/p>\n<p style=\"text-align: justify;\"><span style=\"color: #333399;\"><em><strong>Los bordados, en tonos azul, verde, rojo y amarillo, forman un patr\u00f3n sofisticado que refleja la maestr\u00eda de los artesanos paracas y est\u00e1 rematado con un dise\u00f1o de anillos en forma de \u00abS\u00bb alternados en verde, azul y amarillo, y flecos cortos que recorren todo su borde.<\/strong><\/em><\/span><\/p>\n<p style=\"text-align: justify;\"><span style=\"color: #333399;\"><em><strong>Los flecos m\u00e1s largos est\u00e1n cosidos a los rollos de urdimbre mediante puntadas diagonales, mientras que los flecos laterales, que semejan mangas, est\u00e1n cosidos con un hilo de apariencia antigua.<\/strong><\/em><\/span><\/p>\n<p style=\"text-align: justify;\"><span style=\"color: #333399;\"><em><strong>La cultura Paracas, famosa por su sofisticada tecnolog\u00eda textil, fue descubierta por el c\u00e9lebre arque\u00f3logo Julio C\u00e9sar Tello en los a\u00f1os 20 del siglo XX, durante sus investigaciones en la Pen\u00ednsula de Paracas.<\/strong><\/em><\/span><\/p>\n<p style=\"text-align: justify;\"><span style=\"color: #333399;\"><em><strong>La exposici\u00f3n de esta pieza hist\u00f3rica en el marco de APEC Per\u00fa 2024 subraya la importancia de la cultura Paracas como una de las joyas del Patrimonio Cultural de Per\u00fa, destacando tanto su habilidad artesanal como el profundo simbolismo m\u00edstico que caracteriza a esta antigua civilizaci\u00f3n.<\/strong><\/em><\/span><\/p>\n<p style=\"text-align: justify;\"><span style=\"color: #800080;\"><em><strong>Zona Per\u00fa<\/strong><\/em><\/span><\/p>\n<p style=\"text-align: justify;\"><span style=\"color: #333399;\"><em><strong>Desde el 10 al 16 de noviembre en las instalaciones del Ministerio de Cultura, PROMPER\u00da y Mincetur, vienen ofreciendo, a trav\u00e9s de una Barra 360\u00b0, degustaciones de caf\u00e9 peruano, pisco y chocolate de alta calidad, as\u00ed como una muestra representativa de la gastronom\u00eda nacional. Platos ic\u00f3nicos como el ceviche y la causa lime\u00f1a ser\u00e1n presentados con superalimentos peruanos, reafirmando el compromiso del pa\u00eds con la sostenibilidad y la tradici\u00f3n.<\/strong><\/em><\/span><\/p>\n<p><a href=\"https:\/\/andendecontenidos.promperu.gob.pe\/app\/#\/s\/0bPowqYdg9\">https:\/\/andendecontenidos.promperu.gob.pe\/app\/#\/s\/0bPowqYdg9<\/a><\/p>\n<p style=\"text-align: justify;\">\n<p>&nbsp;<\/p>\n","protected":false},"excerpt":{"rendered":"<p>LIMA\/PERU\/15\/11\/2024.-2024.- Los l\u00edderes mundiales y altas autoridades de las 21 econom\u00edas que participan en APEC Per\u00fa 2024 tendr\u00e1n la oportunidad \u00fanica de admirar la riqueza y trascendencia del Patrimonio Cultural de Per\u00fa, a trav\u00e9s de la exposici\u00f3n de una pieza textil de la cultura Paracas, con m\u00e1s de 2000 a\u00f1os de antig\u00fcedad, que forma parte de un conjunto de objetos que fueron repatriados desde la ciudad de Gotemburgo, Suecia. La prenda, una esclavina que form\u00f3 parte del ajuar funerario Paracas, es exhibida en el primer piso del Centro de Convenciones de Lima, donde los l\u00edderes, entre ellos presidentes, celebrar\u00e1n sus&#8230;<\/p>\n","protected":false},"author":1,"featured_media":64883,"comment_status":"open","ping_status":"open","sticky":false,"template":"","format":"standard","meta":{"footnotes":""},"categories":[4,82],"tags":[11846,13080,10219],"class_list":["post-64882","post","type-post","status-publish","format-standard","has-post-thumbnail","hentry","category-breaking-news","category-nacionales","tag-elenatejeradirectora","tag-esclavinaculturaparacas","tag-semanarioturistamagazine"],"_links":{"self":[{"href":"https:\/\/www.turistamagazine.com\/v2\/index.php?rest_route=\/wp\/v2\/posts\/64882","targetHints":{"allow":["GET"]}}],"collection":[{"href":"https:\/\/www.turistamagazine.com\/v2\/index.php?rest_route=\/wp\/v2\/posts"}],"about":[{"href":"https:\/\/www.turistamagazine.com\/v2\/index.php?rest_route=\/wp\/v2\/types\/post"}],"author":[{"embeddable":true,"href":"https:\/\/www.turistamagazine.com\/v2\/index.php?rest_route=\/wp\/v2\/users\/1"}],"replies":[{"embeddable":true,"href":"https:\/\/www.turistamagazine.com\/v2\/index.php?rest_route=%2Fwp%2Fv2%2Fcomments&post=64882"}],"version-history":[{"count":1,"href":"https:\/\/www.turistamagazine.com\/v2\/index.php?rest_route=\/wp\/v2\/posts\/64882\/revisions"}],"predecessor-version":[{"id":64884,"href":"https:\/\/www.turistamagazine.com\/v2\/index.php?rest_route=\/wp\/v2\/posts\/64882\/revisions\/64884"}],"wp:featuredmedia":[{"embeddable":true,"href":"https:\/\/www.turistamagazine.com\/v2\/index.php?rest_route=\/wp\/v2\/media\/64883"}],"wp:attachment":[{"href":"https:\/\/www.turistamagazine.com\/v2\/index.php?rest_route=%2Fwp%2Fv2%2Fmedia&parent=64882"}],"wp:term":[{"taxonomy":"category","embeddable":true,"href":"https:\/\/www.turistamagazine.com\/v2\/index.php?rest_route=%2Fwp%2Fv2%2Fcategories&post=64882"},{"taxonomy":"post_tag","embeddable":true,"href":"https:\/\/www.turistamagazine.com\/v2\/index.php?rest_route=%2Fwp%2Fv2%2Ftags&post=64882"}],"curies":[{"name":"wp","href":"https:\/\/api.w.org\/{rel}","templated":true}]}}