{"id":64879,"date":"2024-11-15T12:57:03","date_gmt":"2024-11-15T17:57:03","guid":{"rendered":"https:\/\/www.turistamagazine.com\/v2\/?p=64879"},"modified":"2024-11-15T12:57:03","modified_gmt":"2024-11-15T17:57:03","slug":"jetsmart-y-la-blanquirroja-firman-alianza-para-alentar-al-peru-en-sus-principales-encuentros","status":"publish","type":"post","link":"https:\/\/www.turistamagazine.com\/v2\/?p=64879","title":{"rendered":"JETSMART Y LA BLANQUIRROJA FIRMAN ALIANZA PARA ALENTAR AL PER\u00da EN SUS PRINCIPALES ENCUENTROS"},"content":{"rendered":"<p style=\"text-align: center;\"><span style=\"color: #333399;\"><em><strong>Benjam\u00edn Dulanto &#8211; Gerente Comercial de JetSMART en Per\u00fa Mario Andree Castro &#8211; Director de la Blanquirroja<\/strong><\/em><\/span><\/p>\n<p style=\"text-align: center;\"><span style=\"color: #333399;\"><em><strong>La aerol\u00ednea facilitar\u00e1 los pasajes para que puedan seguir a nuestros deportistas en sus diferentes disciplinas, durante sus competencias nacionales e internacionales.<\/strong><\/em><\/span><\/p>\n<p style=\"text-align: justify;\"><span style=\"color: #333399;\"><em><strong>LIMA\/PERU\/15\/11\/2024.-2024.- Donde haya un peruano compitiendo, siempre habr\u00e1 otro peruano alent\u00e1ndolo. Es por esto que JetSMART har\u00e1 posible que la Blanquirroja est\u00e9 presente acompa\u00f1ando y alentando a nuestros deportistas en sus diferentes competiciones por Sudam\u00e9rica. Esto es factible fruto de un acuerdo entre la aerol\u00ednea ultra low cost y la barra oficial de la selecci\u00f3n peruana, lo que simboliza el compromiso de la compa\u00f1\u00eda a\u00e9rea con el pa\u00eds por seguir fomentando la pasi\u00f3n, el orgullo y la unidad nacional.<\/strong><\/em><\/span><\/p>\n<p style=\"text-align: justify;\"><span style=\"color: #333399;\"><em><strong>\u201cEstamos muy contentos de unirnos con esta gran comunidad de hinchas para quienes el deporte nacional representa un s\u00edmbolo de orgullo e identidad. Mediante esta alianza nos sumamos a ese gran sentimiento, y somos la aerol\u00ednea que cubrir\u00e1 los pasajes para que est\u00e9n presentes en cada partido y en cada encuentro deportivo llevando el aliento y la pasi\u00f3n cualquiera sea el resultado. Queremos ser parte de esos momentos, y que nuestros deportistas siempre se sientan respaldados\u201d, expres\u00f3 Benjam\u00edn Dulanto, Gerente Comercial de JetSMART en Per\u00fa.<\/strong><\/em><\/span><\/p>\n<p style=\"text-align: justify;\"><span style=\"color: #333399;\"><em><strong>La alianza comprende de dotar a la Blanquirroja de pasajes para que puedan seguir a nuestros deportistas peruanos en sus diferentes disciplinas: f\u00fatbol, v\u00f3ley, tenis, nataci\u00f3n, surf, marat\u00f3n, entre otros; durante sus competencias internacionales por Sudam\u00e9rica y al interior del pa\u00eds.<\/strong><\/em><\/span><\/p>\n<p style=\"text-align: justify;\"><span style=\"color: #333399;\"><em><strong>Precisamente, como parte de este acuerdo, un grupo de hinchas de la Blanquirroja viaj\u00f3 a Quito en el mes de setiembre y viajar\u00e1 a la ciudad de Buenos Aires para alentar a la selecci\u00f3n peruana de f\u00fatbol que enfrentar\u00e1 a la selecci\u00f3n argentina por las Clasificatorias Sudamericanas rumbo al Mundial 2026.<\/strong><\/em><\/span><\/p>\n<p style=\"text-align: justify;\"><span style=\"color: #333399;\"><em><strong>Por su parte Mario Andree Castro director de la Blanquiroja coment\u00f3: \u201cPara La Blanquirroja es un logro poder contar desde ahora con el apoyo de una empresa reconocida a nivel internacional como lo es JetSMART. Estamos muy contentos porque esta alianza nos permite estar m\u00e1s cerca de nuestros deportistas en sus competencias, quienes siempre llevan orgullosos el escudo y los colores de nuestro querido Per\u00fa en el pecho. Para eso estamos nosotros, para ser ese apoyo incondicional que necesitan, esa palabra de aliento y el respaldo an\u00edmico que muchas veces buscan al levantar la mirada cuando algo no sale bien.\u201d<\/strong><\/em><\/span><\/p>\n<p style=\"text-align: justify;\"><span style=\"color: #333399;\"><em><strong>Como se sabe, la Blanquirroja se fund\u00f3 en el 2008 y desde entonces no ha dejado de alentar y creer en los deportistas del Per\u00fa. Es representada por un conjunto de j\u00f3venes que se unieron para llevar el aliento peruano a todos los rincones.<\/strong><\/em><\/span><\/p>\n<p>F\/JetSMART<\/p>\n","protected":false},"excerpt":{"rendered":"<p>Benjam\u00edn Dulanto &#8211; Gerente Comercial de JetSMART en Per\u00fa Mario Andree Castro &#8211; Director de la Blanquirroja La aerol\u00ednea facilitar\u00e1 los pasajes para que puedan seguir a nuestros deportistas en sus diferentes disciplinas, durante sus competencias nacionales e internacionales. LIMA\/PERU\/15\/11\/2024.-2024.- Donde haya un peruano compitiendo, siempre habr\u00e1 otro peruano alent\u00e1ndolo. Es por esto que JetSMART har\u00e1 posible que la Blanquirroja est\u00e9 presente acompa\u00f1ando y alentando a nuestros deportistas en sus diferentes competiciones por Sudam\u00e9rica. Esto es factible fruto de un acuerdo entre la aerol\u00ednea ultra low cost y la barra oficial de la selecci\u00f3n peruana, lo que simboliza el compromiso&#8230;<\/p>\n","protected":false},"author":1,"featured_media":64880,"comment_status":"open","ping_status":"open","sticky":false,"template":"","format":"standard","meta":{"footnotes":""},"categories":[4,82],"tags":[13079,11846,10219,10384],"class_list":["post-64879","post","type-post","status-publish","format-standard","has-post-thumbnail","hentry","category-breaking-news","category-nacionales","tag-blanquiroja","tag-elenatejeradirectora","tag-semanarioturistamagazine","tag-jetsmart-peru"],"_links":{"self":[{"href":"https:\/\/www.turistamagazine.com\/v2\/index.php?rest_route=\/wp\/v2\/posts\/64879","targetHints":{"allow":["GET"]}}],"collection":[{"href":"https:\/\/www.turistamagazine.com\/v2\/index.php?rest_route=\/wp\/v2\/posts"}],"about":[{"href":"https:\/\/www.turistamagazine.com\/v2\/index.php?rest_route=\/wp\/v2\/types\/post"}],"author":[{"embeddable":true,"href":"https:\/\/www.turistamagazine.com\/v2\/index.php?rest_route=\/wp\/v2\/users\/1"}],"replies":[{"embeddable":true,"href":"https:\/\/www.turistamagazine.com\/v2\/index.php?rest_route=%2Fwp%2Fv2%2Fcomments&post=64879"}],"version-history":[{"count":1,"href":"https:\/\/www.turistamagazine.com\/v2\/index.php?rest_route=\/wp\/v2\/posts\/64879\/revisions"}],"predecessor-version":[{"id":64881,"href":"https:\/\/www.turistamagazine.com\/v2\/index.php?rest_route=\/wp\/v2\/posts\/64879\/revisions\/64881"}],"wp:featuredmedia":[{"embeddable":true,"href":"https:\/\/www.turistamagazine.com\/v2\/index.php?rest_route=\/wp\/v2\/media\/64880"}],"wp:attachment":[{"href":"https:\/\/www.turistamagazine.com\/v2\/index.php?rest_route=%2Fwp%2Fv2%2Fmedia&parent=64879"}],"wp:term":[{"taxonomy":"category","embeddable":true,"href":"https:\/\/www.turistamagazine.com\/v2\/index.php?rest_route=%2Fwp%2Fv2%2Fcategories&post=64879"},{"taxonomy":"post_tag","embeddable":true,"href":"https:\/\/www.turistamagazine.com\/v2\/index.php?rest_route=%2Fwp%2Fv2%2Ftags&post=64879"}],"curies":[{"name":"wp","href":"https:\/\/api.w.org\/{rel}","templated":true}]}}