{"id":64514,"date":"2024-10-02T19:30:40","date_gmt":"2024-10-03T00:30:40","guid":{"rendered":"https:\/\/www.turistamagazine.com\/v2\/?p=64514"},"modified":"2024-10-02T19:30:40","modified_gmt":"2024-10-03T00:30:40","slug":"en-el-proximo-feriado-largo-cerca-de-un-millon-de-peruanos-se-movilizaria-dentro-del-pais","status":"publish","type":"post","link":"https:\/\/www.turistamagazine.com\/v2\/?p=64514","title":{"rendered":"EN EL PR\u00d3XIMO FERIADO LARGO CERCA DE UN MILL\u00d3N DE PERUANOS SE MOVILIZAR\u00cdA DENTRO DEL PA\u00cdS"},"content":{"rendered":"<p style=\"text-align: justify;\"><span style=\"color: #333399;\"><em><strong>LIMA\/PERU\/02\/10\/2024.- Por conmemoraci\u00f3n del Combate de Angamos el pr\u00f3ximo feriado del martes 8 de octubre -junto con la declaratoria de d\u00eda no laborable el lunes 7 de octubre-,se espera que cerca de un mill\u00f3n de \u00a0peruanos se desplacen\u00a0 por el pa\u00eds, lo que generar\u00eda un impacto econ\u00f3mico cercano a los US$ 110 millones.<\/strong><\/em><\/span><\/p>\n<p style=\"text-align: justify;\"><span style=\"color: #333399;\"><em><strong>\u201cEste feriado largo no solo impulsar\u00e1 el turismo, sino que tambi\u00e9n representar\u00e1 una oportunidad para generar un impacto econ\u00f3mico positivo en varias regiones del Per\u00fa, especialmente en aquellas que dependen en gran medida del turismo. El Mincetur reafirma su compromiso con la promoci\u00f3n y el desarrollo del turismo interno, incentivando a los peruanos a descubrir y disfrutar de los diversos atractivos que ofrece el pa\u00eds, de manera responsable, sostenible y segura\u201d, indic\u00f3 la titular de Mincetur.<\/strong><\/em><\/span><\/p>\n<p style=\"text-align: justify;\"><span style=\"color: #333399;\"><em><strong>Seg\u00fan el estudio \u201cImpacto Econ\u00f3mico del Feriado del Combate de Angamos &#8211; 2024\u201d, elaborado por la Direcci\u00f3n General de Investigaci\u00f3n y Estudios sobre Turismo y Artesan\u00eda de Mincetur, se prev\u00e9 que el gasto promedio por persona alcanzar\u00eda los S\/ 430, cubriendo principalmente servicios de transporte, alimentaci\u00f3n, alojamiento y actividades tur\u00edsticas. Se espera que los viajeros pernocten en promedio cuatro noches, contribuyendo a dinamizar las econom\u00edas locales en los destinos elegidos.<\/strong><\/em><\/span><\/p>\n<div id=\"attachment_57348\" style=\"width: 640px\" class=\"wp-caption aligncenter\"><a href=\"https:\/\/www.turistamagazine.com\/v2\/wp-content\/uploads\/2022\/07\/Huaraz.jpg\"><img decoding=\"async\" aria-describedby=\"caption-attachment-57348\" class=\"wp-image-57348\" src=\"https:\/\/www.turistamagazine.com\/v2\/wp-content\/uploads\/2022\/07\/Huaraz.jpg\" alt=\"\" width=\"630\" height=\"394\" srcset=\"https:\/\/www.turistamagazine.com\/v2\/wp-content\/uploads\/2022\/07\/Huaraz.jpg 800w, https:\/\/www.turistamagazine.com\/v2\/wp-content\/uploads\/2022\/07\/Huaraz-300x188.jpg 300w, https:\/\/www.turistamagazine.com\/v2\/wp-content\/uploads\/2022\/07\/Huaraz-768x480.jpg 768w, https:\/\/www.turistamagazine.com\/v2\/wp-content\/uploads\/2022\/07\/Huaraz-672x420.jpg 672w, https:\/\/www.turistamagazine.com\/v2\/wp-content\/uploads\/2022\/07\/Huaraz-610x381.jpg 610w, https:\/\/www.turistamagazine.com\/v2\/wp-content\/uploads\/2022\/07\/Huaraz-158x100.jpg 158w\" sizes=\"(max-width: 630px) 100vw, 630px\" \/><\/a><p id=\"caption-attachment-57348\" class=\"wp-caption-text\"><em><strong><span style=\"color: #333399;\">Preciosa la catedral, plaza de armas, el paisaje serrano y cielo azul de Huaraz<\/span><\/strong><\/em><\/p><\/div>\n<p style=\"text-align: justify;\"><span style=\"color: #333399;\"><em><strong>PRINCIPALES DESTINOS<\/strong><\/em><\/span><\/p>\n<p style=\"text-align: justify;\"><span style=\"color: #333399;\"><em><strong>Entre los criterios m\u00e1s importantes para la elecci\u00f3n del destino, seg\u00fan el estudio de Mincetur, destacan el buen clima y la cercan\u00eda geogr\u00e1fica. El 54.4% de los encuestados seleccion\u00f3 su destino debido a las condiciones clim\u00e1ticas favorables, mientras que el 33.9% prioriz\u00f3 la cercan\u00eda, subrayando la importancia de la accesibilidad y la comodidad en la toma de decisiones.<\/strong><\/em><\/span><\/p>\n<p style=\"text-align: justify;\"><span style=\"color: #333399;\"><em><strong>Lima Metropolitana ser\u00eda el principal punto de partida, concentrando el 37.2% del total de viajes, mientras que el resto de los turistas se movilizar\u00eda desde otras regiones. (\u2026)<\/strong><\/em><\/span><\/p>\n<div id=\"attachment_61401\" style=\"width: 640px\" class=\"wp-caption aligncenter\"><a href=\"https:\/\/www.turistamagazine.com\/v2\/wp-content\/uploads\/2023\/08\/RUPAK-1.jpg\"><img decoding=\"async\" aria-describedby=\"caption-attachment-61401\" class=\"wp-image-61401\" src=\"https:\/\/www.turistamagazine.com\/v2\/wp-content\/uploads\/2023\/08\/RUPAK-1.jpg\" alt=\"\" width=\"630\" height=\"354\" srcset=\"https:\/\/www.turistamagazine.com\/v2\/wp-content\/uploads\/2023\/08\/RUPAK-1.jpg 640w, https:\/\/www.turistamagazine.com\/v2\/wp-content\/uploads\/2023\/08\/RUPAK-1-300x169.jpg 300w, https:\/\/www.turistamagazine.com\/v2\/wp-content\/uploads\/2023\/08\/RUPAK-1-480x270.jpg 480w, https:\/\/www.turistamagazine.com\/v2\/wp-content\/uploads\/2023\/08\/RUPAK-1-610x343.jpg 610w\" sizes=\"(max-width: 630px) 100vw, 630px\" \/><\/a><p id=\"caption-attachment-61401\" class=\"wp-caption-text\"><span style=\"color: #333399;\"><em><strong>Vale la pena llegar hasta Canta y visitar Rupak el Machu Picchu lime\u00f1o, solo est\u00e1 a tres horas de lima, y el valor del pasaje cuesta 25.00 soles <\/strong><\/em><\/span><\/p><\/div>\n<p style=\"text-align: justify;\"><span style=\"color: #333399;\"><em><strong>Respecto a la planificaci\u00f3n de los viajes, el 93.9% de los turistas optar\u00e1 por organizar su viaje de manera independiente, sin recurrir a paquetes tur\u00edsticos. El bus interprovincial ser\u00eda el medio de transporte m\u00e1s utilizado, con un 66.5% de preferencia, debido a su amplia cobertura y accesibilidad a nivel nacional. En Lima Metropolitana, el uso de veh\u00edculos particulares (propios o de familiares y amigos) ser\u00eda la segunda opci\u00f3n m\u00e1s com\u00fan (20.2%), mientras que, en otras regiones, los desplazamientos en avi\u00f3n y autos particulares tambi\u00e9n desempe\u00f1ar\u00e1n un rol importante.<\/strong><\/em><\/span><\/p>\n<p style=\"text-align: justify;\"><span style=\"color: #333399;\"><em><strong>En t\u00e9rminos de alojamiento, la mayor\u00eda de los turistas (60.4%) se hospedar\u00eda en casas de familiares o amigos. No obstante, una porci\u00f3n significativa de los viajeros elegir\u00eda hostales o hoteles de bajo costo, lo que refleja la preferencia por las opciones m\u00e1s econ\u00f3micas. Los hoteles de 3 estrellas y los alojamientos de lujo recibir\u00edan una menor cantidad de visitantes.<\/strong><\/em><\/span><\/p>\n<p style=\"text-align: justify;\">\n<p><strong>OFICINA DE COMUNICACIONES Y PROTOCOLO<\/strong><\/p>\n<p><strong>MINISTERIO DE COMERCIO EXTERIOR Y TURISMO<\/strong><\/p>\n<p>&nbsp;<\/p>\n<p>&nbsp;<\/p>\n","protected":false},"excerpt":{"rendered":"<p>LIMA\/PERU\/02\/10\/2024.- Por conmemoraci\u00f3n del Combate de Angamos el pr\u00f3ximo feriado del martes 8 de octubre -junto con la declaratoria de d\u00eda no laborable el lunes 7 de octubre-,se espera que cerca de un mill\u00f3n de \u00a0peruanos se desplacen\u00a0 por el pa\u00eds, lo que generar\u00eda un impacto econ\u00f3mico cercano a los US$ 110 millones. \u201cEste feriado largo no solo impulsar\u00e1 el turismo, sino que tambi\u00e9n representar\u00e1 una oportunidad para generar un impacto econ\u00f3mico positivo en varias regiones del Per\u00fa, especialmente en aquellas que dependen en gran medida del turismo. El Mincetur reafirma su compromiso con la promoci\u00f3n y el desarrollo del&#8230;<\/p>\n","protected":false},"author":1,"featured_media":55411,"comment_status":"open","ping_status":"open","sticky":false,"template":"","format":"standard","meta":{"footnotes":""},"categories":[4,82],"tags":[11450,11846,10219,7471],"class_list":["post-64514","post","type-post","status-publish","format-standard","has-post-thumbnail","hentry","category-breaking-news","category-nacionales","tag-combatedeangamos","tag-elenatejeradirectora","tag-semanarioturistamagazine","tag-elenita-villar-asesora-de-tesis-en-turismo"],"_links":{"self":[{"href":"https:\/\/www.turistamagazine.com\/v2\/index.php?rest_route=\/wp\/v2\/posts\/64514","targetHints":{"allow":["GET"]}}],"collection":[{"href":"https:\/\/www.turistamagazine.com\/v2\/index.php?rest_route=\/wp\/v2\/posts"}],"about":[{"href":"https:\/\/www.turistamagazine.com\/v2\/index.php?rest_route=\/wp\/v2\/types\/post"}],"author":[{"embeddable":true,"href":"https:\/\/www.turistamagazine.com\/v2\/index.php?rest_route=\/wp\/v2\/users\/1"}],"replies":[{"embeddable":true,"href":"https:\/\/www.turistamagazine.com\/v2\/index.php?rest_route=%2Fwp%2Fv2%2Fcomments&post=64514"}],"version-history":[{"count":1,"href":"https:\/\/www.turistamagazine.com\/v2\/index.php?rest_route=\/wp\/v2\/posts\/64514\/revisions"}],"predecessor-version":[{"id":64515,"href":"https:\/\/www.turistamagazine.com\/v2\/index.php?rest_route=\/wp\/v2\/posts\/64514\/revisions\/64515"}],"wp:featuredmedia":[{"embeddable":true,"href":"https:\/\/www.turistamagazine.com\/v2\/index.php?rest_route=\/wp\/v2\/media\/55411"}],"wp:attachment":[{"href":"https:\/\/www.turistamagazine.com\/v2\/index.php?rest_route=%2Fwp%2Fv2%2Fmedia&parent=64514"}],"wp:term":[{"taxonomy":"category","embeddable":true,"href":"https:\/\/www.turistamagazine.com\/v2\/index.php?rest_route=%2Fwp%2Fv2%2Fcategories&post=64514"},{"taxonomy":"post_tag","embeddable":true,"href":"https:\/\/www.turistamagazine.com\/v2\/index.php?rest_route=%2Fwp%2Fv2%2Ftags&post=64514"}],"curies":[{"name":"wp","href":"https:\/\/api.w.org\/{rel}","templated":true}]}}