{"id":64279,"date":"2024-09-03T19:20:29","date_gmt":"2024-09-04T00:20:29","guid":{"rendered":"https:\/\/www.turistamagazine.com\/v2\/?p=64279"},"modified":"2024-09-05T11:27:11","modified_gmt":"2024-09-05T16:27:11","slug":"habemus-nueva-ministra-de-comercio-exterior-y-turismo","status":"publish","type":"post","link":"https:\/\/www.turistamagazine.com\/v2\/?p=64279","title":{"rendered":"HABEMUS NUEVA MINISTRA DE COMERCIO EXTERIOR Y TURISMO"},"content":{"rendered":"<p style=\"text-align: justify;\"><span style=\"color: #333399;\"><em><strong>Por redacci\u00f3n<\/strong><\/em><\/span><\/p>\n<p style=\"text-align: justify;\"><span style=\"color: #333399;\"><em><strong>LIMA\/PERU\/03\/08\/2024.-\u00darsula Le\u00f3n Chemp\u00e9n es la nueva ministra de Comercio Exterior y Turismo, en reemplazo de Elizabeth Galdo Mar\u00edn.<\/strong><\/em><\/span><\/p>\n<p style=\"text-align: justify;\"><span style=\"color: #333399;\"><em><strong>La nueva ministra Le\u00f3n Chemp\u00e9n es abogada especializada en gesti\u00f3n p\u00fablica, con m\u00e1s de 27 a\u00f1os de experiencia en el Estado. Ha sido viceministra de Justicia y viceministra de Pesca y Acuicultura, adem\u00e1s se ha desempe\u00f1ado en diversos cargos gerenciales, ejecutivos, de asesor\u00eda y direcci\u00f3n en los sectores de Salud, Educaci\u00f3n y la Presidencia del Consejo de Ministros (PCM), donde fue secretaria general. No obstante tambi\u00e9n de turismo seguramente debe\u00a0 conocer el que ella en sus viajes \u00a0ha\u00a0 realizado muchas veces\u2026No obstante por su gran experiencia en el sector p\u00fablico y la rotaci\u00f3n depuestos que ha tenido nada que ver uno con el otro&#8230; sabr\u00e1 adaptarse al nuevo formato que le toca&#8230;<\/strong><\/em><\/span><\/p>\n<p style=\"text-align: justify;\"><span style=\"color: #333399;\"><em><strong>Ni \u00a05 meses le dur\u00f3 el cargo a la \u00a0OPTIMISTA Dra. Galdo, justo cuando le empezaba a tomar el gustito a los viajes gratis \u00a0e inauguraciones con bombos y platillos de obras que naturalmente ella no hab\u00eda empezado (Tremendas fotos)\u2026 pero inauguraba aqu\u00ed , \u00a0y m\u00e1s all\u00e1, \u00a0tambi\u00e9n Abogada que pod\u00eda saber mucho de\u00a0 leyes, pero\u00a0 de LA ACTIVIDADA ECON\u00d3MICA Y SOCIAL QUE ES EL TURISMO NADA\u2026 y lanz\u00f3 su primer \u00a0gran vaticinio de llegar a los 4 millones de turistas este 2024, la verdad no sabemos basada en que estudio ni estad\u00edsticas\u2026 optimismo puro y duro\u2026no ten\u00eda ninguna experiencia\u00a0 \u00a0en un cargo ministerial, pues siempre trabaj\u00f3 en la empresa privada\u2026<\/strong><\/em><\/span><\/p>\n<p style=\"text-align: justify;\"><span style=\"color: #333399;\"><em><strong>\u00bfEn fin\u00a0 veremos cu\u00e1nto tiempo le dura el cargo a la Dra. Desil\u00fa? \u00a0<span style=\"color: #800080;\">Naturalmente por el bien del pa\u00eds y\u00a0 de todos los que trabajamos en turismo le deseamos el mayor de los \u00e9xitos.<\/span><\/strong><\/em><\/span><\/p>\n<p>Foto\/ la republica<\/p>\n","protected":false},"excerpt":{"rendered":"<p>Por redacci\u00f3n LIMA\/PERU\/03\/08\/2024.-\u00darsula Le\u00f3n Chemp\u00e9n es la nueva ministra de Comercio Exterior y Turismo, en reemplazo de Elizabeth Galdo Mar\u00edn. La nueva ministra Le\u00f3n Chemp\u00e9n es abogada especializada en gesti\u00f3n p\u00fablica, con m\u00e1s de 27 a\u00f1os de experiencia en el Estado. Ha sido viceministra de Justicia y viceministra de Pesca y Acuicultura, adem\u00e1s se ha desempe\u00f1ado en diversos cargos gerenciales, ejecutivos, de asesor\u00eda y direcci\u00f3n en los sectores de Salud, Educaci\u00f3n y la Presidencia del Consejo de Ministros (PCM), donde fue secretaria general. No obstante tambi\u00e9n de turismo seguramente debe\u00a0 conocer el que ella en sus viajes \u00a0ha\u00a0 realizado muchas&#8230;<\/p>\n","protected":false},"author":1,"featured_media":64280,"comment_status":"open","ping_status":"open","sticky":false,"template":"","format":"standard","meta":{"footnotes":""},"categories":[4,82],"tags":[11846,10219,13016,340],"class_list":["post-64279","post","type-post","status-publish","format-standard","has-post-thumbnail","hentry","category-breaking-news","category-nacionales","tag-elenatejeradirectora","tag-semanarioturistamagazine","tag-ursulaleonchempen","tag-peru"],"_links":{"self":[{"href":"https:\/\/www.turistamagazine.com\/v2\/index.php?rest_route=\/wp\/v2\/posts\/64279","targetHints":{"allow":["GET"]}}],"collection":[{"href":"https:\/\/www.turistamagazine.com\/v2\/index.php?rest_route=\/wp\/v2\/posts"}],"about":[{"href":"https:\/\/www.turistamagazine.com\/v2\/index.php?rest_route=\/wp\/v2\/types\/post"}],"author":[{"embeddable":true,"href":"https:\/\/www.turistamagazine.com\/v2\/index.php?rest_route=\/wp\/v2\/users\/1"}],"replies":[{"embeddable":true,"href":"https:\/\/www.turistamagazine.com\/v2\/index.php?rest_route=%2Fwp%2Fv2%2Fcomments&post=64279"}],"version-history":[{"count":3,"href":"https:\/\/www.turistamagazine.com\/v2\/index.php?rest_route=\/wp\/v2\/posts\/64279\/revisions"}],"predecessor-version":[{"id":64295,"href":"https:\/\/www.turistamagazine.com\/v2\/index.php?rest_route=\/wp\/v2\/posts\/64279\/revisions\/64295"}],"wp:featuredmedia":[{"embeddable":true,"href":"https:\/\/www.turistamagazine.com\/v2\/index.php?rest_route=\/wp\/v2\/media\/64280"}],"wp:attachment":[{"href":"https:\/\/www.turistamagazine.com\/v2\/index.php?rest_route=%2Fwp%2Fv2%2Fmedia&parent=64279"}],"wp:term":[{"taxonomy":"category","embeddable":true,"href":"https:\/\/www.turistamagazine.com\/v2\/index.php?rest_route=%2Fwp%2Fv2%2Fcategories&post=64279"},{"taxonomy":"post_tag","embeddable":true,"href":"https:\/\/www.turistamagazine.com\/v2\/index.php?rest_route=%2Fwp%2Fv2%2Ftags&post=64279"}],"curies":[{"name":"wp","href":"https:\/\/api.w.org\/{rel}","templated":true}]}}