{"id":64272,"date":"2024-09-03T11:03:17","date_gmt":"2024-09-03T16:03:17","guid":{"rendered":"https:\/\/www.turistamagazine.com\/v2\/?p=64272"},"modified":"2024-09-03T11:03:18","modified_gmt":"2024-09-03T16:03:18","slug":"chiclayo-se-convertira-en-capital-de-la-moda-con-certamen-fashion-week-chiclayo-usa-2024","status":"publish","type":"post","link":"https:\/\/www.turistamagazine.com\/v2\/?p=64272","title":{"rendered":"CHICLAYO SE CONVERTIR\u00c1 EN CAPITAL DE LA MODA CON CERTAMEN FASHION WEEK CHICLAYO USA 2024"},"content":{"rendered":"<p style=\"text-align: center;\"><span style=\"color: #333399;\"><em><strong>Reunir\u00e1 a talentosos dise\u00f1adores, modistas, estudiantes de dise\u00f1o, artesanos y emprendedores locales<\/strong><\/em><\/span><\/p>\n<p style=\"text-align: justify;\"><span style=\"color: #333399;\"><em><strong>CHICLAYO\/PERU\/03\/08\/2024.-El s\u00e1bado 28 de septiembre, Chiclayo se convertir\u00e1 en la capital de la moda, con la participaci\u00f3n de talentosos dise\u00f1adores, modistas, artesanos, estudiantes de dise\u00f1o de moda y emprendedores que mostrar\u00e1n sus colecciones en un desfile en la I edici\u00f3n del Fashion Week Chiclayo-USA 2024 que tendr\u00e1 como escenario el hist\u00f3rico Palacio Municipal de esta ciudad.<\/strong><\/em><\/span><\/p>\n<p style=\"text-align: justify;\"><span style=\"color: #333399;\"><em><strong>La directora de la organizaci\u00f3n del Fashion Week Chiclayo- USA 2024, Mariela Mart\u00ednez, manifest\u00f3 en di\u00e1logo con la Agencia Andina que 32 modelos mujeres, 10 varones y 5 ni\u00f1as lucir\u00e1n las innovadoras colecciones de prendas y accesorios confeccionadas por alrededor de 22 talentosos dise\u00f1adores de la regi\u00f3n Lambayeque. \u201cHasta el momento contamos con 22 colecciones que ser\u00e1n presentadas en esta pasarela de la I edici\u00f3n del Fashion Week Chiclayo-USA 2024 promovida por la Fundaci\u00f3n Lazos de Amor y Sonrisas apoyado por la C\u00e1mara de Comercio y Producci\u00f3n de Lambayeque y la Municipalidad Provincial de Chiclayo\u201d, anot\u00f3.<\/strong><\/em><\/span><\/p>\n<p style=\"text-align: justify;\"><span style=\"color: #333399;\"><em><strong>La artista que ocupe el primer puesto en este evento se ir\u00e1 a presentar su colecci\u00f3n al Fashion Week a desarrollarse el pr\u00f3ximo a\u00f1o en Miami (Estados Unidos). \u201cSe ir\u00e1 con todos los gastos pagados por la C\u00e1mara de Comercio y Producci\u00f3n de Lambayeque\u201d, afirm\u00f3.<\/strong><\/em><\/span><\/p>\n<div id=\"attachment_64274\" style=\"width: 640px\" class=\"wp-caption aligncenter\"><a href=\"https:\/\/www.turistamagazine.com\/v2\/wp-content\/uploads\/2024\/09\/fashionweek-2.jpg\"><img decoding=\"async\" aria-describedby=\"caption-attachment-64274\" class=\"wp-image-64274\" src=\"https:\/\/www.turistamagazine.com\/v2\/wp-content\/uploads\/2024\/09\/fashionweek-2.jpg\" alt=\"\" width=\"630\" height=\"354\" srcset=\"https:\/\/www.turistamagazine.com\/v2\/wp-content\/uploads\/2024\/09\/fashionweek-2.jpg 500w, https:\/\/www.turistamagazine.com\/v2\/wp-content\/uploads\/2024\/09\/fashionweek-2-300x169.jpg 300w, https:\/\/www.turistamagazine.com\/v2\/wp-content\/uploads\/2024\/09\/fashionweek-2-480x270.jpg 480w\" sizes=\"(max-width: 630px) 100vw, 630px\" \/><\/a><p id=\"caption-attachment-64274\" class=\"wp-caption-text\"><span style=\"color: #333399;\"><em><strong>\u00a0Las colecciones son de dise\u00f1os libres y sin ning\u00fan par\u00e1metro, sin embargo, existen algunas que est\u00e1n inspiradas en la culturas mochica y Lambayeque. \u201cEl jurado de talla internacional evaluar\u00e1 creatividad, innovaci\u00f3n, entre otros par\u00e1metros de calificaci\u00f3n\u201d, observ\u00f3.<\/strong><\/em><\/span><\/p><\/div>\n<p style=\"text-align: justify;\"><span style=\"color: #333399;\"><em><strong>En tanto, los que ocupen el segundo y tercer lugar participar\u00e1n en la sexta edici\u00f3n del Fashion Week a realizarse este a\u00f1o en la ciudad de Lima.<\/strong><\/em><\/span><\/p>\n<p style=\"text-align: justify;\"><span style=\"color: #333399;\"><em><strong>Durante este certamen se mostrar\u00e1 50 trajes de colecci\u00f3n elaborados por artesanas lambayecanas a trav\u00e9s del Cite-Sip\u00e1n. \u201cEs una belleza de prendas confeccionadas con el milenario algod\u00f3n nativo, fibra natural\u00a0 s\u00faper cotizada a nivel internacional\u201d, anot\u00f3.<\/strong><\/em><\/span><\/p>\n<p style=\"text-align: justify;\"><span style=\"color: #333399;\"><em><strong>Se trata de un evento de moda internacional que representa una oportunidad \u00fanica que abrir\u00e1 puertas al mundo, generando cadenas productivas esenciales para el desarrollo econ\u00f3mico de Lambayeque, resalt\u00f3 Juan Scander Chikhani, presidente del Comit\u00e9 Gremial de Textil y Joyer\u00eda de la C\u00e1mara de Comercio y Producci\u00f3n de Lambayeque.(&#8230;)<\/strong><\/em><\/span><\/p>\n<p style=\"text-align: justify;\">\n<p style=\"text-align: justify;\">\n","protected":false},"excerpt":{"rendered":"<p>Reunir\u00e1 a talentosos dise\u00f1adores, modistas, estudiantes de dise\u00f1o, artesanos y emprendedores locales CHICLAYO\/PERU\/03\/08\/2024.-El s\u00e1bado 28 de septiembre, Chiclayo se convertir\u00e1 en la capital de la moda, con la participaci\u00f3n de talentosos dise\u00f1adores, modistas, artesanos, estudiantes de dise\u00f1o de moda y emprendedores que mostrar\u00e1n sus colecciones en un desfile en la I edici\u00f3n del Fashion Week Chiclayo-USA 2024 que tendr\u00e1 como escenario el hist\u00f3rico Palacio Municipal de esta ciudad. La directora de la organizaci\u00f3n del Fashion Week Chiclayo- USA 2024, Mariela Mart\u00ednez, manifest\u00f3 en di\u00e1logo con la Agencia Andina que 32 modelos mujeres, 10 varones y 5 ni\u00f1as lucir\u00e1n las innovadoras&#8230;<\/p>\n","protected":false},"author":1,"featured_media":64273,"comment_status":"open","ping_status":"open","sticky":false,"template":"","format":"standard","meta":{"footnotes":""},"categories":[4,82],"tags":[10635,10219,13014,340],"class_list":["post-64272","post","type-post","status-publish","format-standard","has-post-thumbnail","hentry","category-breaking-news","category-nacionales","tag-elenahonoresdirectora","tag-semanarioturistamagazine","tag-fashion-week-chiclayo-usa-2024","tag-peru"],"_links":{"self":[{"href":"https:\/\/www.turistamagazine.com\/v2\/index.php?rest_route=\/wp\/v2\/posts\/64272","targetHints":{"allow":["GET"]}}],"collection":[{"href":"https:\/\/www.turistamagazine.com\/v2\/index.php?rest_route=\/wp\/v2\/posts"}],"about":[{"href":"https:\/\/www.turistamagazine.com\/v2\/index.php?rest_route=\/wp\/v2\/types\/post"}],"author":[{"embeddable":true,"href":"https:\/\/www.turistamagazine.com\/v2\/index.php?rest_route=\/wp\/v2\/users\/1"}],"replies":[{"embeddable":true,"href":"https:\/\/www.turistamagazine.com\/v2\/index.php?rest_route=%2Fwp%2Fv2%2Fcomments&post=64272"}],"version-history":[{"count":1,"href":"https:\/\/www.turistamagazine.com\/v2\/index.php?rest_route=\/wp\/v2\/posts\/64272\/revisions"}],"predecessor-version":[{"id":64275,"href":"https:\/\/www.turistamagazine.com\/v2\/index.php?rest_route=\/wp\/v2\/posts\/64272\/revisions\/64275"}],"wp:featuredmedia":[{"embeddable":true,"href":"https:\/\/www.turistamagazine.com\/v2\/index.php?rest_route=\/wp\/v2\/media\/64273"}],"wp:attachment":[{"href":"https:\/\/www.turistamagazine.com\/v2\/index.php?rest_route=%2Fwp%2Fv2%2Fmedia&parent=64272"}],"wp:term":[{"taxonomy":"category","embeddable":true,"href":"https:\/\/www.turistamagazine.com\/v2\/index.php?rest_route=%2Fwp%2Fv2%2Fcategories&post=64272"},{"taxonomy":"post_tag","embeddable":true,"href":"https:\/\/www.turistamagazine.com\/v2\/index.php?rest_route=%2Fwp%2Fv2%2Ftags&post=64272"}],"curies":[{"name":"wp","href":"https:\/\/api.w.org\/{rel}","templated":true}]}}