{"id":64240,"date":"2024-09-02T06:00:45","date_gmt":"2024-09-02T11:00:45","guid":{"rendered":"https:\/\/www.turistamagazine.com\/v2\/?p=64240"},"modified":"2024-09-02T06:21:55","modified_gmt":"2024-09-02T11:21:55","slug":"latam-airlines-peru-celebra-25-anos-con-grandes-sorpresas","status":"publish","type":"post","link":"https:\/\/www.turistamagazine.com\/v2\/?p=64240","title":{"rendered":"LATAM AIRLINES PER\u00da CELEBRA 25 A\u00d1OS CON GRANDES SORPRESAS"},"content":{"rendered":"<p style=\"text-align: justify;\"><span style=\"color: #000080;\"><em><strong>LIMA\/PERU\/02\/09\/2024-.En julio de este a\u00f1o, la aerol\u00ednea nacional LATAM Airlines Per\u00fa celebr\u00f3 su aniversario n\u00famero 25 operando en el Per\u00fa. Han sido 25 a\u00f1os de desaf\u00edos que solo han impulsado a la aerol\u00ednea en continuar fortaleciendo su compromiso con el pa\u00eds y la sostenibilidad.<\/strong><\/em><\/span><\/p>\n<p style=\"text-align: justify;\"><span style=\"color: #000080;\"><em><strong>En ese marco de aniversario, LATAM Airlines Per\u00fa ha dado inicio a su campa\u00f1a transversal \u201c25 a\u00f1os se celebran volando\u201d, una campa\u00f1a que permite recordarle a nuestros pasajeros que en la conectividad del pa\u00eds se consolidan valores con los que LATAM se siente identificada y mantiene como parte de su estrategia de cara a los pr\u00f3ximos a\u00f1os: promoci\u00f3n tur\u00edstica, identidad nacional y desarrollo del pa\u00eds y de los peruanos.<\/strong><\/em><\/span><\/p>\n<p style=\"text-align: justify;\"><span style=\"color: #000080;\"><em><strong>Bajo un mensaje celebratorio que destaca la capacidad de los viajes para generar recuerdos y construir relaciones humanas, LATAM Per\u00fa pronto activar\u00e1 acciones t\u00e1cticas promocionales y concursos para incentivar la campa\u00f1a, mismas que permitir\u00e1n que m\u00e1s peruanos conozcan la riqueza de este noble pa\u00eds.<\/strong><\/em><\/span><\/p>\n<p style=\"text-align: justify;\"><span style=\"color: #000080;\"><em><strong>M\u00c1S PER\u00da PARA EL MUNDO<\/strong><\/em><\/span><\/p>\n<p style=\"text-align: justify;\"><span style=\"color: #000080;\"><em><strong>LATAM Airlines Per\u00fa cumple este 2024 un cuarto de siglo conectando los destinos del Per\u00fa y siendo testigo de los sue\u00f1os de millones de personas. Por eso, reafirma compromiso de colocar al pasajero como centro de sus acciones.<\/strong><\/em><\/span><\/p>\n<p style=\"text-align: justify;\"><span style=\"color: #000080;\"><em><strong>En ese sentido, durante julio de 2024, mes en el que se celebraron nuestras Fiestas Patrias, la aerol\u00ednea despleg\u00f3 sus promociones especiales \u201cCyber LATAM\u201dy \u201cHot Sale LATAM\u201d, ofreciendo descuentos accesibles a todos sus viajeros.<\/strong><\/em><\/span><\/p>\n<p style=\"text-align: justify;\"><span style=\"color: #000080;\"><em><strong>Este a\u00f1o celebratorio ha permitido que la aerol\u00ednea realce adem\u00e1s su homenaje al Per\u00fa y a los peruanos con acciones que destacan el compromiso con nuestra identidad. En junio de este a\u00f1o se present\u00f3 oficialmente el Avi\u00f3n LATAM Per\u00fa con los colores de la bandera nacional, y se hizo el lanzamiento oficial de Wifi a bordo, un servicio que permitir\u00e1 que m\u00e1s de 60 aviones de LATAM Per\u00fa que actualmente operan en rutas dom\u00e9sticas y regionales, brinden acceso a mensajer\u00eda online gratuita a los usuarios de LATAM Pass.<\/strong><\/em><\/span><\/p>\n<p style=\"text-align: justify;\"><span style=\"color: #000080;\"><em><strong>En esa l\u00ednea, actualmente la campa\u00f1a \u201cBotellas que te hacen volar\u201d, promueve el frente de sostenibilidad de LATAM Per\u00fa. Este concurso sortear\u00e1 para finales de este mes 150 mil millas para viajar a destinos nacionales e internacionales entre los socios LATAM Pass que hayan depositado botellas de pl\u00e1stico de un solo uso en los robot inteligentes IRBin, concientizando a los viajeros sobre la necesidad del reciclaje.<\/strong><\/em><\/span><\/p>\n<p style=\"text-align: justify;\"><em><strong>INFOTUR LATAM<\/strong><\/em><\/p>\n<p style=\"text-align: justify;\"><em><strong>www.infoturlatam.com<\/strong><\/em><\/p>\n","protected":false},"excerpt":{"rendered":"<p>LIMA\/PERU\/02\/09\/2024-.En julio de este a\u00f1o, la aerol\u00ednea nacional LATAM Airlines Per\u00fa celebr\u00f3 su aniversario n\u00famero 25 operando en el Per\u00fa. Han sido 25 a\u00f1os de desaf\u00edos que solo han impulsado a la aerol\u00ednea en continuar fortaleciendo su compromiso con el pa\u00eds y la sostenibilidad. En ese marco de aniversario, LATAM Airlines Per\u00fa ha dado inicio a su campa\u00f1a transversal \u201c25 a\u00f1os se celebran volando\u201d, una campa\u00f1a que permite recordarle a nuestros pasajeros que en la conectividad del pa\u00eds se consolidan valores con los que LATAM se siente identificada y mantiene como parte de su estrategia de cara a los pr\u00f3ximos&#8230;<\/p>\n","protected":false},"author":1,"featured_media":54115,"comment_status":"open","ping_status":"open","sticky":false,"template":"","format":"standard","meta":{"footnotes":""},"categories":[4,82],"tags":[11846,10219,9865,340],"class_list":["post-64240","post","type-post","status-publish","format-standard","has-post-thumbnail","hentry","category-breaking-news","category-nacionales","tag-elenatejeradirectora","tag-semanarioturistamagazine","tag-ceo-latam-peru","tag-peru"],"_links":{"self":[{"href":"https:\/\/www.turistamagazine.com\/v2\/index.php?rest_route=\/wp\/v2\/posts\/64240","targetHints":{"allow":["GET"]}}],"collection":[{"href":"https:\/\/www.turistamagazine.com\/v2\/index.php?rest_route=\/wp\/v2\/posts"}],"about":[{"href":"https:\/\/www.turistamagazine.com\/v2\/index.php?rest_route=\/wp\/v2\/types\/post"}],"author":[{"embeddable":true,"href":"https:\/\/www.turistamagazine.com\/v2\/index.php?rest_route=\/wp\/v2\/users\/1"}],"replies":[{"embeddable":true,"href":"https:\/\/www.turistamagazine.com\/v2\/index.php?rest_route=%2Fwp%2Fv2%2Fcomments&post=64240"}],"version-history":[{"count":2,"href":"https:\/\/www.turistamagazine.com\/v2\/index.php?rest_route=\/wp\/v2\/posts\/64240\/revisions"}],"predecessor-version":[{"id":64255,"href":"https:\/\/www.turistamagazine.com\/v2\/index.php?rest_route=\/wp\/v2\/posts\/64240\/revisions\/64255"}],"wp:featuredmedia":[{"embeddable":true,"href":"https:\/\/www.turistamagazine.com\/v2\/index.php?rest_route=\/wp\/v2\/media\/54115"}],"wp:attachment":[{"href":"https:\/\/www.turistamagazine.com\/v2\/index.php?rest_route=%2Fwp%2Fv2%2Fmedia&parent=64240"}],"wp:term":[{"taxonomy":"category","embeddable":true,"href":"https:\/\/www.turistamagazine.com\/v2\/index.php?rest_route=%2Fwp%2Fv2%2Fcategories&post=64240"},{"taxonomy":"post_tag","embeddable":true,"href":"https:\/\/www.turistamagazine.com\/v2\/index.php?rest_route=%2Fwp%2Fv2%2Ftags&post=64240"}],"curies":[{"name":"wp","href":"https:\/\/api.w.org\/{rel}","templated":true}]}}