{"id":64204,"date":"2024-08-25T21:09:35","date_gmt":"2024-08-26T02:09:35","guid":{"rendered":"https:\/\/www.turistamagazine.com\/v2\/?p=64204"},"modified":"2024-08-25T21:09:35","modified_gmt":"2024-08-26T02:09:35","slug":"venezolanos-personae-non-gratae-en-aruba-por-prohibicion-de-vuelos","status":"publish","type":"post","link":"https:\/\/www.turistamagazine.com\/v2\/?p=64204","title":{"rendered":"VENEZOLANOS PERS\u014cN\u00c6 N\u014cN GR\u0100T\u00c6 EN ARUBA\u00a0 POR\u00a0 PROHIBICI\u00d3N\u00a0 DE VUELOS"},"content":{"rendered":"<p style=\"text-align: justify;\"><span style=\"color: #333399;\"><em><strong>VENEZUELA\/25\/08\/2024.-Las autoridades aeron\u00e1uticas de la isla de Aruba decidieron extender por tres meses la prohibici\u00f3n de vuelos comerciales de pasajeros, carga y aviaci\u00f3n general procedentes y hacia Venezuela. La medida fue renovada hasta el 17 de noviembre de 2024. \u00a0La \u00faltima renovaci\u00f3n fue solo por un mes, desde el 20 de julio hasta la presente fecha.<\/strong><\/em><\/span><\/p>\n<p style=\"text-align: justify;\"><span style=\"color: #333399;\"><em><strong>\u00a0Las autoridades de la isla caribe\u00f1a emitieron una NOTA donde se mantiene la restricci\u00f3n de llegada de aeronaves de origen venezolano al Aeropuerto Internacional Reina Beatriz. La conexi\u00f3n a\u00e9rea es un tema relevante para la actividad tur\u00edstica e incrementar la capacidad de conexi\u00f3n de los venezolanos con otros destinos.<\/strong><\/em><\/span><\/p>\n<p style=\"text-align: justify;\"><span style=\"color: #333399;\"><em><strong>Con la nueva extensi\u00f3n\u00a0 de prohibici\u00f3n de vuelos comerciales y de carga, a\u00a0 las aerol\u00edneas venezolanas,\u00a0 esa nueva decisi\u00f3n de las\u00a0 autoridades aeron\u00e1uticas de la isla de Aruba enuncia t\u00e1citamente que los venezolanos\u00a0 seguimos siendo, pers\u014dn\u00e6 n\u014dn gr\u0101t\u00e6, en Aruba.<\/strong><\/em><\/span><\/p>\n","protected":false},"excerpt":{"rendered":"<p>VENEZUELA\/25\/08\/2024.-Las autoridades aeron\u00e1uticas de la isla de Aruba decidieron extender por tres meses la prohibici\u00f3n de vuelos comerciales de pasajeros, carga y aviaci\u00f3n general procedentes y hacia Venezuela. La medida fue renovada hasta el 17 de noviembre de 2024. \u00a0La \u00faltima renovaci\u00f3n fue solo por un mes, desde el 20 de julio hasta la presente fecha. \u00a0Las autoridades de la isla caribe\u00f1a emitieron una NOTA donde se mantiene la restricci\u00f3n de llegada de aeronaves de origen venezolano al Aeropuerto Internacional Reina Beatriz. La conexi\u00f3n a\u00e9rea es un tema relevante para la actividad tur\u00edstica e incrementar la capacidad de conexi\u00f3n de&#8230;<\/p>\n","protected":false},"author":1,"featured_media":64205,"comment_status":"open","ping_status":"open","sticky":false,"template":"","format":"standard","meta":{"footnotes":""},"categories":[4,84],"tags":[11846,10219,9610,340],"class_list":["post-64204","post","type-post","status-publish","format-standard","has-post-thumbnail","hentry","category-breaking-news","category-internacionales","tag-elenatejeradirectora","tag-semanarioturistamagazine","tag-no-quieren-en-aruba-a-venezolanos","tag-peru"],"_links":{"self":[{"href":"https:\/\/www.turistamagazine.com\/v2\/index.php?rest_route=\/wp\/v2\/posts\/64204","targetHints":{"allow":["GET"]}}],"collection":[{"href":"https:\/\/www.turistamagazine.com\/v2\/index.php?rest_route=\/wp\/v2\/posts"}],"about":[{"href":"https:\/\/www.turistamagazine.com\/v2\/index.php?rest_route=\/wp\/v2\/types\/post"}],"author":[{"embeddable":true,"href":"https:\/\/www.turistamagazine.com\/v2\/index.php?rest_route=\/wp\/v2\/users\/1"}],"replies":[{"embeddable":true,"href":"https:\/\/www.turistamagazine.com\/v2\/index.php?rest_route=%2Fwp%2Fv2%2Fcomments&post=64204"}],"version-history":[{"count":2,"href":"https:\/\/www.turistamagazine.com\/v2\/index.php?rest_route=\/wp\/v2\/posts\/64204\/revisions"}],"predecessor-version":[{"id":64207,"href":"https:\/\/www.turistamagazine.com\/v2\/index.php?rest_route=\/wp\/v2\/posts\/64204\/revisions\/64207"}],"wp:featuredmedia":[{"embeddable":true,"href":"https:\/\/www.turistamagazine.com\/v2\/index.php?rest_route=\/wp\/v2\/media\/64205"}],"wp:attachment":[{"href":"https:\/\/www.turistamagazine.com\/v2\/index.php?rest_route=%2Fwp%2Fv2%2Fmedia&parent=64204"}],"wp:term":[{"taxonomy":"category","embeddable":true,"href":"https:\/\/www.turistamagazine.com\/v2\/index.php?rest_route=%2Fwp%2Fv2%2Fcategories&post=64204"},{"taxonomy":"post_tag","embeddable":true,"href":"https:\/\/www.turistamagazine.com\/v2\/index.php?rest_route=%2Fwp%2Fv2%2Ftags&post=64204"}],"curies":[{"name":"wp","href":"https:\/\/api.w.org\/{rel}","templated":true}]}}