{"id":64077,"date":"2024-08-13T20:14:11","date_gmt":"2024-08-14T01:14:11","guid":{"rendered":"https:\/\/www.turistamagazine.com\/v2\/?p=64077"},"modified":"2024-08-13T20:14:11","modified_gmt":"2024-08-14T01:14:11","slug":"la-region-ancash-peru-en-la-mirada-internacional","status":"publish","type":"post","link":"https:\/\/www.turistamagazine.com\/v2\/?p=64077","title":{"rendered":"LA REGI\u00d3N \u00c1NCASH-PERU, EN LA MIRADA INTERNACIONAL"},"content":{"rendered":"<p style=\"text-align: center;\"><span style=\"color: #333399;\"><em><strong>Medios \u00a0espa\u00f1oles resaltan potencial tur\u00edstico de la regi\u00f3n<\/strong><\/em><\/span><\/p>\n<p style=\"text-align: center;\"><span style=\"color: #333399;\"><em><strong>La regi\u00f3n norte\u00f1a es calificada como \u201ctesoro natural\u201d y \u201cjoya en los Andes peruanos\u201d en destacados portales de viajes de Espa\u00f1a.<\/strong><\/em><\/span><\/p>\n<p style=\"text-align: justify;\"><span style=\"color: #333399;\"><em><strong>PERU\/La riqueza cultural y natural de \u00c1ncash ha captado la atenci\u00f3n de importantes medios espa\u00f1oles y se ha convertido en la protagonista de diversas publicaciones. Estos art\u00edculos han puesto en relieve las imponentes monta\u00f1as de la Cordillera Blanca, el majestuoso Monumento Arqueol\u00f3gico de Chav\u00edn, as\u00ed como la flora y fauna \u00fanicas que posee esta fascinante regi\u00f3n de nuestro pa\u00eds.<\/strong><\/em><\/span><\/p>\n<p style=\"text-align: justify;\"><span style=\"color: #333399;\"><em><strong>Uno de los medios es Viajestic, el portal de viajes de la reconocida cadena espa\u00f1ola La Sexta, cuya lector\u00eda asciende a diez millones de personas. El art\u00edculo publicado se titula \u00ab\u00c1ncash, un tesoro natural por descubrir en Per\u00fa\u00bb y califica al Parque Nacional Huascar\u00e1n como un destino ideal para los amantes de la naturaleza, la escalada y el senderismo. Asimismo, califica a la Laguna 69 como un lugar inolvidable.<\/strong><\/em><\/span><\/p>\n<div id=\"attachment_64079\" style=\"width: 640px\" class=\"wp-caption aligncenter\"><a href=\"https:\/\/www.turistamagazine.com\/v2\/wp-content\/uploads\/2024\/08\/Fernando-Lopez-_-PROMPERU.jpg\"><img decoding=\"async\" aria-describedby=\"caption-attachment-64079\" class=\"wp-image-64079\" src=\"https:\/\/www.turistamagazine.com\/v2\/wp-content\/uploads\/2024\/08\/Fernando-Lopez-_-PROMPERU.jpg\" alt=\"\" width=\"630\" height=\"420\" srcset=\"https:\/\/www.turistamagazine.com\/v2\/wp-content\/uploads\/2024\/08\/Fernando-Lopez-_-PROMPERU.jpg 640w, https:\/\/www.turistamagazine.com\/v2\/wp-content\/uploads\/2024\/08\/Fernando-Lopez-_-PROMPERU-300x200.jpg 300w, https:\/\/www.turistamagazine.com\/v2\/wp-content\/uploads\/2024\/08\/Fernando-Lopez-_-PROMPERU-630x420.jpg 630w, https:\/\/www.turistamagazine.com\/v2\/wp-content\/uploads\/2024\/08\/Fernando-Lopez-_-PROMPERU-610x407.jpg 610w\" sizes=\"(max-width: 630px) 100vw, 630px\" \/><\/a><p id=\"caption-attachment-64079\" class=\"wp-caption-text\">F\/Fernando L\u00f3pez. Promperu<\/p><\/div>\n<p style=\"text-align: justify;\"><span style=\"color: #333399;\"><em><strong>De igual manera, los atractivos tur\u00edsticos de \u00c1ncash han destacado en medios especializados de Espa\u00f1a como Go Travel, Viajes y Lugares, Turistampa y Expreso. Estos medios resaltan la comodidad que ofrece la nueva ruta a\u00e9rea entre Lima y Anta para explorar la regi\u00f3n, as\u00ed como la rica herencia cultural de la regi\u00f3n, reconocida como la cuna de la cultura Chav\u00edn y hogar de uno de los monumentos arqueol\u00f3gicos m\u00e1s imponentes del Per\u00fa.<\/strong><\/em><\/span><\/p>\n<p style=\"text-align: justify;\"><span style=\"color: #333399;\"><em><strong>Estas publicaciones revelan el creciente inter\u00e9s de los medios espa\u00f1oles en \u00c1ncash, que se ha convertido en un foco de atracci\u00f3n para los turistas que buscan experiencias aut\u00e9nticas y cercanas a la naturaleza. La cobertura de esta regi\u00f3n en medios no solo la posiciona como un destino con gran potencial tur\u00edstico, sino que tambi\u00e9n refuerza la imagen del Per\u00fa como un pa\u00eds \u00fanico, con una oferta diversa y fascinante.<\/strong><\/em><\/span><\/p>\n<p style=\"text-align: justify;\"><span style=\"color: #333399;\"><em><strong>Mercado espa\u00f1ol<\/strong><\/em><\/span><\/p>\n<p style=\"text-align: justify;\"><span style=\"color: #333399;\"><em><strong>Espa\u00f1a es el primer mercado emisor en Europa de turistas hacia el Per\u00fa. Durante el 2023, el Per\u00fa recibi\u00f3 a 101 520 turistas espa\u00f1oles, lo cual representa un aumento del 7% respecto al a\u00f1o anterior. Seg\u00fan el perfil del turista espa\u00f1ol 2022, elaborado por PROMPER\u00da, el gasto promedio es de USD 1 396 durante 17 noches.<\/strong><\/em><\/span><\/p>\n<p>F\/Portada. Daniel Silva. <span style=\"color: #333399;\"><em><strong>PROMPER\u00da<\/strong><\/em><\/span><\/p>\n","protected":false},"excerpt":{"rendered":"<p>Medios \u00a0espa\u00f1oles resaltan potencial tur\u00edstico de la regi\u00f3n La regi\u00f3n norte\u00f1a es calificada como \u201ctesoro natural\u201d y \u201cjoya en los Andes peruanos\u201d en destacados portales de viajes de Espa\u00f1a. PERU\/La riqueza cultural y natural de \u00c1ncash ha captado la atenci\u00f3n de importantes medios espa\u00f1oles y se ha convertido en la protagonista de diversas publicaciones. Estos art\u00edculos han puesto en relieve las imponentes monta\u00f1as de la Cordillera Blanca, el majestuoso Monumento Arqueol\u00f3gico de Chav\u00edn, as\u00ed como la flora y fauna \u00fanicas que posee esta fascinante regi\u00f3n de nuestro pa\u00eds. Uno de los medios es Viajestic, el portal de viajes de la&#8230;<\/p>\n","protected":false},"author":1,"featured_media":64078,"comment_status":"open","ping_status":"open","sticky":false,"template":"","format":"standard","meta":{"footnotes":""},"categories":[4,82],"tags":[11846,10219,326],"class_list":["post-64077","post","type-post","status-publish","format-standard","has-post-thumbnail","hentry","category-breaking-news","category-nacionales","tag-elenatejeradirectora","tag-semanarioturistamagazine","tag-ancash"],"_links":{"self":[{"href":"https:\/\/www.turistamagazine.com\/v2\/index.php?rest_route=\/wp\/v2\/posts\/64077","targetHints":{"allow":["GET"]}}],"collection":[{"href":"https:\/\/www.turistamagazine.com\/v2\/index.php?rest_route=\/wp\/v2\/posts"}],"about":[{"href":"https:\/\/www.turistamagazine.com\/v2\/index.php?rest_route=\/wp\/v2\/types\/post"}],"author":[{"embeddable":true,"href":"https:\/\/www.turistamagazine.com\/v2\/index.php?rest_route=\/wp\/v2\/users\/1"}],"replies":[{"embeddable":true,"href":"https:\/\/www.turistamagazine.com\/v2\/index.php?rest_route=%2Fwp%2Fv2%2Fcomments&post=64077"}],"version-history":[{"count":1,"href":"https:\/\/www.turistamagazine.com\/v2\/index.php?rest_route=\/wp\/v2\/posts\/64077\/revisions"}],"predecessor-version":[{"id":64080,"href":"https:\/\/www.turistamagazine.com\/v2\/index.php?rest_route=\/wp\/v2\/posts\/64077\/revisions\/64080"}],"wp:featuredmedia":[{"embeddable":true,"href":"https:\/\/www.turistamagazine.com\/v2\/index.php?rest_route=\/wp\/v2\/media\/64078"}],"wp:attachment":[{"href":"https:\/\/www.turistamagazine.com\/v2\/index.php?rest_route=%2Fwp%2Fv2%2Fmedia&parent=64077"}],"wp:term":[{"taxonomy":"category","embeddable":true,"href":"https:\/\/www.turistamagazine.com\/v2\/index.php?rest_route=%2Fwp%2Fv2%2Fcategories&post=64077"},{"taxonomy":"post_tag","embeddable":true,"href":"https:\/\/www.turistamagazine.com\/v2\/index.php?rest_route=%2Fwp%2Fv2%2Ftags&post=64077"}],"curies":[{"name":"wp","href":"https:\/\/api.w.org\/{rel}","templated":true}]}}