{"id":63684,"date":"2024-06-21T11:52:13","date_gmt":"2024-06-21T16:52:13","guid":{"rendered":"https:\/\/www.turistamagazine.com\/v2\/?p=63684"},"modified":"2024-06-21T19:48:59","modified_gmt":"2024-06-22T00:48:59","slug":"aeropuerto-jorge-chavez-contara-con-luces-de-emergencia-traidas-de-arequipa-y-talara-anuncia-mtc","status":"publish","type":"post","link":"https:\/\/www.turistamagazine.com\/v2\/?p=63684","title":{"rendered":"AEROPUERTO JORGE CH\u00c1VEZ CONTAR\u00c1 CON LUCES DE EMERGENCIA TRA\u00cdDAS DE AREQUIPA Y TALARA, ANUNCIA MTC"},"content":{"rendered":"<p style=\"text-align: center;\"><span style=\"color: #333399;\"><em><strong>Ra\u00fal P\u00e9rez-Reyes coment\u00f3 que suministros estaban destinados a atender casos imprevistos.<\/strong><\/em><\/span><\/p>\n<p style=\"text-align: justify;\"><span style=\"color: #333399;\"><em><strong>LIMA\/PERU\/21\/06\/2024.- El ministro de Transportes y Comunicaciones, Ra\u00fal P\u00e9rez-Reyes, anunci\u00f3 la llegada de luces de emergencia port\u00e1tiles procedentes de los terminales a\u00e9reos de Talara y Arequipa. Esta medida se determin\u00f3 como precauci\u00f3n despu\u00e9s de que el Aeropuerto Internacional Jorge Ch\u00e1vez cerrara sus operaciones durante casi diez horas entre el domingo y el lunes debido a un problema con las luces en la pista de aterrizaje. Este incidente provoc\u00f3 la suspensi\u00f3n y desv\u00edo de m\u00e1s de 100 vuelos nacionales e internacionales, generando molestias y desconcierto entre los pasajeros.<\/strong><\/em><\/span><\/p>\n<p style=\"text-align: justify;\"><span style=\"color: #333399;\"><em><strong>\u201cLo que estamos haciendo es traer estos equipos a Lima mientras ocurre la entrada en vigor de la segunda pista, en el mes de septiembre, y luego cuando entre en reparaci\u00f3n la pista principal, estos equipos van a atender tambi\u00e9n de emergencia la segunda pista de forma tal que no haya problema de suministro de emergencia en ninguna de las dos ante un problema de falla el\u00e9ctrica como la que ocurri\u00f3\u201d, explic\u00f3.(&#8230;)<\/strong><\/em><\/span><\/p>\n<p style=\"text-align: justify;\"><span style=\"color: #333399;\"><em><strong>Estos artefactos, originalmente destinadas a atender posibles emergencias por lluvias en las regiones norte y sur del pa\u00eds, fueron adquiridas hace cuatro a\u00f1os. Se prev\u00e9 su utilizaci\u00f3n en caso de que las precipitaciones intensas afecten el sistema el\u00e9ctrico de los aeropuertos en esas \u00e1reas.<\/strong><\/em><\/span><\/p>\n<p style=\"text-align: justify;\"><span style=\"color: #333399;\"><em><strong>No obstante, el funcionario se\u00f1al\u00f3 que no se implementaron estas medidas en el aeropuerto Jorge Ch\u00e1vez porque, seg\u00fan \u00e9l, <span style=\"color: #800080;\">\u201cno hay un problema de lluvias severas\u201d<\/span> en la capital<\/strong><\/em><\/span><\/p>\n<p style=\"text-align: justify;\"><span style=\"color: #333399;\"><em><strong>Esta afirmaci\u00f3n ha suscitado algunas cr\u00edticas y cuestionamientos por parte de diversos sectores, especialmente considerando la importancia del terminal aeron\u00e1utico como principal punto de entrada y salida del pa\u00eds.<\/strong><\/em><\/span><\/p>\n<p style=\"text-align: justify;\"><span style=\"color: #333399;\"><em><strong>Asimismo, Ra\u00fal P\u00e9rez-Reyes gener\u00f3 la indignaci\u00f3n de la poblaci\u00f3n, luego de que el congresista y encargado de la Comisi\u00f3n de Defensa del Consumidor, Wilson Soto, comentara que al llamar al ministro para pedirle explicaciones por el incidente en el Jorge Ch\u00e1vez y solicitarle que se acercara al Parlamento para detallar los pormenores, este le contest\u00f3 que estaba \u201ccansado\u201d.(&#8230;)<\/strong><\/em><\/span><\/p>\n<p style=\"text-align: justify;\">\n","protected":false},"excerpt":{"rendered":"<p>Ra\u00fal P\u00e9rez-Reyes coment\u00f3 que suministros estaban destinados a atender casos imprevistos. LIMA\/PERU\/21\/06\/2024.- El ministro de Transportes y Comunicaciones, Ra\u00fal P\u00e9rez-Reyes, anunci\u00f3 la llegada de luces de emergencia port\u00e1tiles procedentes de los terminales a\u00e9reos de Talara y Arequipa. Esta medida se determin\u00f3 como precauci\u00f3n despu\u00e9s de que el Aeropuerto Internacional Jorge Ch\u00e1vez cerrara sus operaciones durante casi diez horas entre el domingo y el lunes debido a un problema con las luces en la pista de aterrizaje. Este incidente provoc\u00f3 la suspensi\u00f3n y desv\u00edo de m\u00e1s de 100 vuelos nacionales e internacionales, generando molestias y desconcierto entre los pasajeros. \u201cLo que&#8230;<\/p>\n","protected":false},"author":1,"featured_media":63685,"comment_status":"open","ping_status":"open","sticky":false,"template":"","format":"standard","meta":{"footnotes":""},"categories":[4,82],"tags":[10219,166],"class_list":["post-63684","post","type-post","status-publish","format-standard","has-post-thumbnail","hentry","category-breaking-news","category-nacionales","tag-semanarioturistamagazine","tag-aeropuerto-internacional-jorge-chavez"],"_links":{"self":[{"href":"https:\/\/www.turistamagazine.com\/v2\/index.php?rest_route=\/wp\/v2\/posts\/63684","targetHints":{"allow":["GET"]}}],"collection":[{"href":"https:\/\/www.turistamagazine.com\/v2\/index.php?rest_route=\/wp\/v2\/posts"}],"about":[{"href":"https:\/\/www.turistamagazine.com\/v2\/index.php?rest_route=\/wp\/v2\/types\/post"}],"author":[{"embeddable":true,"href":"https:\/\/www.turistamagazine.com\/v2\/index.php?rest_route=\/wp\/v2\/users\/1"}],"replies":[{"embeddable":true,"href":"https:\/\/www.turistamagazine.com\/v2\/index.php?rest_route=%2Fwp%2Fv2%2Fcomments&post=63684"}],"version-history":[{"count":2,"href":"https:\/\/www.turistamagazine.com\/v2\/index.php?rest_route=\/wp\/v2\/posts\/63684\/revisions"}],"predecessor-version":[{"id":63716,"href":"https:\/\/www.turistamagazine.com\/v2\/index.php?rest_route=\/wp\/v2\/posts\/63684\/revisions\/63716"}],"wp:featuredmedia":[{"embeddable":true,"href":"https:\/\/www.turistamagazine.com\/v2\/index.php?rest_route=\/wp\/v2\/media\/63685"}],"wp:attachment":[{"href":"https:\/\/www.turistamagazine.com\/v2\/index.php?rest_route=%2Fwp%2Fv2%2Fmedia&parent=63684"}],"wp:term":[{"taxonomy":"category","embeddable":true,"href":"https:\/\/www.turistamagazine.com\/v2\/index.php?rest_route=%2Fwp%2Fv2%2Fcategories&post=63684"},{"taxonomy":"post_tag","embeddable":true,"href":"https:\/\/www.turistamagazine.com\/v2\/index.php?rest_route=%2Fwp%2Fv2%2Ftags&post=63684"}],"curies":[{"name":"wp","href":"https:\/\/api.w.org\/{rel}","templated":true}]}}