{"id":63656,"date":"2024-06-13T10:28:45","date_gmt":"2024-06-13T15:28:45","guid":{"rendered":"https:\/\/www.turistamagazine.com\/v2\/?p=63656"},"modified":"2024-06-13T10:28:45","modified_gmt":"2024-06-13T15:28:45","slug":"el-arte-amazonico-se-luce-en-miraflores-mas-de-50-autores-presentaran-sus-obras-en-el-plam","status":"publish","type":"post","link":"https:\/\/www.turistamagazine.com\/v2\/?p=63656","title":{"rendered":"EL ARTE AMAZ\u00d3NICO SE LUCE EN MIRAFLORES: M\u00c1S DE 50 AUTORES PRESENTAR\u00c1N SUS OBRAS EN EL PLAM"},"content":{"rendered":"<p style=\"text-align: center;\"><em><strong><span style=\"color: #333399;\">Obra Gino Ceccarelli<\/span><\/strong><\/em><\/p>\n<p style=\"text-align: center;\"><span style=\"color: #333399;\"><em><strong>Muestra se titula <span style=\"color: #800080;\">\u201cGente planta, gente humana, gente animal\u201d<\/span> y se inaugura este viernes 14 de junio.<\/strong><\/em><\/span><\/p>\n<p style=\"text-align: center;\"><span style=\"color: #333399;\"><em><strong>Salas de exposiciones del Palacio de Artes de Miraflores reunir\u00e1n 100 piezas art\u00edsticas, con ingreso libre para el p\u00fablico en general.<\/strong><\/em><\/span><\/p>\n<p style=\"text-align: justify;\"><span style=\"color: #333399;\"><em><strong>MIRAFLORES\/13\/06\/2024.-. La municipalidad de Miraflores y el colectivo Bufeo. Amazon\u00eda + Arte presentan una colorida y novedosa exposici\u00f3n de arte llamada \u201cGente planta, gente humana, gente animal. Perspectivas amaz\u00f3nicas\u201d. La muestra consta de 100 piezas que estar\u00e1n disponibles para el deleite del p\u00fablico en las tres salas del Palacio de las Artes de Miraflores (PLAM).<\/strong><\/em><\/span><\/p>\n<p style=\"text-align: justify;\"><span style=\"color: #333399;\"><em><strong>La muestra ofrece una oportunidad para que vecinos y visitantes comprendan y aprecien el pensamiento y sentir de las sociedades contempor\u00e1neas de esta regi\u00f3n del pa\u00eds. Propone mirarla con otros ojos, entendiendo que en ese vasto territorio verde los humanos no ocupan un lugar central.<\/strong><\/em><\/span><\/p>\n<div id=\"attachment_63658\" style=\"width: 640px\" class=\"wp-caption aligncenter\"><a href=\"https:\/\/www.turistamagazine.com\/v2\/wp-content\/uploads\/2024\/06\/Obra-Zoltan-Keseru.jpg\"><img decoding=\"async\" aria-describedby=\"caption-attachment-63658\" class=\"wp-image-63658\" src=\"https:\/\/www.turistamagazine.com\/v2\/wp-content\/uploads\/2024\/06\/Obra-Zoltan-Keseru.jpg\" alt=\"\" width=\"630\" height=\"452\" srcset=\"https:\/\/www.turistamagazine.com\/v2\/wp-content\/uploads\/2024\/06\/Obra-Zoltan-Keseru.jpg 640w, https:\/\/www.turistamagazine.com\/v2\/wp-content\/uploads\/2024\/06\/Obra-Zoltan-Keseru-300x215.jpg 300w, https:\/\/www.turistamagazine.com\/v2\/wp-content\/uploads\/2024\/06\/Obra-Zoltan-Keseru-586x420.jpg 586w\" sizes=\"(max-width: 630px) 100vw, 630px\" \/><\/a><p id=\"caption-attachment-63658\" class=\"wp-caption-text\"><em><strong><span style=\"color: #333399;\">Obra Zoltan Keser\u00fc<\/span><\/strong><\/em><\/p><\/div>\n<p style=\"text-align: justify;\"><span style=\"color: #333399;\"><em><strong>\u201cGente planta, gente humana, gente animal\u201d promete ser un evento imperdible para los interesados en el arte y la cultura contempor\u00e1nea amaz\u00f3nica. Estar\u00e1 disponible al p\u00fablico desde el viernes 14 de junio hasta el pr\u00f3ximo 3 de agosto en el PLAM (Av. Larco 450) en el horario de martes a domingo de 11:00 a. m. a 9:00 p. m. El ingreso es libre.<\/strong><\/em><\/span><\/p>\n<p style=\"text-align: justify;\"><span style=\"color: #333399;\"><em><strong>Las obras de m\u00e1s de 50 artistas distribuidos en las salas Luis Mir\u00f3 Quesada Garland, Juan Acha y Media, nos invitan a explorar otras formas de ver, sentir y vivir la Amazon\u00eda. La exhibici\u00f3n incluye a reconocidos creadores como Olinda Silvano, Ashuco, Chonon Bensho, Graciela Arias, Gino Ceccarelli, Felipe Lettersten, Francesco Mariotti, Lu.Cu.Ma, Harry Pinedo, Fredy Tuanama, entre otros.<\/strong><\/em><\/span><\/p>\n<p style=\"text-align: justify;\"><span style=\"color: #333399;\"><em><strong>La exposici\u00f3n parte de dos conceptos clave: el perspectivismo y el animismo. El primero nos invita a generar un v\u00ednculo social con otros seres vivos, como animales y plantas, que seg\u00fan los ancestros siempre tuvieron la condici\u00f3n de \u201cgente\u201d. Por otro lado, el animismo atribuye alma y vida a todos los elementos del entorno natural, incluidos r\u00edos, rocas y plantas.<\/strong><\/em><\/span><\/p>\n<p style=\"text-align: justify;\"><span style=\"color: #333399;\"><em><strong>\u201cCreemos que un tema como el perspectivismo amaz\u00f3nico podr\u00eda contribuir a que en Lima se comprenda mejor el pensamiento y la forma de vida de sus sociedades contempor\u00e1neas\u201d, comentaron los curadores.<\/strong><\/em><\/span><\/p>\n<p style=\"text-align: justify;\"><span style=\"color: #333399;\"><em><strong>Gerencia de Comunicaciones e Imagen Institucional<\/strong><\/em><\/span><\/p>\n<p style=\"text-align: justify;\">\n","protected":false},"excerpt":{"rendered":"<p>Obra Gino Ceccarelli Muestra se titula \u201cGente planta, gente humana, gente animal\u201d y se inaugura este viernes 14 de junio. Salas de exposiciones del Palacio de Artes de Miraflores reunir\u00e1n 100 piezas art\u00edsticas, con ingreso libre para el p\u00fablico en general. MIRAFLORES\/13\/06\/2024.-. La municipalidad de Miraflores y el colectivo Bufeo. Amazon\u00eda + Arte presentan una colorida y novedosa exposici\u00f3n de arte llamada \u201cGente planta, gente humana, gente animal. Perspectivas amaz\u00f3nicas\u201d. La muestra consta de 100 piezas que estar\u00e1n disponibles para el deleite del p\u00fablico en las tres salas del Palacio de las Artes de Miraflores (PLAM). La muestra ofrece una&#8230;<\/p>\n","protected":false},"author":1,"featured_media":63657,"comment_status":"open","ping_status":"open","sticky":false,"template":"","format":"standard","meta":{"footnotes":""},"categories":[4,82],"tags":[],"class_list":["post-63656","post","type-post","status-publish","format-standard","has-post-thumbnail","hentry","category-breaking-news","category-nacionales"],"_links":{"self":[{"href":"https:\/\/www.turistamagazine.com\/v2\/index.php?rest_route=\/wp\/v2\/posts\/63656","targetHints":{"allow":["GET"]}}],"collection":[{"href":"https:\/\/www.turistamagazine.com\/v2\/index.php?rest_route=\/wp\/v2\/posts"}],"about":[{"href":"https:\/\/www.turistamagazine.com\/v2\/index.php?rest_route=\/wp\/v2\/types\/post"}],"author":[{"embeddable":true,"href":"https:\/\/www.turistamagazine.com\/v2\/index.php?rest_route=\/wp\/v2\/users\/1"}],"replies":[{"embeddable":true,"href":"https:\/\/www.turistamagazine.com\/v2\/index.php?rest_route=%2Fwp%2Fv2%2Fcomments&post=63656"}],"version-history":[{"count":1,"href":"https:\/\/www.turistamagazine.com\/v2\/index.php?rest_route=\/wp\/v2\/posts\/63656\/revisions"}],"predecessor-version":[{"id":63659,"href":"https:\/\/www.turistamagazine.com\/v2\/index.php?rest_route=\/wp\/v2\/posts\/63656\/revisions\/63659"}],"wp:featuredmedia":[{"embeddable":true,"href":"https:\/\/www.turistamagazine.com\/v2\/index.php?rest_route=\/wp\/v2\/media\/63657"}],"wp:attachment":[{"href":"https:\/\/www.turistamagazine.com\/v2\/index.php?rest_route=%2Fwp%2Fv2%2Fmedia&parent=63656"}],"wp:term":[{"taxonomy":"category","embeddable":true,"href":"https:\/\/www.turistamagazine.com\/v2\/index.php?rest_route=%2Fwp%2Fv2%2Fcategories&post=63656"},{"taxonomy":"post_tag","embeddable":true,"href":"https:\/\/www.turistamagazine.com\/v2\/index.php?rest_route=%2Fwp%2Fv2%2Ftags&post=63656"}],"curies":[{"name":"wp","href":"https:\/\/api.w.org\/{rel}","templated":true}]}}