{"id":63627,"date":"2024-06-10T14:54:28","date_gmt":"2024-06-10T19:54:28","guid":{"rendered":"https:\/\/www.turistamagazine.com\/v2\/?p=63627"},"modified":"2024-06-10T14:59:47","modified_gmt":"2024-06-10T19:59:47","slug":"colombia-en-el-recuerdo-un-pais-para-querer","status":"publish","type":"post","link":"https:\/\/www.turistamagazine.com\/v2\/?p=63627","title":{"rendered":"COLOMBIA EN EL RECUERDO, UN PAIS PARA QUERER"},"content":{"rendered":"<p style=\"text-align: center;\"><span style=\"color: #333399;\"><em><strong>En \u00a0los Llanos Orientales colombianos se encuentra una aut\u00e9ntica joya de la naturaleza que lo sorprender\u00e1: se trata de Ca\u00f1o Cristales, uno de los r\u00edos m\u00e1s hermosos del mundo.<\/strong><\/em><\/span><\/p>\n<p style=\"text-align: justify;\"><span style=\"color: #333399;\"><em><strong><span style=\"color: #800080;\">\u201cSue\u00f1o con castillos y balcones, en el atardecer de la bella Cartagena, y sue\u00f1o con \u00a1C\u00facuta! \u00a1Pasto! \u00a1Bogot\u00e1!&#8230; El Valle del Cuaca, el Magdalena, o el Rodadero\u2026 El Cerro de Monserrate\u2026 lugares recordados amados y queridos, como dec\u00eda el poeta colombiano, como se quiere a unos zapatos viejos\u2026\u201d<\/span> (Sue\u00f1os Tur\u00edsticos de Am\u00e9rica)\u00a0<\/strong><\/em><\/span><\/p>\n<p style=\"text-align: center;\"><span style=\"color: #333399;\"><em><strong>\u201cEL RIESGO ES QUE TE QUIERAS QUEDAR\u201d<\/strong><\/em><\/span><\/p>\n<p style=\"text-align: justify;\"><span style=\"color: #333399;\"><em><strong>Era el a\u00f1o 1972, bien marcado en nuestra vida, cuando llegar\u00edamos a Colombia por primera vez\u2026 Toda una aventura que tendr\u00eda su inicio en la venezolana ciudad de Barquisimeto, cuando dictando un curso sobre turismo el delegado de la Corporaci\u00f3n Nacional de Turismo de Colombia, nos ofrecer\u00eda la oportunidad de dictar nuestras lecciones en su pa\u00eds. \u00c9l se hab\u00eda desplazado de Caracas a esta ciudad, para participar como un simple alumno en nuestro curso que duraba un par de semanas. Era el a\u00f1o 1971. Nos acompa\u00f1aban nuestros queridos profesores \u2013 hoy lamentablemente fallecidos \u2013 Leoncio Afonso P\u00e9rez, Jos\u00e9 Manuel P\u00e9rez Borges y Jos\u00e9 Guillermo Rodr\u00edguez Acosta.<\/strong><\/em><\/span><\/p>\n<p style=\"text-align: justify;\"><span style=\"color: #333399;\"><em><strong>Ah\u00ed se nos abrieron las puertas de nuestra querida Colombia.<\/strong><\/em><\/span><\/p>\n<p style=\"text-align: justify;\"><span style=\"color: #333399;\"><em><strong>Para nosotros escribir sobre este hermoso singular pa\u00eds, es caer en el ba\u00fal de los m\u00e1s hermosos recuerdos y las m\u00e1s imborrables situaciones vividas alrededor de nuestras c\u00e9lebres andanzas dentro de un verdadero enjambre de aventuras, que no fueron so\u00f1adas, en el m\u00e1s puro de los sentidos, relacionados con la ense\u00f1anza del turismo.<\/strong><\/em><\/span><\/p>\n<div id=\"attachment_44190\" style=\"width: 640px\" class=\"wp-caption aligncenter\"><a href=\"https:\/\/www.turistamagazine.com\/v2\/wp-content\/uploads\/2020\/03\/cartagena-desde-el-aire.jpg\"><img decoding=\"async\" aria-describedby=\"caption-attachment-44190\" class=\"wp-image-44190\" src=\"https:\/\/www.turistamagazine.com\/v2\/wp-content\/uploads\/2020\/03\/cartagena-desde-el-aire.jpg\" alt=\"\" width=\"630\" height=\"394\" srcset=\"https:\/\/www.turistamagazine.com\/v2\/wp-content\/uploads\/2020\/03\/cartagena-desde-el-aire.jpg 800w, https:\/\/www.turistamagazine.com\/v2\/wp-content\/uploads\/2020\/03\/cartagena-desde-el-aire-300x188.jpg 300w, https:\/\/www.turistamagazine.com\/v2\/wp-content\/uploads\/2020\/03\/cartagena-desde-el-aire-768x480.jpg 768w, https:\/\/www.turistamagazine.com\/v2\/wp-content\/uploads\/2020\/03\/cartagena-desde-el-aire-672x420.jpg 672w, https:\/\/www.turistamagazine.com\/v2\/wp-content\/uploads\/2020\/03\/cartagena-desde-el-aire-610x381.jpg 610w, https:\/\/www.turistamagazine.com\/v2\/wp-content\/uploads\/2020\/03\/cartagena-desde-el-aire-158x100.jpg 158w\" sizes=\"(max-width: 630px) 100vw, 630px\" \/><\/a><p id=\"caption-attachment-44190\" class=\"wp-caption-text\"><span style=\"color: #333399;\"><strong><em>Cartagena de Indias, una de las joyas tur\u00edsticas de Colombia, cargada de an\u00e9cdotas y vivencias, en nuestros cursos de turismo, donde incluso ofrecimos uno especial a los polic\u00edas de ciudad, en el a\u00f1o 1973. Nada de eso exist\u00eda cuando conocimos <\/em><\/strong><\/span><\/p><\/div>\n<p style=\"text-align: justify;\"><span style=\"color: #333399;\"><em><strong>Tal ser\u00eda el reconocimiento y la recomendaci\u00f3n, del mencionado representante de la Corporaci\u00f3n Nacional de Turismo hiciese que este organismo no dud\u00f3 en ponernos todas las mejores condiciones para que inform\u00e1semos a los amigos colombianos lo que nosotros sab\u00edamos de turismo, dict\u00e1ndoles nuestros cursos en sus m\u00e1s preclaras ciudades en aquellos pasados a\u00f1os. Bogot\u00e1, Medell\u00edn, Cartagena de Indias, Cali y Popay\u00e1n.<\/strong><\/em><\/span><\/p>\n<p style=\"text-align: justify;\"><span style=\"color: #333399;\"><em><strong>Fueron d\u00edas maravillosos, acompa\u00f1ados de cuatro ilustres profesores paisanos que desde Canarias nos desplazamos al hermano pa\u00eds, y completamos un tremendo recorrido que propici\u00f3, el documento que guardamos como \u201coro en pa\u00f1o\u201d, que muestra el \u00e9xito de nuestra misi\u00f3n.<\/strong><\/em><\/span><\/p>\n<div id=\"attachment_43527\" style=\"width: 640px\" class=\"wp-caption aligncenter\"><a href=\"https:\/\/www.turistamagazine.com\/v2\/wp-content\/uploads\/2020\/01\/Popayan.jpg\"><img decoding=\"async\" aria-describedby=\"caption-attachment-43527\" class=\"wp-image-43527\" src=\"https:\/\/www.turistamagazine.com\/v2\/wp-content\/uploads\/2020\/01\/Popayan.jpg\" alt=\"\" width=\"630\" height=\"473\" srcset=\"https:\/\/www.turistamagazine.com\/v2\/wp-content\/uploads\/2020\/01\/Popayan.jpg 800w, https:\/\/www.turistamagazine.com\/v2\/wp-content\/uploads\/2020\/01\/Popayan-300x225.jpg 300w, https:\/\/www.turistamagazine.com\/v2\/wp-content\/uploads\/2020\/01\/Popayan-768x576.jpg 768w, https:\/\/www.turistamagazine.com\/v2\/wp-content\/uploads\/2020\/01\/Popayan-560x420.jpg 560w\" sizes=\"(max-width: 630px) 100vw, 630px\" \/><\/a><p id=\"caption-attachment-43527\" class=\"wp-caption-text\"><span style=\"color: #333399;\"><em><strong>Popayan, su estilo colonial y su cuidado por la naturaleza un buen ejemplo para toda Colombia, fue uno de los lugares donde impartir\u00edamos nuestros cursos-seminarios de turismo en el a\u00f1o 1972.<\/strong><\/em><\/span><\/p><\/div>\n<p style=\"text-align: justify;\"><span style=\"color: #333399;\"><em><strong>No podemos borrar de la memoria, Medell\u00edn Cali, Popay\u00e1n, Buenaventura\u2026 Bogot\u00e1 y su aeropuerto El Dorado, donde un avi\u00f3n de la prestigiosa AVIANCA, nos brind\u00f3 la oportunidad de comprobar c\u00f3mo se valoraba nuestra presencia en el pa\u00eds, retrasando su salida para esperarnos y abriendo nuevamente sus puertas para que subi\u00e9semos a el, cuando ya estaba a punto de comenzar su rodaje para despegar hacia Cartagena. Nuestro compa\u00f1ero en esa ocasi\u00f3n, el Dr. Jos\u00e9 Luis Mederos \u2013 testigo de esta aventura &#8211; y el que suscribe, no sal\u00edamos del asombro.<\/strong><\/em><\/span><\/p>\n<p style=\"text-align: justify;\"><span style=\"color: #800080;\"><em><strong>COLOMBIA Y EL TURISMO<\/strong><\/em><\/span><\/p>\n<p style=\"text-align: justify;\"><span style=\"color: #333399;\"><em><strong>Todo en Colombia respira turismo. Un pa\u00eds, que, en aquellos tiempos que recordamos, ya ten\u00eda un equipo de gu\u00edas de turismo oficiales &#8211; algunas de las cuales asistieron a nuestros cursos \u2013 y sorprendentemente una polic\u00eda de turismo, como veremos en una gr\u00e1fica en este reportaje &#8211; algo casi inaudito en aquel entonces &#8211; que no exist\u00eda en ning\u00fan pa\u00eds de Am\u00e9rica y que tampoco conoc\u00edamos que existiera en Europa.<\/strong><\/em><\/span><\/p>\n<div id=\"attachment_63629\" style=\"width: 640px\" class=\"wp-caption aligncenter\"><a href=\"https:\/\/www.turistamagazine.com\/v2\/wp-content\/uploads\/2024\/06\/policia-de-Turismo-1.jpg\"><img decoding=\"async\" aria-describedby=\"caption-attachment-63629\" class=\"wp-image-63629\" src=\"https:\/\/www.turistamagazine.com\/v2\/wp-content\/uploads\/2024\/06\/policia-de-Turismo-1.jpg\" alt=\"\" width=\"630\" height=\"660\" srcset=\"https:\/\/www.turistamagazine.com\/v2\/wp-content\/uploads\/2024\/06\/policia-de-Turismo-1.jpg 694w, https:\/\/www.turistamagazine.com\/v2\/wp-content\/uploads\/2024\/06\/policia-de-Turismo-1-286x300.jpg 286w, https:\/\/www.turistamagazine.com\/v2\/wp-content\/uploads\/2024\/06\/policia-de-Turismo-1-401x420.jpg 401w\" sizes=\"(max-width: 630px) 100vw, 630px\" \/><\/a><p id=\"caption-attachment-63629\" class=\"wp-caption-text\"><span style=\"color: #333399;\"><em><strong>1973. Ante la puerta del Museo del Oro, en Bogot\u00e1, recibiendo las atenciones de un Polic\u00eda de Turismo, de la municipalidad de la ciudad. <\/strong><\/em><\/span><\/p><\/div>\n<p style=\"text-align: justify;\"><span style=\"color: #333399;\"><em><strong>Colombia ya entonces nos mostr\u00f3 su vocaci\u00f3n tur\u00edstica, cuyos valores naturales son de una extraordinaria importancia y que los colombianos han sabido componer de forma muy acertada, como hemos visto, sin ning\u00fan g\u00e9nero de dudas, ya que ellos acompa\u00f1an a estos recursos naturales, con una alta profesionalidad, como pudimos comprobar con los directores de sus empresas tur\u00edsticas, gerentes de\u00a0 hoteles, sus profesionales de la ense\u00f1anza y sus mando directivos pol\u00edticos y empresariales de quienes guardamos los mejores recuerdos.<\/strong><\/em><\/span><\/p>\n<p style=\"text-align: justify;\"><span style=\"color: #800080;\"><em><strong>TURISMO Y COMPETENCIA TUR\u00cdSTICA<\/strong><\/em><\/span><\/p>\n<p style=\"text-align: justify;\"><span style=\"color: #333399;\"><em><strong>Desde al R\u00edo Magdalena, hasta las c\u00faspides de Los Andes, todo en Colombia, es una sinfon\u00eda de atractivos que nos llevan hasta su gastronom\u00eda, con su ajiaco, o la sobrebarriga, como unos ejemplos de la calidad de su imaginaci\u00f3n para componer los deliciosos platos t\u00edpicos del pa\u00eds, a los que se une su incomparable caf\u00e9, el cl\u00e1sico \u201ctinto\u201d que nos acompa\u00f1\u00f3 en todas nuestras intervenciones en aquellos memorables cursos, y que hoy es un atractivo que ya se ofrec\u00eda gratuitamente en sus aeropuertos en los a\u00f1os sesenta del pasado siglo.<\/strong><\/em><\/span><\/p>\n<div id=\"attachment_43531\" style=\"width: 640px\" class=\"wp-caption aligncenter\"><a href=\"https:\/\/www.turistamagazine.com\/v2\/wp-content\/uploads\/2020\/01\/catderal.jpg\"><img decoding=\"async\" aria-describedby=\"caption-attachment-43531\" class=\"wp-image-43531\" src=\"https:\/\/www.turistamagazine.com\/v2\/wp-content\/uploads\/2020\/01\/catderal.jpg\" alt=\"\" width=\"630\" height=\"642\" srcset=\"https:\/\/www.turistamagazine.com\/v2\/wp-content\/uploads\/2020\/01\/catderal.jpg 600w, https:\/\/www.turistamagazine.com\/v2\/wp-content\/uploads\/2020\/01\/catderal-295x300.jpg 295w, https:\/\/www.turistamagazine.com\/v2\/wp-content\/uploads\/2020\/01\/catderal-412x420.jpg 412w\" sizes=\"(max-width: 630px) 100vw, 630px\" \/><\/a><p id=\"caption-attachment-43531\" class=\"wp-caption-text\"><span style=\"color: #333399;\"><strong><em>En la Catedral de Sal, en Zipaquir\u00e1, durante una de nuestras visitas a Colombia llenas de imborrables extraordinarios recuerdos.\u00a0<\/em><\/strong><\/span><\/p><\/div>\n<div id=\"attachment_43532\" style=\"width: 640px\" class=\"wp-caption aligncenter\"><a href=\"https:\/\/www.turistamagazine.com\/v2\/wp-content\/uploads\/2020\/01\/catdrla-de-sla.jpg\"><img decoding=\"async\" aria-describedby=\"caption-attachment-43532\" class=\"wp-image-43532\" src=\"https:\/\/www.turistamagazine.com\/v2\/wp-content\/uploads\/2020\/01\/catdrla-de-sla.jpg\" alt=\"\" width=\"630\" height=\"473\" srcset=\"https:\/\/www.turistamagazine.com\/v2\/wp-content\/uploads\/2020\/01\/catdrla-de-sla.jpg 640w, https:\/\/www.turistamagazine.com\/v2\/wp-content\/uploads\/2020\/01\/catdrla-de-sla-300x225.jpg 300w, https:\/\/www.turistamagazine.com\/v2\/wp-content\/uploads\/2020\/01\/catdrla-de-sla-560x420.jpg 560w\" sizes=\"(max-width: 630px) 100vw, 630px\" \/><\/a><p id=\"caption-attachment-43532\" class=\"wp-caption-text\"><span style=\"color: #333399;\"><strong><em>Altar en el interior de la Catedral de Sal, con la imagen de la Virgen del Rosario de Guas\u00e1, patrona de los mineros, a quienes se debe la inspiraci\u00f3n de la citada joya arquitect\u00f3nica, hoy reliquia tur\u00edstica de poderoso atractivo para Colombia, F\/ Tejera Reyes.<\/em><\/strong><\/span><\/p><\/div>\n<p>&nbsp;<\/p>\n<p style=\"text-align: justify;\"><span style=\"color: #333399;\"><em><strong><span style=\"color: #800080;\">\u201cColombia tiene con que\u201d fue el reclamo publicitario de la campa\u00f1a pol\u00edtica, de un alcalde de Cali<\/span>. Es una verdad so\u00f1ada por otros pa\u00edses competidores en su proyecci\u00f3n tur\u00edstica, aunque esta palabra sabemos no es acertada, pues en el turismo todo es complementario y la competencia, si bien en la superficie lo parece as\u00ed,\u00a0 en el fondo de su estructura, todo es un complemento, y el turista del norte del hemisferio que viaja a Am\u00e9rica del Sur, le gustar\u00eda recorrerla toda, y si un a\u00f1o viene a una zona de Colombia y se sorprende y asombra en la Catedral de la Sal, o las playas de\u00a0 la Marbella cartagenera, al otro a\u00f1o, le gustar\u00eda ver donde Jorge Isaac situ\u00f3 a su \u201cMar\u00eda\u201d, o el Cali que cuenta Palacios en su \u201cEl Alf\u00e9rez Real\u201d, todo esto sin nombrar el impresionante .\u00a0 &#8211; no tenemos otra palabra m\u00e1s apropiada para catalogarlo &#8211; Museo del Oro, en Bogot\u00e1, capital \u00a0de Colombia \u2013 la Atenas de Am\u00e9rica &#8211; donde desde el penthouse de su edificio Tequendama, ve\u00edamos la ciudad bajo nosotros, distray\u00e9ndonos\u00a0 e inspir\u00e1ndonos en nuestras aulas, ya que desde all\u00ed comenz\u00e1bamos un recorrido que nos llevaba hasta el Valle del Aburra y su Medell\u00edn, con su Hotel Intercontinental, en aquellos tiempo ya muy famoso, y desde all\u00ed a la heroica Cartagena de Indias, para saltar, nuevamente pasando por Bogot\u00e1 a esa Cali, de nuestros mejores recuerdos, y al ambiente m\u00edtico de un Popay\u00e1n, que significaba la presencia y el contacto con el mundo colonial colombiano, como lo vi\u00e9ramos m\u00e1s tarde en Pasto.<\/strong><\/em><\/span><\/p>\n<div id=\"attachment_63631\" style=\"width: 490px\" class=\"wp-caption aligncenter\"><a href=\"https:\/\/www.turistamagazine.com\/v2\/wp-content\/uploads\/2024\/06\/TEQUENDAMA.jpg\"><img decoding=\"async\" aria-describedby=\"caption-attachment-63631\" class=\"wp-image-63631 size-full\" src=\"https:\/\/www.turistamagazine.com\/v2\/wp-content\/uploads\/2024\/06\/TEQUENDAMA.jpg\" alt=\"\" width=\"480\" height=\"600\" srcset=\"https:\/\/www.turistamagazine.com\/v2\/wp-content\/uploads\/2024\/06\/TEQUENDAMA.jpg 480w, https:\/\/www.turistamagazine.com\/v2\/wp-content\/uploads\/2024\/06\/TEQUENDAMA-240x300.jpg 240w, https:\/\/www.turistamagazine.com\/v2\/wp-content\/uploads\/2024\/06\/TEQUENDAMA-336x420.jpg 336w\" sizes=\"(max-width: 480px) 100vw, 480px\" \/><\/a><p id=\"caption-attachment-63631\" class=\"wp-caption-text\"><span style=\"color: #333399;\"><em><strong>El majestuoso Edificio Tequendama, Bogot\u00e1, en cuyo penhouse impartir\u00edamos nuestro curso durante 15 d\u00edas, en el a\u00f1o 1972, con un brillante \u00e9xito.<\/strong><\/em><\/span><\/p><\/div>\n<p style=\"text-align: justify;\"><span style=\"color: #333399;\"><em><strong>No termina ah\u00ed nuestro periplo colombiano que en otra memorable ocasi\u00f3n nos llevara hasta Pasto, despu\u00e9s de dirigir un curso en C\u00facuta y seguir la ruta atravesando el pa\u00eds de un lado a otro, con parada y conferencias en Cali, y una espl\u00e9ndida ruta por tierra, hasta Pasto.<\/strong><\/em><\/span><\/p>\n<div id=\"attachment_63632\" style=\"width: 640px\" class=\"wp-caption aligncenter\"><a href=\"https:\/\/www.turistamagazine.com\/v2\/wp-content\/uploads\/2024\/06\/Museo.jpg\"><img decoding=\"async\" aria-describedby=\"caption-attachment-63632\" class=\"wp-image-63632\" src=\"https:\/\/www.turistamagazine.com\/v2\/wp-content\/uploads\/2024\/06\/Museo.jpg\" alt=\"\" width=\"630\" height=\"473\" srcset=\"https:\/\/www.turistamagazine.com\/v2\/wp-content\/uploads\/2024\/06\/Museo.jpg 584w, https:\/\/www.turistamagazine.com\/v2\/wp-content\/uploads\/2024\/06\/Museo-300x225.jpg 300w, https:\/\/www.turistamagazine.com\/v2\/wp-content\/uploads\/2024\/06\/Museo-560x420.jpg 560w\" sizes=\"(max-width: 630px) 100vw, 630px\" \/><\/a><p id=\"caption-attachment-63632\" class=\"wp-caption-text\"><span style=\"color: #333399;\"><em><strong>Estampa gr\u00e1fica emblem\u00e1tica del MUSEO DEL ORO, en Bogot\u00e1, una de las joyas mas Preciadas de la atracci\u00f3n tur\u00edstica de Colombia, de un valor incalculable. <\/strong><\/em><\/span><\/p><\/div>\n<p style=\"text-align: justify;\"><span style=\"color: #800080;\"><em><strong>COLOMBIA, UN PAIS ENCANTADO<\/strong><\/em><\/span><\/p>\n<p style=\"text-align: justify;\"><span style=\"color: #333399;\"><em><strong>La capital de Colombia, Bogot\u00e1, nos trae a nosotros serios recuerdos de \u00e9pocas pasadas relacionados con nuestros primeros pasos en torno al desarrollo del turismo en tierras americanas.<\/strong><\/em><\/span><\/p>\n<p style=\"text-align: justify;\"><span style=\"color: #333399;\"><em><strong>No son simples an\u00e9cdotas el recuerdo de unos pajaritos amarillos revoloteando libremente en el despacho de una m\u00e1xima autoridad de la industria y el comercio colombiano, en la misma c\u00faspide acristalada del Edificio Tequendama, frente mismo al prestigioso hotel que la empresa Intercontinental gestionaba en Bogot\u00e1. Es uno de las decenas de recuerdos que vienen a nuestra mente de aquella memorable empresa que desde las Islas Canarias organizamos, y que ejecutamos en este esplendoroso pa\u00eds de Am\u00e9rica, donde, como decimos, Bogot\u00e1, Medell\u00edn, Cali, Popay\u00e1n y Cartagena de Indias, fueron testigos fieles de la presencia de ocho profesores canarios de reconocida val\u00eda, pertenecientes a nuestro centro de estudios, que durante algo as\u00ed como cuatro semanas, impartimos nuestros conocimientos bajo el gen\u00e9rico nombre de \u201ccultura tur\u00edstica\u201d con algo m\u00e1s de seiscientos interesados asistentes\u2026<\/strong><\/em><\/span><\/p>\n<div id=\"attachment_63633\" style=\"width: 640px\" class=\"wp-caption aligncenter\"><a href=\"https:\/\/www.turistamagazine.com\/v2\/wp-content\/uploads\/2024\/06\/Hotel-Inter.jpg\"><img decoding=\"async\" aria-describedby=\"caption-attachment-63633\" class=\"wp-image-63633\" src=\"https:\/\/www.turistamagazine.com\/v2\/wp-content\/uploads\/2024\/06\/Hotel-Inter.jpg\" alt=\"\" width=\"630\" height=\"473\" srcset=\"https:\/\/www.turistamagazine.com\/v2\/wp-content\/uploads\/2024\/06\/Hotel-Inter.jpg 640w, https:\/\/www.turistamagazine.com\/v2\/wp-content\/uploads\/2024\/06\/Hotel-Inter-300x225.jpg 300w, https:\/\/www.turistamagazine.com\/v2\/wp-content\/uploads\/2024\/06\/Hotel-Inter-560x420.jpg 560w\" sizes=\"(max-width: 630px) 100vw, 630px\" \/><\/a><p id=\"caption-attachment-63633\" class=\"wp-caption-text\"><span style=\"color: #333399;\"><strong><em>En el centro de la imagen, el espectacular Hotel Intercontinental Medell\u00edn, en su inmejorable situaci\u00f3n, de los mas c\u00e1lidos recuerdos durante el curso de estudios tur\u00edsticos, impartido por el Centro de Estudios Tur\u00edsticos de Canarias, en el a\u00f1o 1972, organizado por la Corporaci\u00f3n Nacional de Turismo de Colombia <\/em><\/strong><\/span><\/p><\/div>\n<p style=\"text-align: justify;\"><span style=\"color: #333399;\"><em><strong>Mas tarde desde aquel 1972, nuestra vinculaci\u00f3n al pa\u00eds, nos llevar\u00eda seguidamente a recorrer otros caminos, impuls\u00e1ndonos de un lado a otro de \u00e9l, con serias intervenciones desde C\u00facuta hasta Pasto\u2026 Son muchos los reportajes y las intervenciones que hemos realizado sobre Colombia en varias publicaciones diarias y revistas mundiales y m\u00e1s recientemente, en las aulas de la Universidad Externado de Colombia, en Bogot\u00e1 y Bucaramanga, tuvimos otra importante vivencia que, como es nuestra costumbre, tambi\u00e9n hemos dejado reflejada para la posteridad en la prensa digital y escrita.<\/strong><\/em><\/span><\/p>\n<div id=\"attachment_63635\" style=\"width: 640px\" class=\"wp-caption aligncenter\"><a href=\"https:\/\/www.turistamagazine.com\/v2\/wp-content\/uploads\/2024\/06\/Cucuta.jpg\"><img decoding=\"async\" aria-describedby=\"caption-attachment-63635\" class=\"wp-image-63635\" src=\"https:\/\/www.turistamagazine.com\/v2\/wp-content\/uploads\/2024\/06\/Cucuta.jpg\" alt=\"\" width=\"630\" height=\"474\" srcset=\"https:\/\/www.turistamagazine.com\/v2\/wp-content\/uploads\/2024\/06\/Cucuta.jpg 798w, https:\/\/www.turistamagazine.com\/v2\/wp-content\/uploads\/2024\/06\/Cucuta-300x226.jpg 300w, https:\/\/www.turistamagazine.com\/v2\/wp-content\/uploads\/2024\/06\/Cucuta-768x577.jpg 768w, https:\/\/www.turistamagazine.com\/v2\/wp-content\/uploads\/2024\/06\/Cucuta-559x420.jpg 559w\" sizes=\"(max-width: 630px) 100vw, 630px\" \/><\/a><p id=\"caption-attachment-63635\" class=\"wp-caption-text\"><span style=\"color: #333399;\"><em><strong>D\u00eda Mundial del Turismo 2016. Condecorado por la Alcald\u00eda de S. Jos\u00e9 de C\u00facuta, con la Medalla Juana Rangel de Cuellar, y declarado Hu\u00e9sped Ilustre, en solemne acto, celebrado en esa historia ciudad. <\/strong><\/em><\/span><\/p><\/div>\n<p style=\"text-align: justify;\"><span style=\"color: #800080;\"><em><strong>UN PA\u00cdS EN EL CANDELERO<\/strong><\/em><\/span><\/p>\n<p style=\"text-align: justify;\"><span style=\"color: #333399;\"><em><strong>De estos sue\u00f1os de Colombia es f\u00e1cil extraer todo el sentido de un pa\u00eds que se define por la diversidad de sus m\u00faltiples facetas atractivas para toda clase de turismo de una forma sobresaliente, como bien cuenta nuestro querido amigo <span style=\"color: #800080;\">Alejandro-Jos\u00e9 Gallard en su revista El Archivo, que nos env\u00eda todas las semanas del a\u00f1o. Donde nos sit\u00faa claramente en sus variables geogr\u00e1ficas.<\/span><\/strong><\/em><\/span><\/p>\n<p style=\"text-align: justify;\"><span style=\"color: #333399;\"><em><strong>Copiamos: \u201cColombia es una mezcla de tr\u00f3pico caribe\u00f1o y la Cordillera de los Andes, que en Colombia, forma un macizo seccionado en tres, Central, Occidental y Oriental. La Central est\u00e1 separada de la Occidental una distancia promedio de 400 m por una falla geol\u00f3gica ocupada por el r\u00edo Pat\u00eda al sur y por el r\u00edo Cauca al norte. La Oriental se separa gradualmente hacia el este creando la cuenca del r\u00edo m\u00e1s importante de Colombia, el Magdalena. Las tres cordilleras tienen picos principalmente de formaci\u00f3n volc\u00e1nica de m\u00e1s de 4000 msnm, muchos activos. La Central y la Oriental tienen picos de m\u00e1s de 5000 msnm cubiertos de nieves permanentes Las faldas forman valles y mesetas de tierras f\u00e9rtiles que reciben las aguas de r\u00edos que bajan de sus monta\u00f1as, con la que riegan una permanente producci\u00f3n agr\u00edcola y pecuaria, adem\u00e1s de espacios donde se han desarrollado ciudades, pueblos y comunidades con vida propia, que forman un enjambre comunitario entrelazados por magnificas carreteras, aunque dificultosas siempre las mantienen en buen estado, usando el sistema de peaje.\u201d<\/strong><\/em><\/span><\/p>\n<p style=\"text-align: justify;\"><span style=\"color: #333399;\"><em><strong>\u201cColombia es una democracia sostenible, a base de educaci\u00f3n, profesionalismo y la responsabilidad de un sector privado constructivo que apoya el bienestar de su fuerza laboral manteniendo fuentes de trabajo formales y mucho trabajo informal, esto, sumado al buen sistema de salud, consolida este pa\u00eds de 50 millones, que no para de aumentar. Un exportador agropecuario e industrial que ha penetrado el mercado mundial, con puertos en el Atl\u00e1ntico y el Pacifico, ofreciendo al mismo tiempo al consumidor nacional productos de calidad a precios asequibles.\u201d<\/strong><\/em><\/span><\/p>\n<p style=\"text-align: justify;\"><span style=\"color: #333399;\"><em><strong>S\u00edntesis extractada de lo publicado por Alejandro-Jos\u00e9, en su edici\u00f3n de El Archivo, que da una idea precisa sobre este querido pa\u00eds andino.\u00a0<\/strong><\/em><\/span><\/p>\n<p style=\"text-align: justify;\"><span style=\"color: #800080;\"><em><strong>COLOMBIA EN EL CORAZON<\/strong><\/em><\/span><\/p>\n<p style=\"text-align: justify;\"><span style=\"color: #333399;\"><em><strong>\u201cPara nosotros escribir sobre Colombia, es caer en el ba\u00fal de los m\u00e1s hermosos recuerdos y las m\u00e1s imborrables situaciones vividas alrededor de nuestras c\u00e9lebres andanzas dentro de un verdadero enjambre de aventuras que no fueron so\u00f1adas, en el m\u00e1s puro de los sentidos, relacionados con las ense\u00f1anzas del turismo\u00bb<\/strong><\/em><\/span><\/p>\n<div id=\"attachment_63634\" style=\"width: 510px\" class=\"wp-caption aligncenter\"><a href=\"https:\/\/www.turistamagazine.com\/v2\/wp-content\/uploads\/2024\/06\/Documento.jpg\"><img decoding=\"async\" aria-describedby=\"caption-attachment-63634\" class=\"wp-image-63634\" src=\"https:\/\/www.turistamagazine.com\/v2\/wp-content\/uploads\/2024\/06\/Documento.jpg\" alt=\"\" width=\"500\" height=\"690\" srcset=\"https:\/\/www.turistamagazine.com\/v2\/wp-content\/uploads\/2024\/06\/Documento.jpg 464w, https:\/\/www.turistamagazine.com\/v2\/wp-content\/uploads\/2024\/06\/Documento-218x300.jpg 218w, https:\/\/www.turistamagazine.com\/v2\/wp-content\/uploads\/2024\/06\/Documento-305x420.jpg 305w\" sizes=\"(max-width: 500px) 100vw, 500px\" \/><\/a><p id=\"caption-attachment-63634\" class=\"wp-caption-text\"><span style=\"color: #333399;\"><em><strong>Documento especial declaraci\u00f3n de la importancia que tubo en Colombia, nuestro curso-seminario de turismo, y fe del brillante \u00e9xito que se obtuvo con ello.<\/strong><\/em><\/span><\/p><\/div>\n<p style=\"text-align: justify;\"><span style=\"color: #333399;\"><em><strong>Tiempos de personas honestas y honradas que tienen muy claro lo que es servir a su pa\u00eds con la f\u00f3rmula que, sin discusi\u00f3n, es la ideal para conseguir la prosperidad de sus habitantes y la consolidaci\u00f3n de su nivel de vida adecuado. <span style=\"color: #800080;\">\u201cEl turismo es riqueza para la persona, para la familia, para la comunidad y para el mundo entero\u201d<\/span>, dice la Organizaci\u00f3n Mundial del Turismo, lo cual nosotros no nos cansamos de repetir y divulgar.<\/strong><\/em><\/span><\/p>\n<p style=\"text-align: justify;\"><span style=\"color: #333399;\"><em><strong>Intentamos de una manera clara y precisa, describir este singular pa\u00eds de Am\u00e9rica que tiene una personalidad\u00a0 propia, llena de una historia cargada de aventuras, que dan car\u00e1cter a sus habitantes y que hemos tenido la suerte de conocer muy \u00edntimamente, con lluvia, sol, fr\u00edo y calor, desde las cumbres de Bogot\u00e1, hasta las llanuras del Valle del Cauca, recre\u00e1ndonos con nuestros inolvidables\u00a0 recuerdos de nuestros permanentes contactos con decenas de amigos colombianos que han transitado por nuestros centros de ense\u00f1anzas tur\u00edsticas \u2013 Guillermo, Luz Elena, Eduardo, Gonzalo, Dorin, Sandra, Luis, etc. etc.-\u00a0 ilustr\u00e1ndonos con sus conocimientos y vivencias\u2026<\/strong><\/em><\/span><\/p>\n<p style=\"text-align: justify;\"><span style=\"color: #800080;\"><em><strong>Algo que nos lleva a recordar, aquel sublime verso del poeta cartagenero, que lo dice todo en cuanto a nuestro sentimiento por nuestra Colombia, a la que queremos como dec\u00eda el poeta, \u201ccomo se quiere a unos zapatos viejos\u201d<\/strong><\/em><\/span><\/p>\n<p>&nbsp;<\/p>\n<p><a href=\"https:\/\/www.turistamagazine.com\/v2\/wp-content\/uploads\/2024\/06\/monumento-a-los-zapatos-viejos-797678.jpg\"><img decoding=\"async\" class=\"wp-image-63636\" src=\"https:\/\/www.turistamagazine.com\/v2\/wp-content\/uploads\/2024\/06\/monumento-a-los-zapatos-viejos-797678.jpg\" alt=\"\" width=\"630\" height=\"405\" srcset=\"https:\/\/www.turistamagazine.com\/v2\/wp-content\/uploads\/2024\/06\/monumento-a-los-zapatos-viejos-797678.jpg 700w, https:\/\/www.turistamagazine.com\/v2\/wp-content\/uploads\/2024\/06\/monumento-a-los-zapatos-viejos-797678-300x193.jpg 300w, https:\/\/www.turistamagazine.com\/v2\/wp-content\/uploads\/2024\/06\/monumento-a-los-zapatos-viejos-797678-653x420.jpg 653w, https:\/\/www.turistamagazine.com\/v2\/wp-content\/uploads\/2024\/06\/monumento-a-los-zapatos-viejos-797678-610x392.jpg 610w\" sizes=\"(max-width: 630px) 100vw, 630px\" \/><\/a><\/p>\n<p style=\"text-align: justify;\"><span style=\"color: #333399;\"><em><strong>Antonio-Pedro Tejera Reyes <\/strong><\/em><\/span><\/p>\n<p style=\"text-align: justify;\"><span style=\"color: #333399;\"><em><strong> Del Grupo de Expertos de ONU Turismo (Organizaci\u00f3n Mundial del Turismo)<\/strong><\/em><\/span><\/p>\n<p style=\"text-align: justify;\"><span style=\"color: #333399;\"><em><strong>\u00a0<\/strong><\/em><\/span><\/p>\n<p style=\"text-align: justify;\"><span style=\"color: #333399;\"><em><strong>\u00a0<\/strong><\/em><\/span><\/p>\n<p>&nbsp;<\/p>\n","protected":false},"excerpt":{"rendered":"<p>En \u00a0los Llanos Orientales colombianos se encuentra una aut\u00e9ntica joya de la naturaleza que lo sorprender\u00e1: se trata de Ca\u00f1o Cristales, uno de los r\u00edos m\u00e1s hermosos del mundo. \u201cSue\u00f1o con castillos y balcones, en el atardecer de la bella Cartagena, y sue\u00f1o con \u00a1C\u00facuta! \u00a1Pasto! \u00a1Bogot\u00e1!&#8230; El Valle del Cuaca, el Magdalena, o el Rodadero\u2026 El Cerro de Monserrate\u2026 lugares recordados amados y queridos, como dec\u00eda el poeta colombiano, como se quiere a unos zapatos viejos\u2026\u201d (Sue\u00f1os Tur\u00edsticos de Am\u00e9rica)\u00a0 \u201cEL RIESGO ES QUE TE QUIERAS QUEDAR\u201d Era el a\u00f1o 1972, bien marcado en nuestra vida, cuando llegar\u00edamos a&#8230;<\/p>\n","protected":false},"author":1,"featured_media":55536,"comment_status":"open","ping_status":"open","sticky":false,"template":"","format":"standard","meta":{"footnotes":""},"categories":[85],"tags":[10217,11846,10219,206],"class_list":["post-63627","post","type-post","status-publish","format-standard","has-post-thumbnail","hentry","category-colum-invitados","tag-antoniopedrotejerareyes","tag-elenatejeradirectora","tag-semanarioturistamagazine","tag-colombia"],"_links":{"self":[{"href":"https:\/\/www.turistamagazine.com\/v2\/index.php?rest_route=\/wp\/v2\/posts\/63627","targetHints":{"allow":["GET"]}}],"collection":[{"href":"https:\/\/www.turistamagazine.com\/v2\/index.php?rest_route=\/wp\/v2\/posts"}],"about":[{"href":"https:\/\/www.turistamagazine.com\/v2\/index.php?rest_route=\/wp\/v2\/types\/post"}],"author":[{"embeddable":true,"href":"https:\/\/www.turistamagazine.com\/v2\/index.php?rest_route=\/wp\/v2\/users\/1"}],"replies":[{"embeddable":true,"href":"https:\/\/www.turistamagazine.com\/v2\/index.php?rest_route=%2Fwp%2Fv2%2Fcomments&post=63627"}],"version-history":[{"count":5,"href":"https:\/\/www.turistamagazine.com\/v2\/index.php?rest_route=\/wp\/v2\/posts\/63627\/revisions"}],"predecessor-version":[{"id":63640,"href":"https:\/\/www.turistamagazine.com\/v2\/index.php?rest_route=\/wp\/v2\/posts\/63627\/revisions\/63640"}],"wp:featuredmedia":[{"embeddable":true,"href":"https:\/\/www.turistamagazine.com\/v2\/index.php?rest_route=\/wp\/v2\/media\/55536"}],"wp:attachment":[{"href":"https:\/\/www.turistamagazine.com\/v2\/index.php?rest_route=%2Fwp%2Fv2%2Fmedia&parent=63627"}],"wp:term":[{"taxonomy":"category","embeddable":true,"href":"https:\/\/www.turistamagazine.com\/v2\/index.php?rest_route=%2Fwp%2Fv2%2Fcategories&post=63627"},{"taxonomy":"post_tag","embeddable":true,"href":"https:\/\/www.turistamagazine.com\/v2\/index.php?rest_route=%2Fwp%2Fv2%2Ftags&post=63627"}],"curies":[{"name":"wp","href":"https:\/\/api.w.org\/{rel}","templated":true}]}}