{"id":6362,"date":"2014-07-30T19:34:15","date_gmt":"2014-07-31T00:34:15","guid":{"rendered":"http:\/\/www.turistamagazine.com\/v2\/?p=6362"},"modified":"2014-07-30T19:34:15","modified_gmt":"2014-07-31T00:34:15","slug":"peru-turistas-nacionales-y-extranjeros-coparon-el-valle-del-colca","status":"publish","type":"post","link":"https:\/\/www.turistamagazine.com\/v2\/?p=6362","title":{"rendered":"PER\u00da: TURISTAS NACIONALES Y EXTRANJEROS COPARON EL VALLE DEL COLCA"},"content":{"rendered":"<p style=\"text-align: justify;\">Se estima que 10.000 turistas, entre nacionales y extranjeros, llegaron el \u00faltimo fin de semana al Valle del Colca en Arequipa aprovechando el feriado largo por Fiestas Patrias.<\/p>\n<p style=\"text-align: justify;\">Los hoteles en Chivay, la capital de la provincia de Caylloma y puerta de entrada al valle, estuvieron atiborrados de visitantes desde el pasado viernes. Algo similar ocurri\u00f3 en las localidades de Coparaque, Yanque, Sibayo y Cabanaconde.<\/p>\n<p style=\"text-align: justify;\">El presidente de la Asociaci\u00f3n de Hoteles y Restaurantes de Arequipa (Ahora), Rafael Cornejo, fue precisamente quien estim\u00f3 en 10.000 el n\u00famero de visitantes. Sin embargo, en Autocolca consideran que la cifra habr\u00eda sido superada gracias a la promoci\u00f3n que lanzaron para que los arequipe\u00f1os no paguen el concepto de boleto tur\u00edstico.<\/p>\n<p style=\"text-align: justify;\">El domingo 27, lunes 28 y martes 29 el mirador de la Cruz del C\u00f3ndor estuvo concurrido en extremo. Para suerte de los miles de visitantes, los c\u00f3ndores surcaron los aires durante varias horas.<\/p>\n<p style=\"text-align: justify;\">Otro de los sitios que registr\u00f3 muchas visitas fue el complejo denominado ba\u00f1os de La Calera en Chivay, las piscinas de aguas termales fueron de visita obligatoria para los visitantes.<\/p>\n<p style=\"text-align: justify;\">F\/ Andina<\/p>\n","protected":false},"excerpt":{"rendered":"<p>Se estima que 10.000 turistas, entre nacionales y extranjeros, llegaron el \u00faltimo fin de semana al Valle del Colca en Arequipa aprovechando el feriado largo por Fiestas Patrias. Los hoteles en Chivay, la capital de la provincia de Caylloma y puerta de entrada al valle, estuvieron atiborrados de visitantes desde el pasado viernes. Algo similar ocurri\u00f3 en las localidades de Coparaque, Yanque, Sibayo y Cabanaconde. El presidente de la Asociaci\u00f3n de Hoteles y Restaurantes de Arequipa (Ahora), Rafael Cornejo, fue precisamente quien estim\u00f3 en 10.000 el n\u00famero de visitantes. Sin embargo, en Autocolca consideran que la cifra habr\u00eda sido superada&#8230;<\/p>\n","protected":false},"author":1,"featured_media":0,"comment_status":"open","ping_status":"open","sticky":false,"template":"","format":"standard","meta":{"footnotes":""},"categories":[4,82],"tags":[268,321,340,117,349,330],"class_list":["post-6362","post","type-post","status-publish","format-standard","hentry","category-breaking-news","category-nacionales","tag-arequipa","tag-lima","tag-peru","tag-promocion-turistica","tag-promperu","tag-turismo-en-el-peru"],"_links":{"self":[{"href":"https:\/\/www.turistamagazine.com\/v2\/index.php?rest_route=\/wp\/v2\/posts\/6362","targetHints":{"allow":["GET"]}}],"collection":[{"href":"https:\/\/www.turistamagazine.com\/v2\/index.php?rest_route=\/wp\/v2\/posts"}],"about":[{"href":"https:\/\/www.turistamagazine.com\/v2\/index.php?rest_route=\/wp\/v2\/types\/post"}],"author":[{"embeddable":true,"href":"https:\/\/www.turistamagazine.com\/v2\/index.php?rest_route=\/wp\/v2\/users\/1"}],"replies":[{"embeddable":true,"href":"https:\/\/www.turistamagazine.com\/v2\/index.php?rest_route=%2Fwp%2Fv2%2Fcomments&post=6362"}],"version-history":[{"count":2,"href":"https:\/\/www.turistamagazine.com\/v2\/index.php?rest_route=\/wp\/v2\/posts\/6362\/revisions"}],"predecessor-version":[{"id":6364,"href":"https:\/\/www.turistamagazine.com\/v2\/index.php?rest_route=\/wp\/v2\/posts\/6362\/revisions\/6364"}],"wp:attachment":[{"href":"https:\/\/www.turistamagazine.com\/v2\/index.php?rest_route=%2Fwp%2Fv2%2Fmedia&parent=6362"}],"wp:term":[{"taxonomy":"category","embeddable":true,"href":"https:\/\/www.turistamagazine.com\/v2\/index.php?rest_route=%2Fwp%2Fv2%2Fcategories&post=6362"},{"taxonomy":"post_tag","embeddable":true,"href":"https:\/\/www.turistamagazine.com\/v2\/index.php?rest_route=%2Fwp%2Fv2%2Ftags&post=6362"}],"curies":[{"name":"wp","href":"https:\/\/api.w.org\/{rel}","templated":true}]}}