{"id":63449,"date":"2024-05-20T17:16:57","date_gmt":"2024-05-20T22:16:57","guid":{"rendered":"https:\/\/www.turistamagazine.com\/v2\/?p=63449"},"modified":"2024-05-23T06:28:32","modified_gmt":"2024-05-23T11:28:32","slug":"40-anos-de-skalega-merecido-reconocimiento","status":"publish","type":"post","link":"https:\/\/www.turistamagazine.com\/v2\/?p=63449","title":{"rendered":"40 A\u00d1OS DE SKALEGA: CARLOS L\u00d3PEZ MERECIDO RECONOCIMIENTO"},"content":{"rendered":"<p style=\"text-align: center;\"><em><strong><span style=\"color: #333399;\">40 A\u00d1OS DE SKALEGA, MERECIDO RECONOCIMIENTO<\/span><\/strong><\/em><\/p>\n<p><span style=\"color: #333399;\"><em><strong>Por Redacci\u00f3n.<\/strong><\/em><\/span><\/p>\n<p style=\"text-align: justify;\"><span style=\"color: #333399;\"><em><strong>LIMA\/PERU\/20\/05\/2024.-El \u00a0pasado jueves \u00a016 de Mayo \u00a0en el Phoenix Club, \u00a0se realiz\u00f3 el tradicional \u00a0almuerzo de los amigos del Skal Club de Lima, \u00a0donde invariablemente prima la amistad el buen gusto y la simpat\u00eda de todos los integrantes del Skal .<\/strong><\/em><\/span><\/p>\n<p style=\"text-align: justify;\"><span style=\"color: #333399;\"><em><strong>En el ambiente de camarader\u00eda que es habitual en estas reuniones \u00a0antes de empezar el almuerzo, nuestro buen amigo, Jorge Jochamowitz, \u00a0actual\u00a0 Presidente, solicit\u00f3 un minuto de silencio por el fallecimiento de Denisse Gislein, D.E.P., esposa de nuestro querido amigo y \u00a0miembro Skal,\u00a0 Joe Koehclin.<\/strong><\/em><\/span><\/p>\n<div id=\"attachment_63453\" style=\"width: 508px\" class=\"wp-caption aligncenter\"><a href=\"https:\/\/www.turistamagazine.com\/v2\/wp-content\/uploads\/2024\/05\/CARLOS-3.jpeg\"><img decoding=\"async\" aria-describedby=\"caption-attachment-63453\" class=\"wp-image-63453 size-full\" src=\"https:\/\/www.turistamagazine.com\/v2\/wp-content\/uploads\/2024\/05\/CARLOS-3.jpeg\" alt=\"\" width=\"498\" height=\"480\" srcset=\"https:\/\/www.turistamagazine.com\/v2\/wp-content\/uploads\/2024\/05\/CARLOS-3.jpeg 498w, https:\/\/www.turistamagazine.com\/v2\/wp-content\/uploads\/2024\/05\/CARLOS-3-300x289.jpeg 300w, https:\/\/www.turistamagazine.com\/v2\/wp-content\/uploads\/2024\/05\/CARLOS-3-436x420.jpeg 436w\" sizes=\"(max-width: 498px) 100vw, 498px\" \/><\/a><p id=\"caption-attachment-63453\" class=\"wp-caption-text\"><span style=\"color: #333399;\"><em><strong>Momento Cumbre \u00abque 40 a\u00f1os no es nada\u00bb , que febril la mirada errante en las sombras&#8230; dice el tango Carlos<\/strong><\/em><\/span><\/p><\/div>\n<p style=\"text-align: justify;\"><span style=\"color: #333399;\"><em><strong>Seguidamente, hizo menci\u00f3n del reciente Congreso Latinoamericano, en SANTA FE. Argentina, donde asisti\u00f3 \u00a0en su calidad de Presidente Jorge Jochamowitz,\u00a0 acompa\u00f1ado de Heddy, Rosemarie, Danuta y Mario. \u00a0Asimismo \u00a0hizo presente los saludos y recuerdos\u00a0 de los Congresistas de otros pa\u00edses asistentes al congreso en SANTA FE, que siempre recuerdan la asistencia de \u00a0(Carlos y Tibisay) a incontables congresos latinos.<\/strong><\/em><\/span><\/p>\n<div id=\"attachment_63451\" style=\"width: 640px\" class=\"wp-caption aligncenter\"><a href=\"https:\/\/www.turistamagazine.com\/v2\/wp-content\/uploads\/2024\/05\/CARLOS-LOPEZ.jpeg\"><img decoding=\"async\" aria-describedby=\"caption-attachment-63451\" class=\"wp-image-63451\" src=\"https:\/\/www.turistamagazine.com\/v2\/wp-content\/uploads\/2024\/05\/CARLOS-LOPEZ.jpeg\" alt=\"\" width=\"630\" height=\"522\" srcset=\"https:\/\/www.turistamagazine.com\/v2\/wp-content\/uploads\/2024\/05\/CARLOS-LOPEZ.jpeg 724w, https:\/\/www.turistamagazine.com\/v2\/wp-content\/uploads\/2024\/05\/CARLOS-LOPEZ-300x249.jpeg 300w, https:\/\/www.turistamagazine.com\/v2\/wp-content\/uploads\/2024\/05\/CARLOS-LOPEZ-507x420.jpeg 507w\" sizes=\"(max-width: 630px) 100vw, 630px\" \/><\/a><p id=\"caption-attachment-63451\" class=\"wp-caption-text\">C<em><strong><span style=\"color: #333399;\">arlos L\u00f3pez, Miriam Jim\u00e9nez y Jorge Jochamowitz,<\/span><\/strong><\/em><\/p><\/div>\n<p style=\"text-align: justify;\"><span style=\"color: #333399;\"><em><strong>Carlos muy emocionado agradeci\u00f3 por la imposici\u00f3n del Pin por \u00a0+ 40 a\u00f1os de permanencia como miembro Skal\u00a0 que por encargo de la Presidente Mundial del Skal, \u00a0se le concedi\u00f3 asimismo, por la infaltable asistencia a los Congreso \u00a0en que asisti\u00f3 con Tibisay, que fueron 30,\u00a0 entre Internacional y Latino, y\u00a0 la funci\u00f3n por 6 a\u00f1os, como Consejero para el \u00e1rea Latinoamericana<\/strong><\/em><\/span><\/p>\n<div id=\"attachment_63455\" style=\"width: 640px\" class=\"wp-caption aligncenter\"><a href=\"https:\/\/www.turistamagazine.com\/v2\/wp-content\/uploads\/2024\/05\/CARLOS-2.jpeg\"><img decoding=\"async\" aria-describedby=\"caption-attachment-63455\" class=\"wp-image-63455\" src=\"https:\/\/www.turistamagazine.com\/v2\/wp-content\/uploads\/2024\/05\/CARLOS-2.jpeg\" alt=\"\" width=\"630\" height=\"473\" srcset=\"https:\/\/www.turistamagazine.com\/v2\/wp-content\/uploads\/2024\/05\/CARLOS-2.jpeg 800w, https:\/\/www.turistamagazine.com\/v2\/wp-content\/uploads\/2024\/05\/CARLOS-2-300x225.jpeg 300w, https:\/\/www.turistamagazine.com\/v2\/wp-content\/uploads\/2024\/05\/CARLOS-2-768x576.jpeg 768w, https:\/\/www.turistamagazine.com\/v2\/wp-content\/uploads\/2024\/05\/CARLOS-2-560x420.jpeg 560w\" sizes=\"(max-width: 630px) 100vw, 630px\" \/><\/a><p id=\"caption-attachment-63455\" class=\"wp-caption-text\"><em><strong><span style=\"color: #333399;\">Parte Importante de los m\u00e1s m\u00e1s, del turismo !! Skal 16 May 24 . Jorge, David, Ramiro, Augusto, Ricardo, Willy, y Carlos\u00a0 en el almuerzo Skal, Phoenix Club<\/span> .<\/strong><\/em><\/p><\/div>\n<p style=\"text-align: justify;\"><span style=\"color: #800080;\"><em><strong>Naturalmente que para nuestro querido amigo Carlos L\u00f3pez lo mejor de este premio es la invalorable amistad \u00a0y cari\u00f1o de todos los miembros del Skal a trav\u00e9s de los a\u00f1os. \u00a0Finalmente recordemos que Carlos L\u00f3pez es Presidente Honorario\u00a0 SKAL Lima<\/strong><\/em><\/span><\/p>\n<p style=\"text-align: justify;\">\n","protected":false},"excerpt":{"rendered":"<p>40 A\u00d1OS DE SKALEGA, MERECIDO RECONOCIMIENTO Por Redacci\u00f3n. LIMA\/PERU\/20\/05\/2024.-El \u00a0pasado jueves \u00a016 de Mayo \u00a0en el Phoenix Club, \u00a0se realiz\u00f3 el tradicional \u00a0almuerzo de los amigos del Skal Club de Lima, \u00a0donde invariablemente prima la amistad el buen gusto y la simpat\u00eda de todos los integrantes del Skal . En el ambiente de camarader\u00eda que es habitual en estas reuniones \u00a0antes de empezar el almuerzo, nuestro buen amigo, Jorge Jochamowitz, \u00a0actual\u00a0 Presidente, solicit\u00f3 un minuto de silencio por el fallecimiento de Denisse Gislein, D.E.P., esposa de nuestro querido amigo y \u00a0miembro Skal,\u00a0 Joe Koehclin. Seguidamente, hizo menci\u00f3n del reciente Congreso&#8230;<\/p>\n","protected":false},"author":1,"featured_media":63454,"comment_status":"open","ping_status":"open","sticky":false,"template":"","format":"standard","meta":{"footnotes":""},"categories":[4,82],"tags":[11846,10219,158,156],"class_list":["post-63449","post","type-post","status-publish","format-standard","has-post-thumbnail","hentry","category-breaking-news","category-nacionales","tag-elenatejeradirectora","tag-semanarioturistamagazine","tag-carlos-lopez","tag-skal-club-de-lima"],"_links":{"self":[{"href":"https:\/\/www.turistamagazine.com\/v2\/index.php?rest_route=\/wp\/v2\/posts\/63449","targetHints":{"allow":["GET"]}}],"collection":[{"href":"https:\/\/www.turistamagazine.com\/v2\/index.php?rest_route=\/wp\/v2\/posts"}],"about":[{"href":"https:\/\/www.turistamagazine.com\/v2\/index.php?rest_route=\/wp\/v2\/types\/post"}],"author":[{"embeddable":true,"href":"https:\/\/www.turistamagazine.com\/v2\/index.php?rest_route=\/wp\/v2\/users\/1"}],"replies":[{"embeddable":true,"href":"https:\/\/www.turistamagazine.com\/v2\/index.php?rest_route=%2Fwp%2Fv2%2Fcomments&post=63449"}],"version-history":[{"count":10,"href":"https:\/\/www.turistamagazine.com\/v2\/index.php?rest_route=\/wp\/v2\/posts\/63449\/revisions"}],"predecessor-version":[{"id":63501,"href":"https:\/\/www.turistamagazine.com\/v2\/index.php?rest_route=\/wp\/v2\/posts\/63449\/revisions\/63501"}],"wp:featuredmedia":[{"embeddable":true,"href":"https:\/\/www.turistamagazine.com\/v2\/index.php?rest_route=\/wp\/v2\/media\/63454"}],"wp:attachment":[{"href":"https:\/\/www.turistamagazine.com\/v2\/index.php?rest_route=%2Fwp%2Fv2%2Fmedia&parent=63449"}],"wp:term":[{"taxonomy":"category","embeddable":true,"href":"https:\/\/www.turistamagazine.com\/v2\/index.php?rest_route=%2Fwp%2Fv2%2Fcategories&post=63449"},{"taxonomy":"post_tag","embeddable":true,"href":"https:\/\/www.turistamagazine.com\/v2\/index.php?rest_route=%2Fwp%2Fv2%2Ftags&post=63449"}],"curies":[{"name":"wp","href":"https:\/\/api.w.org\/{rel}","templated":true}]}}