{"id":63336,"date":"2024-05-09T17:08:13","date_gmt":"2024-05-09T22:08:13","guid":{"rendered":"https:\/\/www.turistamagazine.com\/v2\/?p=63336"},"modified":"2024-05-09T17:08:13","modified_gmt":"2024-05-09T22:08:13","slug":"micentur-espera-lograr-que-4-4-millones-de-turistas-extranjeros-lleguen-al-peru-este-ano","status":"publish","type":"post","link":"https:\/\/www.turistamagazine.com\/v2\/?p=63336","title":{"rendered":"MICENTUR \u00a0ESPERA LOGRAR QUE 4.4 MILLONES DE TURISTAS EXTRANJEROS LLEGUEN AL PER\u00da ESTE A\u00d1O"},"content":{"rendered":"<p style=\"text-align: justify;\"><span style=\"color: #333399;\"><em><strong>LIMA\/PERU\/09\/05\/ 2024.- \u201cNuestra visi\u00f3n al 2030 es convertir al Per\u00fa en el mejor destino de Latinoam\u00e9rica, basados en nuestra fortaleza como destino cultural, gastron\u00f3mico y de naturaleza y aventura\u201d, afirm\u00f3 la ministra de Comercio Exterior y Turismo, Elizabeth Galdo, durante su participaci\u00f3n en la conferencia de prensa posterior a la reuni\u00f3n de Consejo de Ministros.<\/strong><\/em><\/span><\/p>\n<p style=\"text-align: justify;\"><span style=\"color: #333399;\"><em><strong>\u00a0\u201cEsta visi\u00f3n 360 est\u00e1 focalizada en priorizar la promoci\u00f3n de nuestro pa\u00eds teniendo como paraguas al Mincetur como ente rector, con el soporte del viceministerio de Turismo, Plan Copesco Nacional, Cenfotur y PROMPERU. Ello en coordinaci\u00f3n y articulaci\u00f3n permanente con el sector privado y el Gobierno Nacional, regional y local\u201d, precis\u00f3 la ministra Galdo Mar\u00edn.<\/strong><\/em><\/span><\/p>\n<p style=\"text-align: justify;\"><span style=\"color: #333399;\"><em><strong>La titular del sector destac\u00f3 que, para este 2024, el Mincetur se ha propuesto el gran reto de lograr el arribo de 4.4 millones de turistas extranjeros a nuestro pa\u00eds, cifra que permitir\u00e1 alcanzar los niveles obtenidos antes de la pandemia.<\/strong><\/em><\/span><\/p>\n<div id=\"attachment_60425\" style=\"width: 640px\" class=\"wp-caption aligncenter\"><a href=\"https:\/\/www.turistamagazine.com\/v2\/wp-content\/uploads\/2023\/04\/TARMA-1.jpg\"><img decoding=\"async\" aria-describedby=\"caption-attachment-60425\" class=\"wp-image-60425\" src=\"https:\/\/www.turistamagazine.com\/v2\/wp-content\/uploads\/2023\/04\/TARMA-1.jpg\" alt=\"\" width=\"630\" height=\"210\" srcset=\"https:\/\/www.turistamagazine.com\/v2\/wp-content\/uploads\/2023\/04\/TARMA-1.jpg 640w, https:\/\/www.turistamagazine.com\/v2\/wp-content\/uploads\/2023\/04\/TARMA-1-300x100.jpg 300w, https:\/\/www.turistamagazine.com\/v2\/wp-content\/uploads\/2023\/04\/TARMA-1-610x203.jpg 610w\" sizes=\"(max-width: 630px) 100vw, 630px\" \/><\/a><p id=\"caption-attachment-60425\" class=\"wp-caption-text\"><em><strong><span style=\"color: #333399;\">La hermosa Plaza Principal de Tarma\u00a0 y su bella Catedral con un ambiente buc\u00f3lico y relajante<\/span><\/strong><\/em><\/p><\/div>\n<p style=\"text-align: justify;\"><span style=\"color: #333399;\"><em><strong>Asimismo, indic\u00f3 que su gesti\u00f3n ha proyectado lograr 48 millones de viajes nacionales durante el 2024. \u201cCon esta meta buscamos generar m\u00e1s empleo, un mayor aporte al PBI y obtener m\u00e1s divisas\u201d, indic\u00f3.<\/strong><\/em><\/span><\/p>\n<p style=\"text-align: justify;\"><span style=\"color: #333399;\"><em><strong>En ese sentido, detall\u00f3 que se estima generar alrededor de un mill\u00f3n y medio de empleos, 26% m\u00e1s que en el 2023. Adem\u00e1s, el aporte del turismo al PBI se incrementar\u00e1 en 1.4 puntos porcentuales alcanzando el 3.9% al cierre del 2024. Con ello, se prev\u00e9 obtener 1, 314 millones de d\u00f3lares m\u00e1s en divisas.<\/strong><\/em><\/span><\/p>\n<p style=\"text-align: justify;\"><span style=\"color: #333399;\"><em><strong>\u00a0CONECTIVIDAD<\/strong><\/em><\/span><\/p>\n<p style=\"text-align: justify;\"><span style=\"color: #333399;\"><em><strong>\u00a0La ministra Galdo mencion\u00f3 que la conectividad es un aspecto fundamental para impulsar el turismo en el pa\u00eds, por lo que trabajar\u00e1 en articulaci\u00f3n con otros sectores, como el ministerio de Transportes y Comunicaciones e Interior. \u201cDebemos trabajar en aquellos aspectos que afectan el flujo de viajes internacionales. El Per\u00fa se encuentra conectado con 21 pa\u00edses, de los cuales 12 son mercados priorizados, lo cual es una oportunidad para el turismo receptivo\u201d, acot\u00f3.<\/strong><\/em><\/span><\/p>\n<div id=\"attachment_58005\" style=\"width: 640px\" class=\"wp-caption aligncenter\"><a href=\"https:\/\/www.turistamagazine.com\/v2\/wp-content\/uploads\/2022\/09\/Lineas-de-Nazca.png\"><img decoding=\"async\" aria-describedby=\"caption-attachment-58005\" class=\"wp-image-58005\" src=\"https:\/\/www.turistamagazine.com\/v2\/wp-content\/uploads\/2022\/09\/Lineas-de-Nazca.png\" alt=\"\" width=\"630\" height=\"420\" srcset=\"https:\/\/www.turistamagazine.com\/v2\/wp-content\/uploads\/2022\/09\/Lineas-de-Nazca.png 600w, https:\/\/www.turistamagazine.com\/v2\/wp-content\/uploads\/2022\/09\/Lineas-de-Nazca-300x200.png 300w\" sizes=\"(max-width: 630px) 100vw, 630px\" \/><\/a><p id=\"caption-attachment-58005\" class=\"wp-caption-text\"><span style=\"color: #333399;\"><em><strong>Las enigm\u00e1ticas l\u00edneas de Nazca el segundo atractivo de Per\u00fa que genera mucho turismo hacia la regi\u00f3n Ica<\/strong><\/em><\/span><\/p><\/div>\n<p style=\"text-align: justify;\"><span style=\"color: #333399;\"><em><strong>Agreg\u00f3 que se enfocar\u00e1 en la captaci\u00f3n de nuevas aerol\u00edneas que no tienen actualmente operaci\u00f3n en Per\u00fa, y en la recuperaci\u00f3n de rutas de aerol\u00edneas que ya operan en el pa\u00eds. Con respecto al flujo tur\u00edstico fronterizo, mencion\u00f3 que se trabajar\u00e1 en coordinaci\u00f3n con los prestadores de servicios tur\u00edsticos de las principales ciudades lim\u00edtrofes y se impulsar\u00e1n los eventos gastron\u00f3micos, entre otras acciones.<\/strong><\/em><\/span><\/p>\n<p style=\"text-align: justify;\"><span style=\"color: #333399;\"><em><strong>\u00a0\u201cNos hemos planteado un reto ambicioso que tiene como objetivo recuperar el turismo en nuestro pa\u00eds, considerando el alto impacto que tiene en la actividad econ\u00f3mica\u201d, finaliz\u00f3 la ministra Elizabeth Galdo.<\/strong><\/em><\/span><\/p>\n<p style=\"text-align: justify;\">\n<p style=\"text-align: justify;\"><em><strong>OFICINA DE COMUNICACIONES Y PROTOCOLO<\/strong><\/em><\/p>\n<p style=\"text-align: justify;\"><em><strong>MINISTERIO DE COMERCIO EXTERIOR Y TURISMO<\/strong><\/em><\/p>\n","protected":false},"excerpt":{"rendered":"<p>LIMA\/PERU\/09\/05\/ 2024.- \u201cNuestra visi\u00f3n al 2030 es convertir al Per\u00fa en el mejor destino de Latinoam\u00e9rica, basados en nuestra fortaleza como destino cultural, gastron\u00f3mico y de naturaleza y aventura\u201d, afirm\u00f3 la ministra de Comercio Exterior y Turismo, Elizabeth Galdo, durante su participaci\u00f3n en la conferencia de prensa posterior a la reuni\u00f3n de Consejo de Ministros. \u00a0\u201cEsta visi\u00f3n 360 est\u00e1 focalizada en priorizar la promoci\u00f3n de nuestro pa\u00eds teniendo como paraguas al Mincetur como ente rector, con el soporte del viceministerio de Turismo, Plan Copesco Nacional, Cenfotur y PROMPERU. Ello en coordinaci\u00f3n y articulaci\u00f3n permanente con el sector privado y el&#8230;<\/p>\n","protected":false},"author":1,"featured_media":63311,"comment_status":"open","ping_status":"open","sticky":false,"template":"","format":"standard","meta":{"footnotes":""},"categories":[4,82],"tags":[10219,350,6132,330],"class_list":["post-63336","post","type-post","status-publish","format-standard","has-post-thumbnail","hentry","category-breaking-news","category-nacionales","tag-semanarioturistamagazine","tag-mincetur","tag-portal-de-noticias-turistamagazine","tag-turismo-en-el-peru"],"_links":{"self":[{"href":"https:\/\/www.turistamagazine.com\/v2\/index.php?rest_route=\/wp\/v2\/posts\/63336","targetHints":{"allow":["GET"]}}],"collection":[{"href":"https:\/\/www.turistamagazine.com\/v2\/index.php?rest_route=\/wp\/v2\/posts"}],"about":[{"href":"https:\/\/www.turistamagazine.com\/v2\/index.php?rest_route=\/wp\/v2\/types\/post"}],"author":[{"embeddable":true,"href":"https:\/\/www.turistamagazine.com\/v2\/index.php?rest_route=\/wp\/v2\/users\/1"}],"replies":[{"embeddable":true,"href":"https:\/\/www.turistamagazine.com\/v2\/index.php?rest_route=%2Fwp%2Fv2%2Fcomments&post=63336"}],"version-history":[{"count":1,"href":"https:\/\/www.turistamagazine.com\/v2\/index.php?rest_route=\/wp\/v2\/posts\/63336\/revisions"}],"predecessor-version":[{"id":63337,"href":"https:\/\/www.turistamagazine.com\/v2\/index.php?rest_route=\/wp\/v2\/posts\/63336\/revisions\/63337"}],"wp:featuredmedia":[{"embeddable":true,"href":"https:\/\/www.turistamagazine.com\/v2\/index.php?rest_route=\/wp\/v2\/media\/63311"}],"wp:attachment":[{"href":"https:\/\/www.turistamagazine.com\/v2\/index.php?rest_route=%2Fwp%2Fv2%2Fmedia&parent=63336"}],"wp:term":[{"taxonomy":"category","embeddable":true,"href":"https:\/\/www.turistamagazine.com\/v2\/index.php?rest_route=%2Fwp%2Fv2%2Fcategories&post=63336"},{"taxonomy":"post_tag","embeddable":true,"href":"https:\/\/www.turistamagazine.com\/v2\/index.php?rest_route=%2Fwp%2Fv2%2Ftags&post=63336"}],"curies":[{"name":"wp","href":"https:\/\/api.w.org\/{rel}","templated":true}]}}