{"id":63217,"date":"2024-04-22T13:38:49","date_gmt":"2024-04-22T18:38:49","guid":{"rendered":"https:\/\/www.turistamagazine.com\/v2\/?p=63217"},"modified":"2024-04-22T15:07:20","modified_gmt":"2024-04-22T20:07:20","slug":"el-pecado-de-la-ensenanza-la-corrupcion-el-proposito-y-el-poder","status":"publish","type":"post","link":"https:\/\/www.turistamagazine.com\/v2\/?p=63217","title":{"rendered":"EL PECADO DE LA ENSE\u00d1ANZA, LA CORRUPCI\u00d3N, EL PROPOSITO, Y EL PODER"},"content":{"rendered":"<p style=\"text-align: center;\"><span style=\"color: #333399;\"><em><strong>El Hotel Gran Meli\u00e1 Victoria, de nuestros mejores recuerdos, en la isla de Mallorca, Baleares, comunidad espa\u00f1ola sufriendo hoy la falta de personal cualificado, recurriendo al extranjero.<\/strong><\/em><\/span><\/p>\n<p><strong>Por Antonio-Pedro Tejera Reyes*<\/strong><\/p>\n<p style=\"text-align: justify;\"><span style=\"color: #333399;\"><em><strong>Nos va a costar un mucho escribir lo que sentimos. Ya no es la indignaci\u00f3n que produce la indefensi\u00f3n, o el arrebato sin l\u00edmite que nos produjo la injusticia, ante el da\u00f1o monumental que se hizo sin que pudi\u00e9semos hacer nada para evitarlo.<\/strong><\/em><\/span><\/p>\n<p style=\"text-align: justify;\"><span style=\"color: #800080;\"><em><strong>Como dir\u00eda Brice\u00f1o, podr\u00e1n hacerme todo lo que el poder quiera, pero mi pluma no la van a callar.\u00a0 <\/strong><\/em><\/span><\/p>\n<p style=\"text-align: justify;\"><span style=\"color: #333399;\"><em><strong>En las Islas Baleares, Espa\u00f1a, se est\u00e1 produciendo un problema que desde hace m\u00e1s de veinte a\u00f1os sabemos se iba a producir: Falta personal para atender la demanda de los puestos de trabajo, no digamos ya directamente del turismo, sino en general en todos sus sectores, naturalmente con especial incidencia en personal capacitado profesionalmente. Sabemos que este problema afecta a toda Espa\u00f1a desbordada por el movimiento tur\u00edstico mundial, que lo tiene presente hasta en su turismo nacional. Ahora en Baleares, van a recurrir a buscar extranjeros.<\/strong><\/em><\/span><\/p>\n<p style=\"text-align: justify;\"><span style=\"color: #800080;\"><em><strong>(PREFERENTE, 09 febrero 2024). \u00a0El turismo espa\u00f1ol suple la fuga de empleados con extranjeros<\/strong><\/em><\/span><\/p>\n<p style=\"text-align: justify;\"><span style=\"color: #333399;\"><em><strong>La cifra de empleados internacionales se dispara en los tres \u00faltimos a\u00f1os y asciende a 641.146 en el \u00faltimo trimestre de 2023.<\/strong><\/em><\/span><br \/>\n<span style=\"color: #333399;\"><em><strong>Nunca antes los extranjeros hab\u00edan tenido un peso as\u00ed de relevante en el empleo tur\u00edstico, acaparando cerca del 24% del total.)<\/strong><\/em><\/span><\/p>\n<p style=\"text-align: justify;\"><span style=\"color: #800080;\"><em><strong>UNAS PREVISIONES LOGICAS<\/strong><\/em><\/span><\/p>\n<div id=\"attachment_38872\" style=\"width: 640px\" class=\"wp-caption aligncenter\"><a href=\"https:\/\/www.turistamagazine.com\/v2\/wp-content\/uploads\/2019\/01\/Upaz-1.jpg\"><img decoding=\"async\" aria-describedby=\"caption-attachment-38872\" class=\"wp-image-38872\" src=\"https:\/\/www.turistamagazine.com\/v2\/wp-content\/uploads\/2019\/01\/Upaz-1.jpg\" alt=\"\" width=\"630\" height=\"515\" srcset=\"https:\/\/www.turistamagazine.com\/v2\/wp-content\/uploads\/2019\/01\/Upaz-1.jpg 550w, https:\/\/www.turistamagazine.com\/v2\/wp-content\/uploads\/2019\/01\/Upaz-1-300x245.jpg 300w, https:\/\/www.turistamagazine.com\/v2\/wp-content\/uploads\/2019\/01\/Upaz-1-513x420.jpg 513w\" sizes=\"(max-width: 630px) 100vw, 630px\" \/><\/a><p id=\"caption-attachment-38872\" class=\"wp-caption-text\"><span style=\"color: #333399;\"><em><strong>En la sede de la UNIVERSIDAD PARA LA PAZ, Costa Rica, trabajando junto a su inolvidable rector, Francisco Barahona, y el director de su c\u00e1tedra de recursos naturales, Felipe Matos, con los cuales creamos el extraordinario programa internacional sobre turismo y paz, impartido con se\u00f1alado \u00e9xito en las Islas Canarias, en la primera d\u00e9cada de estos a\u00f1os 2000, cercenado inmisericorde por el gobierno de Espa\u00f1a. F\/ UPAZ<\/strong><\/em><\/span><\/p><\/div>\n<p style=\"text-align: justify;\"><span style=\"color: #333399;\"><em><strong>Corr\u00edan los finales de siglo pasado cuando en un estudio realizado en la Universidad para la Paz, de las Naciones Unidas, pusimos sobre la mesa la inquietud que ten\u00edamos por los datos que nos aportaba la Organizaci\u00f3n Mundial del Turismo, sobre la carencia de personal especializado en la gesti\u00f3n tur\u00edstica y los datos que obten\u00edamos desde su Consejo de Educaci\u00f3n, sobre lo que se estaba haciendo en el mundo con relaci\u00f3n a resolver ese tema. Era para echarse a llorar. No se hac\u00eda nada.<\/strong><\/em><\/span><\/p>\n<p style=\"text-align: justify;\"><span style=\"color: #800080;\"><em><strong>Estudios pormenorizados sobre el tema, y sus posibles soluciones, dio el resultado de una operaci\u00f3n donde tuvo mucho que ver la Universidad de las Am\u00e9ricas Puebla, de M\u00e9xico, que nos abri\u00f3 las puertas para poder realizar un programa experimental que ten\u00eda varias vertientes.<\/strong><\/em><\/span><\/p>\n<p style=\"text-align: justify;\"><span style=\"color: #333399;\"><em><strong>La base estaba en llevar a las Islas Canarias, alumnos graduados en su carrera de turismo \u2013 cinco a\u00f1os de estudio \u2013 para hacer pr\u00e1cticas en puestos reales de trabajo, nada que ver con las practicas usuales en esos tiempos en los estudios de turismo, que se limitaban a la presencia de alumnos en las empresas solo para ver c\u00f3mo se trabajaba en ellas, lo cual les serv\u00eda para obtener un certificado de \u201cpr\u00e1cticas\u201d que figuraba en su curr\u00edculo escolar. Esta situaci\u00f3n la vivimos muchos a\u00f1os.<\/strong><\/em><\/span><\/p>\n<div id=\"attachment_46310\" style=\"width: 460px\" class=\"wp-caption aligncenter\"><a href=\"https:\/\/www.turistamagazine.com\/v2\/wp-content\/uploads\/2020\/07\/Sr..jpg\"><img decoding=\"async\" aria-describedby=\"caption-attachment-46310\" class=\"wp-image-46310\" src=\"https:\/\/www.turistamagazine.com\/v2\/wp-content\/uploads\/2020\/07\/Sr..jpg\" alt=\"\" width=\"450\" height=\"481\" srcset=\"https:\/\/www.turistamagazine.com\/v2\/wp-content\/uploads\/2020\/07\/Sr..jpg 336w, https:\/\/www.turistamagazine.com\/v2\/wp-content\/uploads\/2020\/07\/Sr.-281x300.jpg 281w\" sizes=\"(max-width: 450px) 100vw, 450px\" \/><\/a><p id=\"caption-attachment-46310\" class=\"wp-caption-text\"><span style=\"color: #333399;\"><strong><em>El profesor Alfonso Rocha, director del instituto de turismo de la Universidad de Las Am\u00e9ricas Puebla, art\u00edfice del primer acuerdo con nuestros centros de ense\u00f1anzas tur\u00edsticas de Canarias, para impartir los post-grados, convertidos en los mejores del mundo en unos pocos a\u00f1os, con las referencias de cientos de alumnos. <\/em><\/strong><\/span><\/p><\/div>\n<p style=\"text-align: justify;\"><span style=\"color: #333399;\"><em><strong>Esta operaci\u00f3n que comenzamos con la Universidad de las Am\u00e9ricas, se fue desarrollando durante m\u00e1s de diez a\u00f1os con muchas dificultades de un lado y otro, en Canarias teniendo que explicar nuestro procedimiento hasta ante las m\u00e1ximas autoridades responsables de la emigraci\u00f3n y de la seguridad social, incluida la Universidad de La Laguna, Tenerife, y en el exterior ante los consulados espa\u00f1oles de distintos pa\u00edses ya que el programa tomo incidencia internacional en toda la Am\u00e9rica Hispana, donde aparecieron universidades e institutos interesados en el programa, y a los alumnos para integrarse en nuestro programa les hac\u00eda falta una visa de estudiante que otorgaban los consulados espa\u00f1oles en cada pa\u00eds.<\/strong><\/em><\/span><\/p>\n<p style=\"text-align: justify;\"><span style=\"color: #333399;\"><em><strong>En s\u00edntesis, se ofrec\u00eda una preparaci\u00f3n en puestos reales de trabajo para alumnos graduados, o en su \u00faltimo a\u00f1o de estudios, para lo cual el personal solo ten\u00eda que cubrir el gasto de sus boletos de ida y vuelta a su pa\u00eds. La duraci\u00f3n del programa pod\u00eda ser de tres o seis meses.<\/strong><\/em><\/span><\/p>\n<div id=\"attachment_63219\" style=\"width: 640px\" class=\"wp-caption aligncenter\"><a href=\"https:\/\/www.turistamagazine.com\/v2\/wp-content\/uploads\/2024\/04\/Hotel-Bahia-del-Durque.jpg\"><img decoding=\"async\" aria-describedby=\"caption-attachment-63219\" class=\"wp-image-63219\" src=\"https:\/\/www.turistamagazine.com\/v2\/wp-content\/uploads\/2024\/04\/Hotel-Bahia-del-Durque.jpg\" alt=\"\" width=\"630\" height=\"418\" srcset=\"https:\/\/www.turistamagazine.com\/v2\/wp-content\/uploads\/2024\/04\/Hotel-Bahia-del-Durque.jpg 940w, https:\/\/www.turistamagazine.com\/v2\/wp-content\/uploads\/2024\/04\/Hotel-Bahia-del-Durque-300x199.jpg 300w, https:\/\/www.turistamagazine.com\/v2\/wp-content\/uploads\/2024\/04\/Hotel-Bahia-del-Durque-768x510.jpg 768w, https:\/\/www.turistamagazine.com\/v2\/wp-content\/uploads\/2024\/04\/Hotel-Bahia-del-Durque-633x420.jpg 633w, https:\/\/www.turistamagazine.com\/v2\/wp-content\/uploads\/2024\/04\/Hotel-Bahia-del-Durque-610x405.jpg 610w\" sizes=\"(max-width: 630px) 100vw, 630px\" \/><\/a><p id=\"caption-attachment-63219\" class=\"wp-caption-text\"><span style=\"color: #333399;\"><em><strong>El Gran Hotel Bah\u00eda del Duque, en Costa Adeje, isla de Tenerife, una de nuestras fortalezas para los cursos de post-grado en turismo, durante la primera d\u00e9cada de los a\u00f1os 2000, gerenciado por los inolvidables directores, Francisco Almeda y Patricio Feier, de especial grato recuerdo por su excelente profesionalidad y trato personal.<\/strong><\/em><\/span><\/p><\/div>\n<p style=\"text-align: justify;\"><span style=\"color: #333399;\"><em><strong>Para realizar este proyecto hac\u00eda falta lo principal: la colaboraci\u00f3n efectiva de las empresas de Canarias. Esto se solvent\u00f3 con muchas dificultades pero nuestra experiencia, y algunos ex alumnos nuestros que ostentaban puestos directivos en grandes hoteles \u2013 ejemplo, el Gran Hotel Bah\u00eda del Duque, en Costa Adeje &#8211; fueron elementos decisivos para que se pudiese realizar la operaci\u00f3n, que les serv\u00eda a las empresas para cubrir las bajas temporales de sus empleados, algo com\u00fan en Espa\u00f1a.<\/strong><\/em><\/span><\/p>\n<p style=\"text-align: justify;\"><span style=\"color: #800080;\"><em><strong>COMIENZA LA SITUACION<\/strong><\/em><\/span><\/p>\n<p style=\"text-align: justify;\"><span style=\"color: #333399;\"><em><strong>La dimensi\u00f3n y la calidad del programa lleg\u00f3 a asentarse de forma firme y efectiva, en varios pa\u00edses con cientos de alumnos recibidos en la isla de Tenerife, donde empresarios inteligentes y con ideas claras sobre el importante trabajo en que se estaban involucrando, acog\u00edan a los alumnos de manera excepcional design\u00e1ndoles un tutor para sus trabajos, complementando nuestro centro de estudios esta pr\u00e1ctica, con un programa social educativo en el cual participaban de forma directa el Cabildo de Tenerife y los ayuntamientos de la isla, junto a unas clases activas acad\u00e9micas donde se profundizaba en las distintas materias necesarias para la buena gesti\u00f3n tur\u00edstica. Todo un conglomerado de la m\u00e1s alta calidad acad\u00e9mica-profesional que llamaba poderosamente la atenci\u00f3n a nivel profesional y que en otros pa\u00edses y lugares no se pod\u00eda desarrollar por la falta de la colaboraci\u00f3n necesaria y entendimiento entre centro de estudios, empresas e instituciones p\u00fablicas.\u00a0 Una organizaci\u00f3n que cost\u00f3 mucho ensamblar, y en la que tuvo mucho que ver nuestro prestigio ganado con los cientos de alumnos salidos de nuestras aulas con la preparaci\u00f3n m\u00e1xima que los tiempos nos permit\u00eda.<\/strong><\/em><\/span><\/p>\n<p><a href=\"https:\/\/www.turistamagazine.com\/v2\/wp-content\/uploads\/2024\/04\/Antonio-Pastor.png\"><img decoding=\"async\" class=\"wp-image-63223 aligncenter\" src=\"https:\/\/www.turistamagazine.com\/v2\/wp-content\/uploads\/2024\/04\/Antonio-Pastor.png\" alt=\"\" width=\"630\" height=\"560\" srcset=\"https:\/\/www.turistamagazine.com\/v2\/wp-content\/uploads\/2024\/04\/Antonio-Pastor.png 769w, https:\/\/www.turistamagazine.com\/v2\/wp-content\/uploads\/2024\/04\/Antonio-Pastor-300x266.png 300w, https:\/\/www.turistamagazine.com\/v2\/wp-content\/uploads\/2024\/04\/Antonio-Pastor-473x420.png 473w, https:\/\/www.turistamagazine.com\/v2\/wp-content\/uploads\/2024\/04\/Antonio-Pastor-48x44.png 48w\" sizes=\"(max-width: 630px) 100vw, 630px\" \/><\/a><\/p>\n<p style=\"text-align: justify;\"><span style=\"color: #800080;\"><em><strong>El prop\u00f3sito estaba claro: complementar los estudios que el alumnado hab\u00eda recibido en su pa\u00eds, con la puesta en escena en puestos reales de trabajo, con el fin de llegar a la excelencia en su preparaci\u00f3n profesional. As\u00ed era y as\u00ed, lo entendieron todos los que se involucrar\u00edan en el proyecto.<\/strong><\/em><\/span><\/p>\n<p style=\"text-align: justify;\"><span style=\"color: #333399;\"><em><strong>La categor\u00eda, la calidad y la extensi\u00f3n que logramos con el programa, que siempre calificamos de experimental, preocup\u00f3 a fondo a algunas autoridades espa\u00f1olas, de ah\u00ed esa persecuci\u00f3n que llegaba de un lado y otro en las embajadas de Espa\u00f1a, por sus agregados culturales.<\/strong><\/em><\/span><\/p>\n<p style=\"text-align: justify;\"><span style=\"color: #800080;\"><em><strong>UN AVAL INTERNACIONAL INDISCUTIBLE<\/strong><\/em><\/span><\/p>\n<p style=\"text-align: justify;\"><span style=\"color: #333399;\"><em><strong>Nuestra categor\u00eda de centro de estudios privado, nos permit\u00eda salirnos de los programas encorsetados de los centros oficiales de Espa\u00f1a, con lo cual super\u00e1bamos sus ense\u00f1anzas con los conocimientos obtenidos con nuestra larga preparaci\u00f3n alrededor de todos los organismos nacionales e internacionales del sector. Este era nuestro principal argumento para prestigiar nuestro programa, y fue nuestro principal pecado ante la injusticia espa\u00f1ola.<\/strong><\/em><\/span><\/p>\n<div id=\"attachment_60138\" style=\"width: 640px\" class=\"wp-caption aligncenter\"><a href=\"https:\/\/www.turistamagazine.com\/v2\/wp-content\/uploads\/2023\/03\/Antonio-Pedro.png\"><img decoding=\"async\" aria-describedby=\"caption-attachment-60138\" class=\"wp-image-60138\" src=\"https:\/\/www.turistamagazine.com\/v2\/wp-content\/uploads\/2023\/03\/Antonio-Pedro.png\" alt=\"\" width=\"630\" height=\"420\" srcset=\"https:\/\/www.turistamagazine.com\/v2\/wp-content\/uploads\/2023\/03\/Antonio-Pedro.png 800w, https:\/\/www.turistamagazine.com\/v2\/wp-content\/uploads\/2023\/03\/Antonio-Pedro-300x200.png 300w, https:\/\/www.turistamagazine.com\/v2\/wp-content\/uploads\/2023\/03\/Antonio-Pedro-768x512.png 768w, https:\/\/www.turistamagazine.com\/v2\/wp-content\/uploads\/2023\/03\/Antonio-Pedro-630x420.png 630w, https:\/\/www.turistamagazine.com\/v2\/wp-content\/uploads\/2023\/03\/Antonio-Pedro-610x406.png 610w\" sizes=\"(max-width: 630px) 100vw, 630px\" \/><\/a><p id=\"caption-attachment-60138\" class=\"wp-caption-text\"><span style=\"color: #333399;\"><em><strong>En las Islas Canarias abriendo un ciclo de estudios sobre la educaci\u00f3n como base necesaria para impulsar el desarrollo del turismo mundial, ampliando el conocimiento de las estrategias necesarias para desarrollar positivamente un pa\u00eds, cuya base se puede analizar y estudiar precisamente en esas islas atl\u00e1nticas, desde donde las hemos ofrecido para todo el mundo, desde la Organizaci\u00f3n Mundial del Turismo, y su Consejo de Educaci\u00f3n. <\/strong><\/em><\/span><\/p><\/div>\n<p style=\"text-align: justify;\"><span style=\"color: #333399;\"><em><strong>En el a\u00f1o 2011, un juzgado espa\u00f1ol, en el sur de Tenerife, interrumpi\u00f3 nuestro programa cercenando as\u00ed el mejor programa de formaci\u00f3n profesional tur\u00edstico existente en el mundo, impartido con una tecnolog\u00eda que costo tres a\u00f1os de estudio perfeccionar en la Universidad para la Paz, de las Naciones Unidas. No queremos extendernos m\u00e1s, ni publicar nombres y empresas involucradas en este horrible hecho, pero si queremos llamar la atenci\u00f3n sobre la triste realidad de la finalizaci\u00f3n de un programa que, sin ninguna duda ni nada que pueda justificarlo, acab\u00f3 con lo que era la base de una acci\u00f3n m\u00e1s que necesaria para afianzar el desarrollo del turismo mundial de la forma m\u00e1s pertinente y efectiva, cuyas pruebas irrefutables est\u00e1n hoy esparcidas por toda Am\u00e9rica.<\/strong><\/em><\/span><\/p>\n<p><a href=\"https:\/\/www.turistamagazine.com\/v2\/wp-content\/uploads\/2020\/10\/Orla-2.jpg\"><img decoding=\"async\" class=\"wp-image-47341\" src=\"https:\/\/www.turistamagazine.com\/v2\/wp-content\/uploads\/2020\/10\/Orla-2.jpg\" alt=\"\" width=\"630\" height=\"938\" srcset=\"https:\/\/www.turistamagazine.com\/v2\/wp-content\/uploads\/2020\/10\/Orla-2.jpg 430w, https:\/\/www.turistamagazine.com\/v2\/wp-content\/uploads\/2020\/10\/Orla-2-202x300.jpg 202w, https:\/\/www.turistamagazine.com\/v2\/wp-content\/uploads\/2020\/10\/Orla-2-282x420.jpg 282w\" sizes=\"(max-width: 630px) 100vw, 630px\" \/><\/a><\/p>\n<p style=\"text-align: justify;\"><span style=\"color: #333399;\"><em><strong><span style=\"color: #800080;\">Hoy, la falta de personal cualificado en la empresa tur\u00edstica espa\u00f1ola estar\u00eda resuelto con la ampliaci\u00f3n de este ins\u00f3lito, extraordinario, espectacular, novedoso y serio programa.<\/span> Experimentado y consolidado con la base de personal ya preparado con estudios pertinentes y amplios deseos de progresar en su escogida profesi\u00f3n, con la cual se estar\u00eda cumpliendo, sin duda alguna, el indiscutible prop\u00f3sito de difundir un conocimiento experimentado en el laboratorio de la gesti\u00f3n tur\u00edstica que es Espa\u00f1a, en su caso las Islas Canarias que se colocaban como n\u00famero uno mundial en la ense\u00f1anza tur\u00edstica como as\u00ed estaba reconocido en los pa\u00edses de donde proced\u00edan los alumnos que se recib\u00edan definitivamente en Tenerife, donde ya algunos de los empresarios tur\u00edsticos nos ofrec\u00edan hasta sus instalaciones para desarrollar nuestro espectacular programa.\u00a0\u00a0 \u00a0<\/strong><\/em><\/span><\/p>\n<p style=\"text-align: justify;\"><span style=\"color: #800080;\"><em><strong>LAS CAUSAS DE LA DESGRACIA<\/strong><\/em><\/span><\/p>\n<div id=\"attachment_63224\" style=\"width: 640px\" class=\"wp-caption aligncenter\"><a href=\"https:\/\/www.turistamagazine.com\/v2\/wp-content\/uploads\/2024\/04\/Salvador-Garcia-1.jpg\"><img decoding=\"async\" aria-describedby=\"caption-attachment-63224\" class=\"wp-image-63224\" src=\"https:\/\/www.turistamagazine.com\/v2\/wp-content\/uploads\/2024\/04\/Salvador-Garcia-1.jpg\" alt=\"\" width=\"630\" height=\"420\" srcset=\"https:\/\/www.turistamagazine.com\/v2\/wp-content\/uploads\/2024\/04\/Salvador-Garcia-1.jpg 1024w, https:\/\/www.turistamagazine.com\/v2\/wp-content\/uploads\/2024\/04\/Salvador-Garcia-1-300x200.jpg 300w, https:\/\/www.turistamagazine.com\/v2\/wp-content\/uploads\/2024\/04\/Salvador-Garcia-1-768x512.jpg 768w, https:\/\/www.turistamagazine.com\/v2\/wp-content\/uploads\/2024\/04\/Salvador-Garcia-1-630x420.jpg 630w, https:\/\/www.turistamagazine.com\/v2\/wp-content\/uploads\/2024\/04\/Salvador-Garcia-1-610x407.jpg 610w\" sizes=\"(max-width: 630px) 100vw, 630px\" \/><\/a><p id=\"caption-attachment-63224\" class=\"wp-caption-text\"><span style=\"color: #333399;\"><em><strong>Salvador Garc\u00eda Llanos (d), ilustre periodista y pol\u00edtico canario, durante su entrevista con Andr\u00e9s Ch\u00e1vez, otro pilar del periodismo canario, donde, la pasada semana, analizaron la situaci\u00f3n de la prensa a nivel local, nacional, e internacional. \u201cEl nivel de los profesionales, s\u00f3lo se mejora con la formaci\u00f3n adecuada\u201d. F\/ Diario de Avisos. <\/strong><\/em><\/span><\/p><\/div>\n<p style=\"text-align: justify;\"><span style=\"color: #800080;\"><em><strong>La corrupci\u00f3n administrativa, el poder pol\u00edtico constituido, la envidia y la maldad, estuvieron presentes en este impresionante hecho ocurrido en Canarias, que destruy\u00f3 el \u00fanico especial programa mundial que exist\u00eda, de formaci\u00f3n tur\u00edstica ejemplar e integral. Una aut\u00e9ntica desgracia.<\/strong><\/em><\/span><\/p>\n<p style=\"text-align: justify;\"><span style=\"color: #333399;\"><em><strong>Hechos y realidades incontrovertibles que tienen nombres y apellidos, para la desgracia, de quienes fueron culpables de la desaparici\u00f3n de este sensacional inigualable programa, del cual somos orgullosos creadores.<\/strong><\/em><\/span><\/p>\n<p style=\"text-align: justify;\"><span style=\"color: #800080;\"><em><strong>Salvador Garc\u00eda Llanos, presidente de la Asociaci\u00f3n de la Prensa de Santa Cruz de Tenerife, acaba de declarar lo siguiente, en entrevista concedida al periodista Andr\u00e9s Ch\u00e1vez, en Diario de Avisos: \u201cEl nivel de los profesionales, sean libres o propios, s\u00f3lo se mejora con la formaci\u00f3n adecuada, con la profesionalidad, con cualificadas condiciones de trabajo y est\u00edmulos, que no siempre, por cierto, deben ser dinerarios\u201d. Eso.<\/strong><\/em><\/span><\/p>\n<p style=\"text-align: justify;\"><em><strong>*<a href=\"https:\/\/www.turistamagazine.com\/v2\/wp-content\/uploads\/2022\/10\/Dr.-Antonio-Pedro-Tejera-Reyes.jpg\"><img decoding=\"async\" class=\"wp-image-58355 alignleft\" src=\"https:\/\/www.turistamagazine.com\/v2\/wp-content\/uploads\/2022\/10\/Dr.-Antonio-Pedro-Tejera-Reyes-150x150.jpg\" alt=\"\" width=\"92\" height=\"92\" \/><\/a><\/strong><strong>Miembro activo del Grupo de Expertos de la Organizaci\u00f3n Mundial del Turismo. OMT. De las Naciones Unidas. ONU. *Fundador de los Estudios de Turismo en las Islas Canarias. *Miembro del International Hall of Tourism Heroes. WTN. *Conseiller International, Associazione\u00a0<\/strong>I<strong>ntenazionale Stampa Tur\u00edstica AIST. (Italia) *Diplome D\u00b4Honneur. Uni\u00f3n des Escrivans et Journalistes<\/strong><\/em><strong><em>\u00a0Hellenes du Tourisme. FIJET. Federaci\u00f3n Mundial de Periodistas y Escritores de Turismo. *Inscrito en el Consejo Nacional de Ciencia, Tecnolog\u00eda e Innovaci\u00f3n. Per\u00fa. Miembro de N\u00famero del Consejo Consultivo de la Fundaci\u00f3n Ecoturismo Latinoamericana, FUNECO. *Pluma de Oro de Rotary Internacional. Puerto de la Cruz. Tenerife.<\/em><\/strong><\/p>\n<p>&nbsp;<\/p>\n","protected":false},"excerpt":{"rendered":"<p>El Hotel Gran Meli\u00e1 Victoria, de nuestros mejores recuerdos, en la isla de Mallorca, Baleares, comunidad espa\u00f1ola sufriendo hoy la falta de personal cualificado, recurriendo al extranjero. Por Antonio-Pedro Tejera Reyes* Nos va a costar un mucho escribir lo que sentimos. Ya no es la indignaci\u00f3n que produce la indefensi\u00f3n, o el arrebato sin l\u00edmite que nos produjo la injusticia, ante el da\u00f1o monumental que se hizo sin que pudi\u00e9semos hacer nada para evitarlo. Como dir\u00eda Brice\u00f1o, podr\u00e1n hacerme todo lo que el poder quiera, pero mi pluma no la van a callar.\u00a0 En las Islas Baleares, Espa\u00f1a, se est\u00e1&#8230;<\/p>\n","protected":false},"author":1,"featured_media":63218,"comment_status":"open","ping_status":"open","sticky":false,"template":"","format":"standard","meta":{"footnotes":""},"categories":[85],"tags":[10217,10219,321,340],"class_list":["post-63217","post","type-post","status-publish","format-standard","has-post-thumbnail","hentry","category-colum-invitados","tag-antoniopedrotejerareyes","tag-semanarioturistamagazine","tag-lima","tag-peru"],"_links":{"self":[{"href":"https:\/\/www.turistamagazine.com\/v2\/index.php?rest_route=\/wp\/v2\/posts\/63217","targetHints":{"allow":["GET"]}}],"collection":[{"href":"https:\/\/www.turistamagazine.com\/v2\/index.php?rest_route=\/wp\/v2\/posts"}],"about":[{"href":"https:\/\/www.turistamagazine.com\/v2\/index.php?rest_route=\/wp\/v2\/types\/post"}],"author":[{"embeddable":true,"href":"https:\/\/www.turistamagazine.com\/v2\/index.php?rest_route=\/wp\/v2\/users\/1"}],"replies":[{"embeddable":true,"href":"https:\/\/www.turistamagazine.com\/v2\/index.php?rest_route=%2Fwp%2Fv2%2Fcomments&post=63217"}],"version-history":[{"count":4,"href":"https:\/\/www.turistamagazine.com\/v2\/index.php?rest_route=\/wp\/v2\/posts\/63217\/revisions"}],"predecessor-version":[{"id":63222,"href":"https:\/\/www.turistamagazine.com\/v2\/index.php?rest_route=\/wp\/v2\/posts\/63217\/revisions\/63222"}],"wp:featuredmedia":[{"embeddable":true,"href":"https:\/\/www.turistamagazine.com\/v2\/index.php?rest_route=\/wp\/v2\/media\/63218"}],"wp:attachment":[{"href":"https:\/\/www.turistamagazine.com\/v2\/index.php?rest_route=%2Fwp%2Fv2%2Fmedia&parent=63217"}],"wp:term":[{"taxonomy":"category","embeddable":true,"href":"https:\/\/www.turistamagazine.com\/v2\/index.php?rest_route=%2Fwp%2Fv2%2Fcategories&post=63217"},{"taxonomy":"post_tag","embeddable":true,"href":"https:\/\/www.turistamagazine.com\/v2\/index.php?rest_route=%2Fwp%2Fv2%2Ftags&post=63217"}],"curies":[{"name":"wp","href":"https:\/\/api.w.org\/{rel}","templated":true}]}}