{"id":63014,"date":"2024-03-29T18:08:32","date_gmt":"2024-03-29T23:08:32","guid":{"rendered":"https:\/\/www.turistamagazine.com\/v2\/?p=63014"},"modified":"2024-03-29T18:08:32","modified_gmt":"2024-03-29T23:08:32","slug":"el-turismo-y-la-semana-santa","status":"publish","type":"post","link":"https:\/\/www.turistamagazine.com\/v2\/?p=63014","title":{"rendered":"EL TURISMO Y LA SEMANA SANTA"},"content":{"rendered":"<p style=\"text-align: center;\"><span style=\"color: #333399;\"><strong><em>Despu\u00e9s de recorrer \u201cle promenade des anglais\u201d desde Niza, aqu\u00ed en Montecarlo, Caf\u00e9 de Par\u00eds, dando de comer a sus mansas palomas. Experiencia inigualable. CULTURA DE PAZ, en Semana Santa.<\/em><\/strong><\/span><\/p>\n<p style=\"text-align: center;\"><span style=\"color: #800080;\"><strong>LA UNION HACE LA FUERZA<\/strong><\/span><\/p>\n<p style=\"text-align: justify;\"><span style=\"color: #333399;\"><strong>Por. Antonio-Pedro Tejera Reyes*<\/strong><\/span><\/p>\n<p style=\"text-align: justify;\"><span style=\"color: #333399;\"><strong>Un tema de excepcional importancia que muchos conocemos por haberlo vivido intensamente. \u00a0La importancia para el desarrollo del turismo, de la Semana Santa, o a la inversa. Indudablemente que son parte indivisible en cuanto a su evoluci\u00f3n, con marcado \u00edndice de importancia para unos y otros, su potente evoluci\u00f3n.<\/strong><\/span><\/p>\n<p style=\"text-align: justify;\"><span style=\"color: #333399;\"><strong>Nuestras recordadas aventuras disfrutando de \u201clas vacaciones\u201d de Semana Santa ten\u00edan su punto \u00e1lgido en ese S\u00e1bado de Gloria que desbordaba la celebraci\u00f3n para configurar un domingo que era de relax, como final de esas aprovechadas vacaciones.<\/strong><\/span><\/p>\n<div id=\"attachment_63017\" style=\"width: 640px\" class=\"wp-caption aligncenter\"><a href=\"https:\/\/www.turistamagazine.com\/v2\/wp-content\/uploads\/2024\/03\/CATALUNA.jpg\"><img decoding=\"async\" aria-describedby=\"caption-attachment-63017\" class=\"wp-image-63017\" src=\"https:\/\/www.turistamagazine.com\/v2\/wp-content\/uploads\/2024\/03\/CATALUNA.jpg\" alt=\"\" width=\"630\" height=\"492\" srcset=\"https:\/\/www.turistamagazine.com\/v2\/wp-content\/uploads\/2024\/03\/CATALUNA.jpg 715w, https:\/\/www.turistamagazine.com\/v2\/wp-content\/uploads\/2024\/03\/CATALUNA-300x234.jpg 300w, https:\/\/www.turistamagazine.com\/v2\/wp-content\/uploads\/2024\/03\/CATALUNA-538x420.jpg 538w, https:\/\/www.turistamagazine.com\/v2\/wp-content\/uploads\/2024\/03\/CATALUNA-90x70.jpg 90w, https:\/\/www.turistamagazine.com\/v2\/wp-content\/uploads\/2024\/03\/CATALUNA-460x360.jpg 460w\" sizes=\"(max-width: 630px) 100vw, 630px\" \/><\/a><p id=\"caption-attachment-63017\" class=\"wp-caption-text\"><span style=\"color: #333399;\"><em><strong>Catalu\u00f1a, Espa\u00f1a, Castelldefels. Inmensa playa y complejos de lujo, vivienda de Leonel Messi. Un lugar ideal para las vacaciones de Semana Santa, muy cerca de Barcelona. <\/strong><\/em><\/span><\/p><\/div>\n<div id=\"attachment_63018\" style=\"width: 640px\" class=\"wp-caption aligncenter\"><a href=\"https:\/\/www.turistamagazine.com\/v2\/wp-content\/uploads\/2024\/03\/COSTA-AZUL.jpg\"><img decoding=\"async\" aria-describedby=\"caption-attachment-63018\" class=\"wp-image-63018\" src=\"https:\/\/www.turistamagazine.com\/v2\/wp-content\/uploads\/2024\/03\/COSTA-AZUL.jpg\" alt=\"\" width=\"630\" height=\"421\" srcset=\"https:\/\/www.turistamagazine.com\/v2\/wp-content\/uploads\/2024\/03\/COSTA-AZUL.jpg 640w, https:\/\/www.turistamagazine.com\/v2\/wp-content\/uploads\/2024\/03\/COSTA-AZUL-300x201.jpg 300w, https:\/\/www.turistamagazine.com\/v2\/wp-content\/uploads\/2024\/03\/COSTA-AZUL-628x420.jpg 628w, https:\/\/www.turistamagazine.com\/v2\/wp-content\/uploads\/2024\/03\/COSTA-AZUL-610x408.jpg 610w\" sizes=\"(max-width: 630px) 100vw, 630px\" \/><\/a><p id=\"caption-attachment-63018\" class=\"wp-caption-text\"><span style=\"color: #333399;\"><em><strong>Ecos de una Semana Santa, cuyos recuerdos nos llevan a situarnos en la importancia que estas \u201cvacaciones\u201d han ido adquiriendo en el mundo, recuerdos que van desde las playas de R\u00edo de Janeiro, hasta las de la Costa Azul, pasando por toda esa pl\u00e9yade que hemos tenido la suerte de poder conocer.<\/strong><\/em><\/span><\/p><\/div>\n<p style=\"text-align: justify;\"><span style=\"color: #333399;\"><strong>As\u00ed las disfrutamos durante muchos a\u00f1os, compartiendo las inolvidables procesiones de la ciudad de La Laguna, con nuestra presencia en El Chaparral &#8211; en el sur de Tenerife &#8211; un hotel que hoy calificar\u00edamos como resort, donde el recordado Guillermo Braun, preparaba todo un programa de festejos que disfrut\u00e1bamos durante el d\u00eda, donde inclu\u00eda incluso la elecci\u00f3n de Miss Piscina, en la que particip\u00e1bamos como jurados de turno, y en cuyos bungalows \u2013 pues esos eran los bien dotados alojamientos &#8211; tuvo un d\u00eda que sacar a una cabra que los hu\u00e9spedes hab\u00edan tra\u00eddo seguramente como mascota.<\/strong><\/span><\/p>\n<div id=\"attachment_63019\" style=\"width: 640px\" class=\"wp-caption aligncenter\"><a href=\"https:\/\/www.turistamagazine.com\/v2\/wp-content\/uploads\/2024\/03\/IPANEMA.jpg\"><img decoding=\"async\" aria-describedby=\"caption-attachment-63019\" class=\"wp-image-63019\" src=\"https:\/\/www.turistamagazine.com\/v2\/wp-content\/uploads\/2024\/03\/IPANEMA.jpg\" alt=\"\" width=\"630\" height=\"365\" srcset=\"https:\/\/www.turistamagazine.com\/v2\/wp-content\/uploads\/2024\/03\/IPANEMA.jpg 800w, https:\/\/www.turistamagazine.com\/v2\/wp-content\/uploads\/2024\/03\/IPANEMA-300x174.jpg 300w, https:\/\/www.turistamagazine.com\/v2\/wp-content\/uploads\/2024\/03\/IPANEMA-768x445.jpg 768w, https:\/\/www.turistamagazine.com\/v2\/wp-content\/uploads\/2024\/03\/IPANEMA-724x420.jpg 724w, https:\/\/www.turistamagazine.com\/v2\/wp-content\/uploads\/2024\/03\/IPANEMA-610x354.jpg 610w\" sizes=\"(max-width: 630px) 100vw, 630px\" \/><\/a><p id=\"caption-attachment-63019\" class=\"wp-caption-text\"><em><strong><span style=\"color: #333399;\">Placentera Semana Santa, que puede ocurrir, en la Playa de Ipanema, donde sentados en la terraza del Bar Veloso, record\u00e1bamos cual Vinicius de Moraes, a su \u201cGarota de Ipanema\u201d ante esta monumental estampa que lo dice todo. Semana Santa para recordar.<\/span><\/strong><\/em><\/p><\/div>\n<p style=\"text-align: justify;\"><span style=\"color: #333399;\"><strong>Las an\u00e9cdotas de estas semanas santas de aquellos a\u00f1os 60-70, son m\u00faltiples y divertidas, siempre temas de nuestras reuniones amistosas nocturnas con un grupo de amigos con los que coincid\u00edamos habitualmente en esa unidad hotelera bien cuidada y con un excelente personal de servicio, como era tradicional donde operaba Guillermo Braun de amplio curr\u00edculo profesional hotelero y acad\u00e9mico, como secretario de nuestra Escuela de Turismo de Las Palmas, donde alternaba su diligente trabajo con la supervisi\u00f3n del lujoso Hotel Reina Isabel, uno de los dos mejores de Las Palmas, en aquel \u00a0entonces.<\/strong><\/span><\/p>\n<div id=\"attachment_63020\" style=\"width: 640px\" class=\"wp-caption aligncenter\"><a href=\"https:\/\/www.turistamagazine.com\/v2\/wp-content\/uploads\/2024\/03\/Alfombras-Tarma.bmp\"><img decoding=\"async\" aria-describedby=\"caption-attachment-63020\" class=\"wp-image-63020\" src=\"https:\/\/www.turistamagazine.com\/v2\/wp-content\/uploads\/2024\/03\/Alfombras-Tarma.bmp\" alt=\"\" width=\"630\" height=\"354\" \/><\/a><p id=\"caption-attachment-63020\" class=\"wp-caption-text\"><span style=\"color: #333399;\"><em><strong>Las alfombras de flores y serr\u00edn coloreado, son tradicionales en la Semana Santa peruana en Tarma, y tambi\u00e9n en Ayacucho, al igual que en Guatemala, Honduras y El Salvador. Su origen, como ya hemos publicado varias veces, debe de ser las Islas Canarias, concretamente el Municipio de la Villa de la Orotava, tan castigado hoy por su mala gesti\u00f3n pol\u00edtica municipal con nosotros mismos. En Guatemala es f\u00e1cil relacionar su origen con las Islas Canarias, debido a la historia del Santo Hermano Pedro, algo que est\u00e1 recogido documentalmente. Por extensi\u00f3n y seg\u00fan la imponente historia de la emigraci\u00f3n canaria a toda Am\u00e9rica, no es dif\u00edcil suponer que alguna congregaci\u00f3n religiosa haya tra\u00eddo desde esas islas el modelo de las alfombras florales cuya realizaci\u00f3n est\u00e1 arraigada fuertemente en esas islas atl\u00e1nticas.\u00a0<\/strong><\/em><\/span><\/p><\/div>\n<p style=\"text-align: center;\"><span style=\"color: #800080;\"><strong><em>PROCESI\u00d3N DE MADRUGADA\u2026<\/em><\/strong><\/span><\/p>\n<div id=\"attachment_63021\" style=\"width: 640px\" class=\"wp-caption aligncenter\"><a href=\"https:\/\/www.turistamagazine.com\/v2\/wp-content\/uploads\/2024\/03\/Sr-Crucificad.bmp\"><img decoding=\"async\" aria-describedby=\"caption-attachment-63021\" class=\"wp-image-63021\" src=\"https:\/\/www.turistamagazine.com\/v2\/wp-content\/uploads\/2024\/03\/Sr-Crucificad.bmp\" alt=\"\" width=\"630\" height=\"353\" \/><\/a><p id=\"caption-attachment-63021\" class=\"wp-caption-text\"><span style=\"color: #333399;\"><strong><em>\u201cProcesi\u00f3n de madrugada, como brillan los luceros, que los \u00e1ngeles encienden, por el cristo a lagunero.\u201d Manuel Verdugo, insigne poeta tinerfe\u00f1o dej\u00f3 un retrato inmortal de esta cl\u00e1sica procesi\u00f3n de la Semana Santa canaria, que tiene en la ciudad de San Crist\u00f3bal de la Laguna, uno de sus m\u00e1s importantes exponentes\u2026\u201chasta calla, en homenaje, el tenue rumor del viento; tan s\u00f3lo de los tambores suena el redoble severo, y acaso una marcha f\u00fanebre despierta dormidos ecos, que el suave ambiente saturan, de congoja y de misterio\u2026procesi\u00f3n de madrugada como brillan los luceros\u2026<\/em>\u201d<\/strong><\/span><\/p><\/div>\n<p style=\"text-align: justify;\"><span style=\"color: #333399;\"><strong>Frente a este despliegue humano que comentamos, est\u00e1 la importancia vital que el desplazamiento de la sociedad ha conseguido, donde aut\u00e9nticas multitudes asisten a los cultos religiosos, en los m\u00e1s dispares lugares, donde el ingenio y la imaginer\u00eda han logrado crear una ilusi\u00f3n y una devoci\u00f3n, que van desde las castizas calles de Sevilla, Espa\u00f1a, donde humildes \u2013 y no tan humildes \u2013 personajes inventan cantos religiosos \u2013 saetas &#8211; para ofrec\u00e9rselos a \u201cLa Macarena\u201d, hasta este impresionante altar que recorre las calles de Ayacucho, en Per\u00fa, que para moverlo hacen falta m\u00e1s de 500 a 700 personas, sin olvidarnos ni obviar esos autos sacramentales de los pa\u00edses de la religi\u00f3n cat\u00f3lica que llegan hasta escenificar los pasos del Viacrucis en la Semana Santa Monumental en Caripito, Venezuela, con m\u00e1s de 500 actores, o en Ober\u00e1, Misiones, Argentina, por poner solo estos dos ejemplos.<\/strong><\/span><\/p>\n<div id=\"attachment_63022\" style=\"width: 640px\" class=\"wp-caption aligncenter\"><a href=\"https:\/\/www.turistamagazine.com\/v2\/wp-content\/uploads\/2024\/03\/La-macarena.bmp\"><img decoding=\"async\" aria-describedby=\"caption-attachment-63022\" class=\"wp-image-63022\" src=\"https:\/\/www.turistamagazine.com\/v2\/wp-content\/uploads\/2024\/03\/La-macarena.bmp\" alt=\"\" width=\"630\" height=\"372\" \/><\/a><p id=\"caption-attachment-63022\" class=\"wp-caption-text\"><span style=\"color: #333399;\"><em><strong>La imagen de la Virgen Macarena, es toda la m\u00e1s formidable tradici\u00f3n en Sevilla, Espa\u00f1a, donde en su recorrido de la Semana Santa, recibe los cantos improvisados llamados saetas, desde los m\u00e1s recoletos rincones de su recorrido. La procesi\u00f3n dura muchas horas, ya que es obligado pararse mientras se escuchan esas intervenciones p\u00fablicas improvisadas. <\/strong><\/em><\/span><\/p><\/div>\n<div id=\"attachment_44823\" style=\"width: 640px\" class=\"wp-caption aligncenter\"><a href=\"https:\/\/www.turistamagazine.com\/v2\/wp-content\/uploads\/2020\/04\/ayacucho-semana-santa-baner.jpg\"><img decoding=\"async\" aria-describedby=\"caption-attachment-44823\" class=\"wp-image-44823\" src=\"https:\/\/www.turistamagazine.com\/v2\/wp-content\/uploads\/2020\/04\/ayacucho-semana-santa-baner.jpg\" alt=\"\" width=\"630\" height=\"401\" srcset=\"https:\/\/www.turistamagazine.com\/v2\/wp-content\/uploads\/2020\/04\/ayacucho-semana-santa-baner.jpg 628w, https:\/\/www.turistamagazine.com\/v2\/wp-content\/uploads\/2020\/04\/ayacucho-semana-santa-baner-300x191.jpg 300w, https:\/\/www.turistamagazine.com\/v2\/wp-content\/uploads\/2020\/04\/ayacucho-semana-santa-baner-610x389.jpg 610w, https:\/\/www.turistamagazine.com\/v2\/wp-content\/uploads\/2020\/04\/ayacucho-semana-santa-baner-158x100.jpg 158w\" sizes=\"(max-width: 630px) 100vw, 630px\" \/><\/a><p id=\"caption-attachment-44823\" class=\"wp-caption-text\"><span style=\"color: #333399;\"><em><strong>Imponente la imagen que ofrece el Jes\u00fas Resucitado, en la Semana Santa de Ayacucho, sobre una tarima que mide de altura 11 metros y 5 de largo. Su peso es de 12 toneladas y tiene que ser operada por 500 a 700 hombres.<\/strong><\/em><\/span><\/p><\/div>\n<p>&nbsp;<\/p>\n<div id=\"attachment_63023\" style=\"width: 640px\" class=\"wp-caption aligncenter\"><a href=\"https:\/\/www.turistamagazine.com\/v2\/wp-content\/uploads\/2024\/03\/La-Caida.jpg\"><img decoding=\"async\" aria-describedby=\"caption-attachment-63023\" class=\"wp-image-63023\" src=\"https:\/\/www.turistamagazine.com\/v2\/wp-content\/uploads\/2024\/03\/La-Caida.jpg\" alt=\"\" width=\"630\" height=\"420\" srcset=\"https:\/\/www.turistamagazine.com\/v2\/wp-content\/uploads\/2024\/03\/La-Caida.jpg 800w, https:\/\/www.turistamagazine.com\/v2\/wp-content\/uploads\/2024\/03\/La-Caida-300x200.jpg 300w, https:\/\/www.turistamagazine.com\/v2\/wp-content\/uploads\/2024\/03\/La-Caida-768x512.jpg 768w, https:\/\/www.turistamagazine.com\/v2\/wp-content\/uploads\/2024\/03\/La-Caida-630x420.jpg 630w, https:\/\/www.turistamagazine.com\/v2\/wp-content\/uploads\/2024\/03\/La-Caida-610x406.jpg 610w\" sizes=\"(max-width: 630px) 100vw, 630px\" \/><\/a><p id=\"caption-attachment-63023\" class=\"wp-caption-text\"><span style=\"color: #333399;\"><em><strong>Estampa del Viacrucis en Ober\u00e1, Misiones, Argentina. Representaci\u00f3n en vivo El Viacrucis Viviente de Ober\u00e1 es m\u00e1s que un evento religioso; es una manifestaci\u00f3n de la diversidad cultural y la fe compartida que une a esta querida comunidad. En medio de las celebraciones de Semana Santa, esta tradici\u00f3n sigue siendo un faro de esperanza y un recordatorio de los valores que nos unen como sociedad. Google.<\/strong><\/em><\/span><\/p><\/div>\n<p style=\"text-align: justify;\"><span style=\"color: #333399;\"><strong>Todo un panorama mundial que propicia programas de viajes por tierra, mar y aire, que se ha incentivado de forma extraordinaria al elevarse el nivel de vida de los pueblos, valorizando sus ancestros, sus tesoros art\u00edsticos y sus m\u00e1s \u00edntimas tradiciones religiosas, llevadas a monumentales creaciones art\u00edsticas de incalculable valor.<\/strong><\/span><\/p>\n<div id=\"attachment_63024\" style=\"width: 640px\" class=\"wp-caption aligncenter\"><a href=\"https:\/\/www.turistamagazine.com\/v2\/wp-content\/uploads\/2024\/03\/Sr.de-Luren-en-Ica.bmp\"><img decoding=\"async\" aria-describedby=\"caption-attachment-63024\" class=\"wp-image-63024\" src=\"https:\/\/www.turistamagazine.com\/v2\/wp-content\/uploads\/2024\/03\/Sr.de-Luren-en-Ica.bmp\" alt=\"\" width=\"630\" height=\"355\" \/><\/a><p id=\"caption-attachment-63024\" class=\"wp-caption-text\"><span style=\"color: #333399;\"><strong><em>Otra estampa tradicional de especial valor hist\u00f3rico en el Viernes Santo que se realiza la tradicional \u201cbajada\u201d del Se\u00f1or de Luren en la ciudad de Ica. Turistas nacionales y extranjeros llegan de todos lados para participar de este acto de fe, en un multitudinario tropel<\/em><\/strong><\/span><\/p><\/div>\n<p style=\"text-align: justify;\"><span style=\"color: #800080;\"><strong>EPILOGO<\/strong><\/span><\/p>\n<p style=\"text-align: justify;\"><span style=\"color: #333399;\"><strong>Realidades indiscutibles que pa\u00edses enteros, han sabido colocar en su escaparate promocional, consiguiendo cifras espectaculares de visitantes, no solo en el llamado turismo nacional, sino en el internacional, lo que supone un movimiento de consumo, donde participan fundamentalmente la gastronom\u00eda, alojamiento, transportes, etc. que adem\u00e1s han dado un alto valor a la artesan\u00eda tradicional donde es de destacar el impacto que generan las \u201cse\u00f1as de identidad\u201d de los lugares, que se expanden por el mundo, pintura, escultura, orfebrer\u00eda, etc.<\/strong><\/span><\/p>\n<div id=\"attachment_61813\" style=\"width: 640px\" class=\"wp-caption aligncenter\"><a href=\"https:\/\/www.turistamagazine.com\/v2\/wp-content\/uploads\/2023\/10\/Puerto-La-Cruz.jpg\"><img decoding=\"async\" aria-describedby=\"caption-attachment-61813\" class=\"wp-image-61813\" src=\"https:\/\/www.turistamagazine.com\/v2\/wp-content\/uploads\/2023\/10\/Puerto-La-Cruz.jpg\" alt=\"\" width=\"630\" height=\"381\" srcset=\"https:\/\/www.turistamagazine.com\/v2\/wp-content\/uploads\/2023\/10\/Puerto-La-Cruz.jpg 610w, https:\/\/www.turistamagazine.com\/v2\/wp-content\/uploads\/2023\/10\/Puerto-La-Cruz-300x181.jpg 300w\" sizes=\"(max-width: 630px) 100vw, 630px\" \/><\/a><p id=\"caption-attachment-61813\" class=\"wp-caption-text\"><span style=\"color: #333399;\"><strong><em>Lago Marti\u00e1nez, Puerto de la Cruz, Tenerife. Islas Canarias. Impresionante obra de ingenier\u00eda y creatividad art\u00edstica construida sobre lavas volc\u00e1nicas, punto de atracci\u00f3n tur\u00edstica visitado por millones de turistas. El lugar de relax ideal para una Semana Santa, teniendo en cuenta que se puede combinar con los actos religiosos muy acendrados en la ciudad<\/em><\/strong><\/span><\/p><\/div>\n<p style=\"text-align: justify;\"><span style=\"color: #333399;\"><strong>El movimiento de personas por el mundo, llamado turismo, tiene en la Semana Santa un perfecto aliado, que cruza fronteras y une personas, de la forma m\u00e1s necesaria para la realizaci\u00f3n del mundo que todos debemos desear: un mundo en paz. <\/strong><\/span><\/p>\n<p style=\"text-align: justify;\"><span style=\"color: #333399;\"><strong>Servir es mi ocupaci\u00f3n.<\/strong><\/span><\/p>\n<p style=\"text-align: justify;\"><span style=\"color: #333399;\"><strong> <a href=\"https:\/\/www.turistamagazine.com\/v2\/wp-content\/uploads\/2022\/10\/Dr.-Antonio-Pedro-Tejera-Reyes.jpg\"><img decoding=\"async\" class=\"wp-image-58355  alignleft\" src=\"https:\/\/www.turistamagazine.com\/v2\/wp-content\/uploads\/2022\/10\/Dr.-Antonio-Pedro-Tejera-Reyes-150x150.jpg\" alt=\"\" width=\"117\" height=\"117\" \/><\/a><\/strong><\/span><em><strong>Miembro activo del Grupo de Expertos de la Organizaci\u00f3n Mundial del Turismo. OMT. De las Naciones Unidas. ONU. Fundador de los Estudios de Turismo en las Islas Canarias. *Miembro del International Hall of Tourism Heroes. WTN. Conseiller International, Associazione Intenazionale Stampa Tur\u00edstica AIST. (Italia) *Diplome D\u00b4Honneur.\u00a0<\/strong><\/em><em><strong>Uni\u00f3n des Escrivans et Journalistes Hellenes du Tourisme. FIJET. Federaci\u00f3n Mundial de Periodistas y Escritores de Turismo. Inscrito en el Consejo Nacional de Ciencia, Tecnolog\u00eda e Innovaci\u00f3n. Per\u00fa.<\/strong><\/em><\/p>\n<p>&nbsp;<\/p>\n","protected":false},"excerpt":{"rendered":"<p>Despu\u00e9s de recorrer \u201cle promenade des anglais\u201d desde Niza, aqu\u00ed en Montecarlo, Caf\u00e9 de Par\u00eds, dando de comer a sus mansas palomas. Experiencia inigualable. CULTURA DE PAZ, en Semana Santa. LA UNION HACE LA FUERZA Por. Antonio-Pedro Tejera Reyes* Un tema de excepcional importancia que muchos conocemos por haberlo vivido intensamente. \u00a0La importancia para el desarrollo del turismo, de la Semana Santa, o a la inversa. Indudablemente que son parte indivisible en cuanto a su evoluci\u00f3n, con marcado \u00edndice de importancia para unos y otros, su potente evoluci\u00f3n. Nuestras recordadas aventuras disfrutando de \u201clas vacaciones\u201d de Semana Santa ten\u00edan su&#8230;<\/p>\n","protected":false},"author":1,"featured_media":63016,"comment_status":"open","ping_status":"open","sticky":false,"template":"","format":"standard","meta":{"footnotes":""},"categories":[90],"tags":[10217,10219,10808],"class_list":["post-63014","post","type-post","status-publish","format-standard","has-post-thumbnail","hentry","category-pensando-en-voz-alta","tag-antoniopedrotejerareyes","tag-semanarioturistamagazine","tag-semanasanta"],"_links":{"self":[{"href":"https:\/\/www.turistamagazine.com\/v2\/index.php?rest_route=\/wp\/v2\/posts\/63014","targetHints":{"allow":["GET"]}}],"collection":[{"href":"https:\/\/www.turistamagazine.com\/v2\/index.php?rest_route=\/wp\/v2\/posts"}],"about":[{"href":"https:\/\/www.turistamagazine.com\/v2\/index.php?rest_route=\/wp\/v2\/types\/post"}],"author":[{"embeddable":true,"href":"https:\/\/www.turistamagazine.com\/v2\/index.php?rest_route=\/wp\/v2\/users\/1"}],"replies":[{"embeddable":true,"href":"https:\/\/www.turistamagazine.com\/v2\/index.php?rest_route=%2Fwp%2Fv2%2Fcomments&post=63014"}],"version-history":[{"count":1,"href":"https:\/\/www.turistamagazine.com\/v2\/index.php?rest_route=\/wp\/v2\/posts\/63014\/revisions"}],"predecessor-version":[{"id":63025,"href":"https:\/\/www.turistamagazine.com\/v2\/index.php?rest_route=\/wp\/v2\/posts\/63014\/revisions\/63025"}],"wp:featuredmedia":[{"embeddable":true,"href":"https:\/\/www.turistamagazine.com\/v2\/index.php?rest_route=\/wp\/v2\/media\/63016"}],"wp:attachment":[{"href":"https:\/\/www.turistamagazine.com\/v2\/index.php?rest_route=%2Fwp%2Fv2%2Fmedia&parent=63014"}],"wp:term":[{"taxonomy":"category","embeddable":true,"href":"https:\/\/www.turistamagazine.com\/v2\/index.php?rest_route=%2Fwp%2Fv2%2Fcategories&post=63014"},{"taxonomy":"post_tag","embeddable":true,"href":"https:\/\/www.turistamagazine.com\/v2\/index.php?rest_route=%2Fwp%2Fv2%2Ftags&post=63014"}],"curies":[{"name":"wp","href":"https:\/\/api.w.org\/{rel}","templated":true}]}}