{"id":6283,"date":"2014-07-25T06:34:32","date_gmt":"2014-07-25T11:34:32","guid":{"rendered":"http:\/\/www.turistamagazine.com\/v2\/?p=6283"},"modified":"2014-07-25T06:34:32","modified_gmt":"2014-07-25T11:34:32","slug":"peru-feria-del-hogar-se-inicio-ayer-luego-de-diez-anos","status":"publish","type":"post","link":"https:\/\/www.turistamagazine.com\/v2\/?p=6283","title":{"rendered":"PERU: FERIA DEL HOGAR SE INICI\u00d3 AYER LUEGO DE DIEZ A\u00d1OS"},"content":{"rendered":"<p style=\"text-align: justify;\">Y se hizo realidad. Uno de los eventos m\u00e1s apreciados por los lime\u00f1os de diferentes generaciones, la Feria del Hogar, se inaugur\u00f3 ayer, con la presencia de la alcaldesa de Lima, Susana Villar\u00e1n, el ministro de Justicia, Daniel Figallo, y la encargada de la administraci\u00f3n, Michele Lettersten.<\/p>\n<p style=\"text-align: justify;\">Tras diez a\u00f1os de ausencia se inici\u00f3 la 38\u00ba Feria del Hogar, ahora en Chorrillos hasta el 10 de agosto. Ayer se abrieron las puertas de las exposiciones, los \u00abstands\u00bb comerciales y los puestos de comida.<\/p>\n<p style=\"text-align: justify;\">\u00a0Ayer tambi\u00e9n empez\u00f3 el Gran Estelar con el show de la cantante italiana Laura Pausini.<\/p>\n<p style=\"text-align: justify;\">\u00a0Una de las exposiciones especiales es Per\u00fa Megadiverso S.O.S, en la que los visitantes pueden conocer los recursos naturales, minerales y animales que tiene el pa\u00eds, as\u00ed como las amenazas sobre ellas. Otra muestra valiosa es Somos Grau, que recorre la memorable vida del h\u00e9roe de Angamos.<\/p>\n<p style=\"text-align: justify;\">\u00a0Tambi\u00e9n se exhibe El \u00c1rbol del Compromiso, para que los asistentes suscriban un compromiso con el pr\u00f3jimo.<\/p>\n<p style=\"text-align: justify;\">\u00a0Los asistentes tienen la posibilidad de conocer m\u00e1s exposiciones especiales que los alentar\u00e1n a sumarse al crecimiento del pa\u00eds.<\/p>\n","protected":false},"excerpt":{"rendered":"<p>Y se hizo realidad. Uno de los eventos m\u00e1s apreciados por los lime\u00f1os de diferentes generaciones, la Feria del Hogar, se inaugur\u00f3 ayer, con la presencia de la alcaldesa de Lima, Susana Villar\u00e1n, el ministro de Justicia, Daniel Figallo, y la encargada de la administraci\u00f3n, Michele Lettersten. Tras diez a\u00f1os de ausencia se inici\u00f3 la 38\u00ba Feria del Hogar, ahora en Chorrillos hasta el 10 de agosto. Ayer se abrieron las puertas de las exposiciones, los \u00abstands\u00bb comerciales y los puestos de comida. \u00a0Ayer tambi\u00e9n empez\u00f3 el Gran Estelar con el show de la cantante italiana Laura Pausini. \u00a0Una de&#8230;<\/p>\n","protected":false},"author":1,"featured_media":0,"comment_status":"open","ping_status":"open","sticky":false,"template":"","format":"standard","meta":{"footnotes":""},"categories":[4,82],"tags":[2356,2357,2358,321,2355,340,140],"class_list":["post-6283","post","type-post","status-publish","format-standard","hentry","category-breaking-news","category-nacionales","tag-38o-feria-del-hogar","tag-en-chorrillos-hasta-el-10-de-agosto","tag-laura-pausini","tag-lima","tag-michele-lettersten","tag-peru","tag-susana-villaran"],"_links":{"self":[{"href":"https:\/\/www.turistamagazine.com\/v2\/index.php?rest_route=\/wp\/v2\/posts\/6283","targetHints":{"allow":["GET"]}}],"collection":[{"href":"https:\/\/www.turistamagazine.com\/v2\/index.php?rest_route=\/wp\/v2\/posts"}],"about":[{"href":"https:\/\/www.turistamagazine.com\/v2\/index.php?rest_route=\/wp\/v2\/types\/post"}],"author":[{"embeddable":true,"href":"https:\/\/www.turistamagazine.com\/v2\/index.php?rest_route=\/wp\/v2\/users\/1"}],"replies":[{"embeddable":true,"href":"https:\/\/www.turistamagazine.com\/v2\/index.php?rest_route=%2Fwp%2Fv2%2Fcomments&post=6283"}],"version-history":[{"count":4,"href":"https:\/\/www.turistamagazine.com\/v2\/index.php?rest_route=\/wp\/v2\/posts\/6283\/revisions"}],"predecessor-version":[{"id":6290,"href":"https:\/\/www.turistamagazine.com\/v2\/index.php?rest_route=\/wp\/v2\/posts\/6283\/revisions\/6290"}],"wp:attachment":[{"href":"https:\/\/www.turistamagazine.com\/v2\/index.php?rest_route=%2Fwp%2Fv2%2Fmedia&parent=6283"}],"wp:term":[{"taxonomy":"category","embeddable":true,"href":"https:\/\/www.turistamagazine.com\/v2\/index.php?rest_route=%2Fwp%2Fv2%2Fcategories&post=6283"},{"taxonomy":"post_tag","embeddable":true,"href":"https:\/\/www.turistamagazine.com\/v2\/index.php?rest_route=%2Fwp%2Fv2%2Ftags&post=6283"}],"curies":[{"name":"wp","href":"https:\/\/api.w.org\/{rel}","templated":true}]}}