{"id":62816,"date":"2024-03-05T16:51:36","date_gmt":"2024-03-05T21:51:36","guid":{"rendered":"https:\/\/www.turistamagazine.com\/v2\/?p=62816"},"modified":"2024-03-05T16:51:36","modified_gmt":"2024-03-05T21:51:36","slug":"turismo-cultural-pueblos-bonitos-de-canarias","status":"publish","type":"post","link":"https:\/\/www.turistamagazine.com\/v2\/?p=62816","title":{"rendered":"TURISMO CULTURAL: PUEBLOS BONITOS DE CANARIAS"},"content":{"rendered":"<p style=\"text-align: center;\"><span style=\"color: #333399;\"><em><strong>Betancuria, en Fuerteventura. Shutterstock<\/strong><\/em><\/span><\/p>\n<p style=\"text-align: left;\"><strong><span style=\"color: #333399;\">\u201cLas autoridades p\u00fablicas nacionales, regionales y locales, favorecer\u00e1n e incentivar\u00e1n, todas las modalidades del desarrollo tur\u00edstico\u2026 las pol\u00edticas tur\u00edsticas se organizar\u00e1n de modo que contribuyan a mejorar el nivel de vida de la poblaci\u00f3n de las regiones visitadas y respondan a sus necesidades\u2026 se llevar\u00e1n a cabo con respeto al patrimonio art\u00edstico, arqueol\u00f3gico y cultural de los pueblos, que deben proteger y trasmitir a las generaciones futuras.\u201d<\/span> <span style=\"color: #000000;\">(<\/span><\/strong><span style=\"color: #000000;\">Del C\u00f3digo \u00c9tico Mundial para el Turismo)<\/span><\/p>\n<p style=\"text-align: center;\"><span style=\"color: #800080;\"><strong>UN POTENTE ATRACTIVO TURISTICO<\/strong><\/span><\/p>\n<p><strong>Por. Antonio-Pedro Tejera Reyes*<\/strong><\/p>\n<p style=\"text-align: center;\"><strong>\u00a0<span style=\"color: #333399;\">UN PROLOGO NECESARIO<\/span><\/strong><\/p>\n<p style=\"text-align: justify;\"><span style=\"color: #333399;\"><strong>Con la insistencia propia que nos produce la ocasi\u00f3n, cuando llevamos muchos a\u00f1os insistiendo en el valor de \u201clas se\u00f1as de identidad\u201d de los pueblos, vamos a copiar un resumen de lo publicado en \u201cDiario de Avisos\u201d, de Santa Cruz de Tenerife, cuyo origen es lo publicado recientemente en \u201cViajes National Geographic\u201d.<\/strong><\/span><\/p>\n<p style=\"text-align: justify;\"><span style=\"color: #333399;\"><strong>Nuestra continua insistencia en destacar la importancia del valor que tiene considerar nuestros m\u00e1s \u00edntimos valores, est\u00e1 recogida en toda la historia del desarrollo del turismo mundial, como muy bien hemos sabido destacar desde la propia Organizaci\u00f3n Mundial del Turismo, durante todos estos a\u00f1os, donde la promoci\u00f3n de esas \u201cse\u00f1as de identidad\u201c de los pueblos, ha sido una constante recomendaci\u00f3n que incluso se recoge en C\u00f3digo \u00c9tico Mundial para el Turismo.<\/strong><\/span><\/p>\n<p style=\"text-align: justify;\"><span style=\"color: #333399;\"><strong>Fundamental y de extraordinario valor \u00a0es <\/strong><\/span><span style=\"color: #333399;\"><strong>destacar esta cuesti\u00f3n de forma especial. cuando este inimitable recurso de promoci\u00f3n tur\u00edstica, tiene un se\u00f1alado valor por ser de identificaci\u00f3n \u00fanica, casos concretos que est\u00e1 de m\u00e1s mencionar, pero que nos obliga a ello la cruel estampa mundial de aquellos personajes que publican su fotograf\u00eda para promocionar su pa\u00eds antes que las de sus valores tur\u00edsticos identificados mundialmente,<\/strong><\/span><\/p>\n<p style=\"text-align: justify;\"><span style=\"color: #800080;\"><strong>Es, algo as\u00ed, como publicar la fotograf\u00eda del presidente de Francia, antes que la de \u201cLa Torre Eiffel\u201d, al querer promocionar Par\u00eds.<\/strong><\/span><\/p>\n<p style=\"text-align: justify;\"><span style=\"color: #333399;\"><strong>Vemos ahora el resumen que se\u00f1alamos.<\/strong><\/span><\/p>\n<p style=\"text-align: justify;\"><span style=\"color: #800080;\"><strong>Presentaremos estos cuatro pueblos canarios, en el orden que los ha colocado \u201cViajes National Geographic\u201d, entre los 100 pueblos bonitos de Espa\u00f1a.<\/strong><\/span><\/p>\n<p style=\"text-align: center;\"><span style=\"color: #800080;\"><strong>BETANCURIA, EN LA ISLA DE FUERTEVENTURA<\/strong><\/span><\/p>\n<div id=\"attachment_62818\" style=\"width: 640px\" class=\"wp-caption aligncenter\"><a href=\"https:\/\/www.turistamagazine.com\/v2\/wp-content\/uploads\/2024\/03\/BETANCURIA2.bmp\"><img decoding=\"async\" aria-describedby=\"caption-attachment-62818\" class=\"wp-image-62818\" src=\"https:\/\/www.turistamagazine.com\/v2\/wp-content\/uploads\/2024\/03\/BETANCURIA2.bmp\" alt=\"\" width=\"630\" height=\"421\" \/><\/a><p id=\"caption-attachment-62818\" class=\"wp-caption-text\"><span style=\"color: #333399;\"><strong><em>Rincones ancestrales de la isla de Fuerteventura, en Betancuria, que simbolizan el desarrollo de Canarias, y sus or\u00edgenes vinculados a la Pen\u00ednsula Ib\u00e9rica \u2013 Espa\u00f1a-Portugal \u2013 en la imagen con el remate de la iglesia y el c\u00e9lebre \u201cbalc\u00f3n canario\u201d. F\/Google.<\/em><\/strong><\/span><\/p><\/div>\n<p style=\"text-align: justify;\"><span style=\"color: #333399;\"><strong>Sobre Betancuria, la revista de viajes asegura que es el pueblo m\u00e1s bello de Fuerteventura. Y que sea el m\u00e1s vac\u00edo explica los cambios acaecidos desde que en 1404 Jean de Bethencourt y Gadifer de la Salle establecieron aqu\u00ed la capital de la tierra que estaban conquistando (actualmente, la capital de Fuerteventura es Puerto del Rosario).<\/strong><\/span><\/p>\n<p style=\"text-align: justify;\"><span style=\"color: #333399;\"><strong>Solo el interior proporcionaba seguridad, pues la costa \u2013la isla cuenta con 325 km de litoral, de los que nada menos que 77 corresponden a playas\u2013 era una fuente de peligros. Por ella irrump\u00edan los piratas \u2013\u00c1frica se halla a 100 km\u2013 y las incursiones esclavistas\u201d. Asimismo, subraya la preciosidad de \u201csus calles empedradas, a menudo entre casas de s\u00f3lidos muros con balcones de pino canario\u201d.<\/strong><\/span><\/p>\n<p style=\"text-align: center;\"><span style=\"color: #800080;\"><strong>HARIA, EN LANZAROTE<\/strong><\/span><\/p>\n<div id=\"attachment_62820\" style=\"width: 640px\" class=\"wp-caption aligncenter\"><a href=\"https:\/\/www.turistamagazine.com\/v2\/wp-content\/uploads\/2024\/03\/HARIA-2.jpg\"><img decoding=\"async\" aria-describedby=\"caption-attachment-62820\" class=\"wp-image-62820\" src=\"https:\/\/www.turistamagazine.com\/v2\/wp-content\/uploads\/2024\/03\/HARIA-2.jpg\" alt=\"\" width=\"630\" height=\"420\" srcset=\"https:\/\/www.turistamagazine.com\/v2\/wp-content\/uploads\/2024\/03\/HARIA-2.jpg 1024w, https:\/\/www.turistamagazine.com\/v2\/wp-content\/uploads\/2024\/03\/HARIA-2-300x200.jpg 300w, https:\/\/www.turistamagazine.com\/v2\/wp-content\/uploads\/2024\/03\/HARIA-2-768x512.jpg 768w, https:\/\/www.turistamagazine.com\/v2\/wp-content\/uploads\/2024\/03\/HARIA-2-631x420.jpg 631w, https:\/\/www.turistamagazine.com\/v2\/wp-content\/uploads\/2024\/03\/HARIA-2-610x406.jpg 610w\" sizes=\"(max-width: 630px) 100vw, 630px\" \/><\/a><p id=\"caption-attachment-62820\" class=\"wp-caption-text\"><span style=\"color: #333399;\"><em><strong>Har\u00eda, en Lanzarote. Shutterstock <\/strong><\/em><\/span><\/p><\/div>\n<p style=\"text-align: justify;\"><span style=\"color: #333399;\"><strong>Viajes National Geographic asegura que la manera m\u00e1s impresionante de llegar a Har\u00eda es desde el sur, a trav\u00e9s de la ruta que comienza en Teguise. El camino va ganando altitud gradualmente, hasta que repentinamente se asoma al valle de Malpaso. Antes de iniciar el descenso, atravesando cinco curvas cerradas, es recomendable hacer una parada en el Mirador de los Helechos para contemplar un paisaje id\u00edlico que deja una impresi\u00f3n duradera: el Valle de las Mil Palmeras. Este oasis de palmeras canarias abraza las casas encaladas de Har\u00eda y M\u00e1guez. Hacia el norte se alza imponente La Corona (609 m), un volc\u00e1n con una silueta impecable, cuya cueva de 6 km con forma de t\u00fanel fue refugio de piratas en el pasado, y que hoy alberga dos atracciones emblem\u00e1ticas del norte de la isla: los Jameos del Agua y la Cueva de los Verdes.<\/strong><\/span><\/p>\n<div id=\"attachment_62821\" style=\"width: 640px\" class=\"wp-caption aligncenter\"><a href=\"https:\/\/www.turistamagazine.com\/v2\/wp-content\/uploads\/2024\/03\/MUSEO-CESAR-MANRIQUE.jpg\"><img decoding=\"async\" aria-describedby=\"caption-attachment-62821\" class=\"wp-image-62821\" src=\"https:\/\/www.turistamagazine.com\/v2\/wp-content\/uploads\/2024\/03\/MUSEO-CESAR-MANRIQUE.jpg\" alt=\"\" width=\"630\" height=\"504\" srcset=\"https:\/\/www.turistamagazine.com\/v2\/wp-content\/uploads\/2024\/03\/MUSEO-CESAR-MANRIQUE.jpg 950w, https:\/\/www.turistamagazine.com\/v2\/wp-content\/uploads\/2024\/03\/MUSEO-CESAR-MANRIQUE-300x240.jpg 300w, https:\/\/www.turistamagazine.com\/v2\/wp-content\/uploads\/2024\/03\/MUSEO-CESAR-MANRIQUE-768x614.jpg 768w, https:\/\/www.turistamagazine.com\/v2\/wp-content\/uploads\/2024\/03\/MUSEO-CESAR-MANRIQUE-525x420.jpg 525w\" sizes=\"(max-width: 630px) 100vw, 630px\" \/><\/a><p id=\"caption-attachment-62821\" class=\"wp-caption-text\"><em><strong><span style=\"color: #333399;\">La extraordinaria entrada al Museo Cesar Manrique, instalado en la que fuera su vivienda como un homenaje al genial personaje canario de fama mundial F\/Google.<\/span><\/strong><\/em><\/p><\/div>\n<p style=\"text-align: justify;\"><span style=\"color: #333399;\"><strong>Situado en la cornisa de El Risco, Har\u00eda es un pueblo con una arraigada tradici\u00f3n agr\u00edcola y artesanal, como lo demuestra el mercado que se celebra los s\u00e1bados por la ma\u00f1ana. C\u00e9sar Manrique opt\u00f3 por Har\u00eda como lugar de residencia cuando la fama y el creciente turismo en la isla alteraron su tranquilidad. La casa donde vivi\u00f3 hasta su fallecimiento es ahora un museo. En sus amplios espacios se pueden admirar su estudio-taller, numerosas obras de arte y, sobre todo, la armoniosa fusi\u00f3n entre la arquitectura vern\u00e1cula y la innovaci\u00f3n respetuosa con el entorno natural.<\/strong><\/span><\/p>\n<p style=\"text-align: center;\"><span style=\"color: #800080;\"><strong>TEJEDA, EN GRAN CANARIA<\/strong><\/span><\/p>\n<div id=\"attachment_62822\" style=\"width: 640px\" class=\"wp-caption aligncenter\"><a href=\"https:\/\/www.turistamagazine.com\/v2\/wp-content\/uploads\/2024\/03\/TEJEDA-1.jpg\"><img decoding=\"async\" aria-describedby=\"caption-attachment-62822\" class=\"wp-image-62822\" src=\"https:\/\/www.turistamagazine.com\/v2\/wp-content\/uploads\/2024\/03\/TEJEDA-1.jpg\" alt=\"\" width=\"630\" height=\"420\" srcset=\"https:\/\/www.turistamagazine.com\/v2\/wp-content\/uploads\/2024\/03\/TEJEDA-1.jpg 1024w, https:\/\/www.turistamagazine.com\/v2\/wp-content\/uploads\/2024\/03\/TEJEDA-1-300x200.jpg 300w, https:\/\/www.turistamagazine.com\/v2\/wp-content\/uploads\/2024\/03\/TEJEDA-1-768x512.jpg 768w, https:\/\/www.turistamagazine.com\/v2\/wp-content\/uploads\/2024\/03\/TEJEDA-1-630x420.jpg 630w, https:\/\/www.turistamagazine.com\/v2\/wp-content\/uploads\/2024\/03\/TEJEDA-1-610x407.jpg 610w\" sizes=\"(max-width: 630px) 100vw, 630px\" \/><\/a><p id=\"caption-attachment-62822\" class=\"wp-caption-text\"><strong><em><span style=\"color: #333399;\">Tejeda, en Gran Canaria. Shutterstock <\/span><\/em><\/strong><\/p><\/div>\n<p style=\"text-align: justify;\"><span style=\"color: #333399;\"><strong>Singular importancia tiene para nosotros, este bello pueblo ya que fue uno de nuestros estudios estrella, en el primer master celebrado en Canarias, durante dos a\u00f1os, en convenio de nuestros centros de ense\u00f1anzas tur\u00edsticas, con la Universidad para La Paz, UPAZ, de las Naciones Unidas. ONU, bajo la denominaci\u00f3n de \u201cCalidad Tur\u00edstica-Ambiental Sostenible y Promoci\u00f3n de La Paz\u201d<\/strong><\/span><\/p>\n<p style=\"text-align: justify;\"><span style=\"color: #333399;\"><strong>La prestigiosa publicaci\u00f3n destaca que la majestuosa caldera de Tejeda tiene un di\u00e1metro de aproximadamente 15 km y se origin\u00f3 por el hundimiento del terreno, siendo luego modelada por la erosi\u00f3n para formar profundos barrancos.<\/strong><\/span><\/p>\n<p style=\"text-align: justify;\"><span style=\"color: #333399;\"><strong>En este tel\u00f3n de crestas erosionadas, destacan dos imponentes monolitos de basalto que desaf\u00edan la verticalidad y que fueron considerados lugares sagrados por los habitantes de la isla. Nos referimos al Roque Nublo (1813 m) y al Roque Bentayga (1404 m), que se alzan al sur y sudoeste de Tejeda, respectivamente.<\/strong><\/span><\/p>\n<div id=\"attachment_62823\" style=\"width: 640px\" class=\"wp-caption aligncenter\"><a href=\"https:\/\/www.turistamagazine.com\/v2\/wp-content\/uploads\/2024\/03\/TEJEDA3.jpg\"><img decoding=\"async\" aria-describedby=\"caption-attachment-62823\" class=\"wp-image-62823\" src=\"https:\/\/www.turistamagazine.com\/v2\/wp-content\/uploads\/2024\/03\/TEJEDA3.jpg\" alt=\"\" width=\"630\" height=\"420\" srcset=\"https:\/\/www.turistamagazine.com\/v2\/wp-content\/uploads\/2024\/03\/TEJEDA3.jpg 1023w, https:\/\/www.turistamagazine.com\/v2\/wp-content\/uploads\/2024\/03\/TEJEDA3-300x200.jpg 300w, https:\/\/www.turistamagazine.com\/v2\/wp-content\/uploads\/2024\/03\/TEJEDA3-768x512.jpg 768w, https:\/\/www.turistamagazine.com\/v2\/wp-content\/uploads\/2024\/03\/TEJEDA3-630x420.jpg 630w, https:\/\/www.turistamagazine.com\/v2\/wp-content\/uploads\/2024\/03\/TEJEDA3-610x407.jpg 610w\" sizes=\"(max-width: 630px) 100vw, 630px\" \/><\/a><p id=\"caption-attachment-62823\" class=\"wp-caption-text\"><em><strong><span style=\"color: #333399;\">Tejeda, pueblo de Canarias, modelo del cultivo de su agricultura, y de su ancestro tradicional en todo su entorno. F\/ Google. <\/span><\/strong><\/em><\/p><\/div>\n<p style=\"text-align: justify;\"><span style=\"color: #333399;\"><strong>Situado a m\u00e1s de mil metros de altitud, Tejeda es un magn\u00edfico mirador hacia el paisaje petrificado que fascin\u00f3 a Unamuno. Adem\u00e1s de ofrecer vistas panor\u00e1micas impresionantes, el pueblo conserva la arquitectura tradicional canaria y todav\u00eda cuenta con viviendas-cueva, como en tiempos anteriores a la conquista. El Museo de las Tradiciones de Tejeda es una visita obligada, ya que rinde homenaje a aquellos que habitaron este lugar a lo largo de los siglos, en una estrecha relaci\u00f3n con la naturaleza.<\/strong><\/span><\/p>\n<p style=\"text-align: center;\"><span style=\"color: #800080;\"><strong>VALLE GRAN REY, ISLA DE LA GOMERA<\/strong><\/span><\/p>\n<div id=\"attachment_62817\" style=\"width: 640px\" class=\"wp-caption aligncenter\"><a href=\"https:\/\/www.turistamagazine.com\/v2\/wp-content\/uploads\/2024\/03\/VALLE-GRAN-REY.jpg\"><img decoding=\"async\" aria-describedby=\"caption-attachment-62817\" class=\"wp-image-62817\" src=\"https:\/\/www.turistamagazine.com\/v2\/wp-content\/uploads\/2024\/03\/VALLE-GRAN-REY.jpg\" alt=\"\" width=\"630\" height=\"420\" srcset=\"https:\/\/www.turistamagazine.com\/v2\/wp-content\/uploads\/2024\/03\/VALLE-GRAN-REY.jpg 1024w, https:\/\/www.turistamagazine.com\/v2\/wp-content\/uploads\/2024\/03\/VALLE-GRAN-REY-300x200.jpg 300w, https:\/\/www.turistamagazine.com\/v2\/wp-content\/uploads\/2024\/03\/VALLE-GRAN-REY-768x512.jpg 768w, https:\/\/www.turistamagazine.com\/v2\/wp-content\/uploads\/2024\/03\/VALLE-GRAN-REY-630x420.jpg 630w, https:\/\/www.turistamagazine.com\/v2\/wp-content\/uploads\/2024\/03\/VALLE-GRAN-REY-610x407.jpg 610w\" sizes=\"(max-width: 630px) 100vw, 630px\" \/><\/a><p id=\"caption-attachment-62817\" class=\"wp-caption-text\"><em><strong><span style=\"color: #333399;\">Valle Gran Rey, en La Gomera. Shutterstock <\/span><\/strong><\/em><\/p><\/div>\n<p style=\"text-align: justify;\"><span style=\"color: #333399;\"><strong>Los expertos de Viajes National Geographic se\u00f1alan que en La Gomera no existen carreteras costeras que circunvalen la isla. Para desplazarse de una localidad costera a otra, es necesario ascender por un barranco hacia el interior de la isla y, una vez en las alturas, descender hacia el mar por otro desfiladero entre las monta\u00f1as. Cada barranco presenta caracter\u00edsticas \u00fanicas. El de Valle Gran Rey destaca por sus condiciones excepcionales: es soleado, resguardado del viento y abundante en manantiales de agua.<\/strong><\/span><\/p>\n<p style=\"text-align: justify;\"><span style=\"color: #333399;\"><strong>\u00a0Valle Gran Rey no est\u00e1 formado por un n\u00facleo urbano propiamente dicho, sino por un paisaje de palmeras y acantilados, salpicado de terrazas con cultivos, caser\u00edos y peque\u00f1as aldeas. Este enclave id\u00edlico atrajo hace medio siglo a un turismo de esp\u00edritu hippie, que valoraba la singularidad del valle y su aislamiento.<\/strong><\/span><\/p>\n<div id=\"attachment_62824\" style=\"width: 640px\" class=\"wp-caption aligncenter\"><a href=\"https:\/\/www.turistamagazine.com\/v2\/wp-content\/uploads\/2024\/03\/VALLE-GRAN-REY-2.jpg\"><img decoding=\"async\" aria-describedby=\"caption-attachment-62824\" class=\"wp-image-62824\" src=\"https:\/\/www.turistamagazine.com\/v2\/wp-content\/uploads\/2024\/03\/VALLE-GRAN-REY-2.jpg\" alt=\"\" width=\"630\" height=\"436\" srcset=\"https:\/\/www.turistamagazine.com\/v2\/wp-content\/uploads\/2024\/03\/VALLE-GRAN-REY-2.jpg 1024w, https:\/\/www.turistamagazine.com\/v2\/wp-content\/uploads\/2024\/03\/VALLE-GRAN-REY-2-300x208.jpg 300w, https:\/\/www.turistamagazine.com\/v2\/wp-content\/uploads\/2024\/03\/VALLE-GRAN-REY-2-768x532.jpg 768w, https:\/\/www.turistamagazine.com\/v2\/wp-content\/uploads\/2024\/03\/VALLE-GRAN-REY-2-607x420.jpg 607w\" sizes=\"(max-width: 630px) 100vw, 630px\" \/><\/a><p id=\"caption-attachment-62824\" class=\"wp-caption-text\"><span style=\"color: #333399;\"><em><strong>En este vergel donde el desplazamiento implica ascender o descender, la playa del Ingl\u00e9s se convirti\u00f3 en un punto de encuentro entre la cultura cosmopolita y la rastafari. Su arena negra, el intenso azul del oc\u00e9ano y el romper de las olas contin\u00faan brindando atardeceres inolvidables. Hoy en d\u00eda, el turismo rural ha tomado el relevo, atrayendo a viajeros que valoran la alimentaci\u00f3n y el estilo de vida ecol\u00f3gicos. F\/ Google. <\/strong><\/em><\/span><\/p><\/div>\n<p style=\"text-align: justify;\"><span style=\"color: #333399;\"><strong>Hasta aqu\u00ed, el resumen de lo publicado por \u201cEl Diario de Avisos\u201d como vocero de \u201cViajes National Geographic\u201d, una promoci\u00f3n de las Islas Canarias, de excepcional importancia.<\/strong><\/span><\/p>\n<p style=\"text-align: center;\"><span style=\"color: #800080;\"><strong>EPILOGO NECESARIO<\/strong><\/span><\/p>\n<p style=\"text-align: justify;\"><span style=\"color: #333399;\"><strong>El mundo del turismo nos ha revolucionado a todos. Son millones las se\u00f1as de identidad que se han perdido \u2013 y se siguen perdiendo \u2013 en todo el mundo por la falta de conocimiento del valor de \u201clo hist\u00f3rico\u201d, y muy buena parte por la avaricia del poder econ\u00f3mico.<\/strong><\/span><\/p>\n<p style=\"text-align: justify;\"><span style=\"color: #333399;\"><strong>Una batalla dura, incomprendida para los que nos hemos colocado en la posici\u00f3n de defender todo lo que sea \u201cdisfrutar de los recursos \u2013 hist\u00f3ricos, naturales, etc. \u2013 actuales, sin poner en peligro el disfrute de los mismos, para las generaciones futuras\u201d.<\/strong><\/span><\/p>\n<p style=\"text-align: justify;\"><span style=\"color: #333399;\"><strong>Una labor que nos sirve para consuelo ante tanto disparate, y que refrendamos con aquello de \u201cEl deber cumplido\u201d. Una alta recompensa que valoramos con la ilusi\u00f3n que marca el reconocimiento que recibimos diariamente por nuestro trabajo \u2013 si, es trabajo &#8211;\u00a0 cuya dimensi\u00f3n a veces hasta nos asusta cuando pasamos horas analizando y estudiando temas. Situaci\u00f3n que solo puede tener una posible explicaci\u00f3n: <span style=\"color: #800080;\">Servir es nuestra ocupaci\u00f3n.<\/span><\/strong><\/span><\/p>\n<p>&nbsp;<\/p>\n<p style=\"text-align: justify;\"><em><strong><a href=\"https:\/\/www.turistamagazine.com\/v2\/wp-content\/uploads\/2022\/10\/Dr.-Antonio-Pedro-Tejera-Reyes.jpg\"><img decoding=\"async\" class=\"wp-image-58355 size-thumbnail alignleft\" src=\"https:\/\/www.turistamagazine.com\/v2\/wp-content\/uploads\/2022\/10\/Dr.-Antonio-Pedro-Tejera-Reyes-150x150.jpg\" alt=\"\" width=\"150\" height=\"150\" \/><\/a>*<\/strong><strong>Miembro activo del Grupo de Expertos de la Organizaci\u00f3n Mundial del Turismo. OMT. De las Naciones Unidas. ONU. *Fundador de los Estudios de Turismo en las Islas Canarias. *Miembro del International Hall of Tourism Heroes. WTN. *Conseiller International, Associazione\u00a0<\/strong>I<strong>ntenazionale Stampa Tur\u00edstica AIST. (Italia) *Diplome D\u00b4Honneur. Uni\u00f3n des Escrivans et Journalistes<\/strong><\/em><strong><em>\u00a0Hellenes du Tourisme. FIJET. Federaci\u00f3n Mundial de Periodistas y Escritores de Turismo. *Inscrito en el Consejo Nacional de Ciencia, Tecnolog\u00eda e Innovaci\u00f3n. Per\u00fa. Miembro de N\u00famero del Consejo Consultivo de la Fundaci\u00f3n Ecoturismo Latinoamericana, FUNECO. *Pluma de Oro de Rotary Internacional. Puerto de la Cruz. Tenerife.<\/em><\/strong><\/p>\n<p style=\"text-align: justify;\">\n","protected":false},"excerpt":{"rendered":"<p>Betancuria, en Fuerteventura. Shutterstock \u201cLas autoridades p\u00fablicas nacionales, regionales y locales, favorecer\u00e1n e incentivar\u00e1n, todas las modalidades del desarrollo tur\u00edstico\u2026 las pol\u00edticas tur\u00edsticas se organizar\u00e1n de modo que contribuyan a mejorar el nivel de vida de la poblaci\u00f3n de las regiones visitadas y respondan a sus necesidades\u2026 se llevar\u00e1n a cabo con respeto al patrimonio art\u00edstico, arqueol\u00f3gico y cultural de los pueblos, que deben proteger y trasmitir a las generaciones futuras.\u201d (Del C\u00f3digo \u00c9tico Mundial para el Turismo) UN POTENTE ATRACTIVO TURISTICO Por. Antonio-Pedro Tejera Reyes* \u00a0UN PROLOGO NECESARIO Con la insistencia propia que nos produce la ocasi\u00f3n, cuando llevamos&#8230;<\/p>\n","protected":false},"author":1,"featured_media":62819,"comment_status":"open","ping_status":"open","sticky":false,"template":"","format":"standard","meta":{"footnotes":""},"categories":[346],"tags":[10217,10219,12858],"class_list":["post-62816","post","type-post","status-publish","format-standard","has-post-thumbnail","hentry","category-francamente","tag-antoniopedrotejerareyes","tag-semanarioturistamagazine","tag-canarias-pueblos-con-encanto"],"_links":{"self":[{"href":"https:\/\/www.turistamagazine.com\/v2\/index.php?rest_route=\/wp\/v2\/posts\/62816","targetHints":{"allow":["GET"]}}],"collection":[{"href":"https:\/\/www.turistamagazine.com\/v2\/index.php?rest_route=\/wp\/v2\/posts"}],"about":[{"href":"https:\/\/www.turistamagazine.com\/v2\/index.php?rest_route=\/wp\/v2\/types\/post"}],"author":[{"embeddable":true,"href":"https:\/\/www.turistamagazine.com\/v2\/index.php?rest_route=\/wp\/v2\/users\/1"}],"replies":[{"embeddable":true,"href":"https:\/\/www.turistamagazine.com\/v2\/index.php?rest_route=%2Fwp%2Fv2%2Fcomments&post=62816"}],"version-history":[{"count":3,"href":"https:\/\/www.turistamagazine.com\/v2\/index.php?rest_route=\/wp\/v2\/posts\/62816\/revisions"}],"predecessor-version":[{"id":62827,"href":"https:\/\/www.turistamagazine.com\/v2\/index.php?rest_route=\/wp\/v2\/posts\/62816\/revisions\/62827"}],"wp:featuredmedia":[{"embeddable":true,"href":"https:\/\/www.turistamagazine.com\/v2\/index.php?rest_route=\/wp\/v2\/media\/62819"}],"wp:attachment":[{"href":"https:\/\/www.turistamagazine.com\/v2\/index.php?rest_route=%2Fwp%2Fv2%2Fmedia&parent=62816"}],"wp:term":[{"taxonomy":"category","embeddable":true,"href":"https:\/\/www.turistamagazine.com\/v2\/index.php?rest_route=%2Fwp%2Fv2%2Fcategories&post=62816"},{"taxonomy":"post_tag","embeddable":true,"href":"https:\/\/www.turistamagazine.com\/v2\/index.php?rest_route=%2Fwp%2Fv2%2Ftags&post=62816"}],"curies":[{"name":"wp","href":"https:\/\/api.w.org\/{rel}","templated":true}]}}