{"id":62578,"date":"2024-02-06T17:05:23","date_gmt":"2024-02-06T22:05:23","guid":{"rendered":"https:\/\/www.turistamagazine.com\/v2\/?p=62578"},"modified":"2024-02-06T17:05:23","modified_gmt":"2024-02-06T22:05:23","slug":"capatur-resalta-los-origenes-del-pisco","status":"publish","type":"post","link":"https:\/\/www.turistamagazine.com\/v2\/?p=62578","title":{"rendered":"CAPATUR RESALTA LOS OR\u00cdGENES DEL PISCO"},"content":{"rendered":"<p style=\"text-align: center;\"><span style=\"color: #333399;\"><em><strong>La poblaci\u00f3n de Paracas y visitantes de Lima celebraron el D\u00eda Nacional del Pisco Sour, destacando la alta calidad del producto 100 por ciento peruano.\u00a0<\/strong><\/em><\/span><\/p>\n<p style=\"text-align: center;\"><span style=\"color: #333399;\"><em><strong>De otra parte, CAPATUR estima que con la reapertura del aeropuerto internacional \u201cCapit\u00e1n FAP Ren\u00e1n El\u00edas Olivera\u201d de Pisco, aumentar\u00eda en 500 mil, la cifra anual de visitantes a Paracas.<\/strong><\/em><\/span><\/p>\n<p style=\"text-align: justify;\"><span style=\"color: #333399;\"><em><strong>PARACAS\/PERU\/06\/02\/2024.-El presidente de la C\u00e1mara de Turismo y Comercio Exterior de Paracas (CAPATUR), Eduardo J\u00e1uregui resalt\u00f3 los or\u00edgenes del Pisco en el marco del D\u00eda Nacional del Pisco Sour que se celebr\u00f3 en Paracas.\u00a0\u00a0\u00a0\u00a0\u00a0<\/strong><\/em><\/span><\/p>\n<p style=\"text-align: justify;\"><span style=\"color: #333399;\"><em><strong>En presencia de las autoridades regionales y locales de la mencionada jurisdicci\u00f3n, as\u00ed como las reinas de belleza y visitantes de Lima, record\u00f3 que hace m\u00e1s de 500 a\u00f1os desde bah\u00eda de Paracas (Pisco) se embarcaban hacia Europa el agua ardiente de uva y desde ese continente, preguntaban de d\u00f3nde proven\u00eda dicho licor.\u00a0\u00a0\u00a0\u00a0\u00a0\u00a0\u00a0 \u00a0\u00a0\u00a0\u00a0\u00a0\u00a0\u00a0\u00a0<\/strong><\/em><\/span><\/p>\n<p style=\"text-align: justify;\"><span style=\"color: #333399;\"><em><strong>J<span style=\"color: #800080;\">\u00e1uregui manifest\u00f3 que el producto llega procedente del puerto de Pisco y al final, \u201cqued\u00f3 como nombre Pisco\u201d.<\/span><\/strong><\/em><\/span><\/p>\n<p style=\"text-align: justify;\"><span style=\"color: #333399;\"><em><strong>\u201cEse es el origen del nombre, o sea, antes que naciera nuestra Rep\u00fablica. Estamos hablando de un producto netamente del lugar hist\u00f3rico y a fin de celebrar y confraternizar entre peruanos, se celebra este d\u00eda\u201d, afirm\u00f3 el titular de CAPATUR.\u00a0<\/strong><\/em><\/span><\/p>\n<p><a href=\"https:\/\/www.turistamagazine.com\/v2\/wp-content\/uploads\/2024\/02\/Pisco-Sour-.jpg\"><img decoding=\"async\" class=\"wp-image-62580 aligncenter\" src=\"https:\/\/www.turistamagazine.com\/v2\/wp-content\/uploads\/2024\/02\/Pisco-Sour-.jpg\" alt=\"\" width=\"630\" height=\"456\" srcset=\"https:\/\/www.turistamagazine.com\/v2\/wp-content\/uploads\/2024\/02\/Pisco-Sour-.jpg 640w, https:\/\/www.turistamagazine.com\/v2\/wp-content\/uploads\/2024\/02\/Pisco-Sour--300x217.jpg 300w, https:\/\/www.turistamagazine.com\/v2\/wp-content\/uploads\/2024\/02\/Pisco-Sour--581x420.jpg 581w, https:\/\/www.turistamagazine.com\/v2\/wp-content\/uploads\/2024\/02\/Pisco-Sour--220x160.jpg 220w\" sizes=\"(max-width: 630px) 100vw, 630px\" \/><\/a><\/p>\n<p style=\"text-align: justify;\"><span style=\"color: #800080;\"><em><strong>Crecimiento del turismo en Paracas<\/strong><\/em><\/span><\/p>\n<p style=\"text-align: justify;\"><span style=\"color: #333399;\"><em><strong>De otra parte, J\u00e1uregui destac\u00f3 la presencia de turistas de Lima, en su gran mayor\u00eda, que aprovechan del calor de Paracas para refrescarse en las diferentes playas que ofrece la Reserva Nacional de Paracas.<\/strong><\/em><\/span><\/p>\n<p style=\"text-align: justify;\"><span style=\"color: #333399;\"><em><strong>En ese sentido, apunt\u00f3 a la riqueza de la gastronom\u00eda marina y peruana que es de clase mundial y consumida por los visitantes.<\/strong><\/em><\/span><\/p>\n<p style=\"text-align: justify;\"><span style=\"color: #333399;\"><em><strong>\u201cCreemos que Paracas, con sus playas, su Reserva Nacional de Paracas, sus Islas Ballestas, el mar y la gastronom\u00eda, as\u00ed como la reapertura del aeropuerto \u201cCapit\u00e1n FAP Ren\u00e1n El\u00edas Olivera\u201d de Pisco, significar\u00eda, de acuerdo al proyecto, 500 mil pasajeros anuales m\u00e1s. Teniendo en cuenta que\u00a0 el turismo ya recuperado, empezar\u00eda a crecer\u201d, sostuvo.<\/strong><\/em><\/span><\/p>\n<div id=\"attachment_59464\" style=\"width: 640px\" class=\"wp-caption aligncenter\"><a href=\"https:\/\/www.turistamagazine.com\/v2\/wp-content\/uploads\/2023\/01\/islas-ballestas-ok.jpeg\"><img decoding=\"async\" aria-describedby=\"caption-attachment-59464\" class=\"wp-image-59464\" src=\"https:\/\/www.turistamagazine.com\/v2\/wp-content\/uploads\/2023\/01\/islas-ballestas-ok.jpeg\" alt=\"\" width=\"630\" height=\"378\" srcset=\"https:\/\/www.turistamagazine.com\/v2\/wp-content\/uploads\/2023\/01\/islas-ballestas-ok.jpeg 800w, https:\/\/www.turistamagazine.com\/v2\/wp-content\/uploads\/2023\/01\/islas-ballestas-ok-300x180.jpeg 300w, https:\/\/www.turistamagazine.com\/v2\/wp-content\/uploads\/2023\/01\/islas-ballestas-ok-768x461.jpeg 768w, https:\/\/www.turistamagazine.com\/v2\/wp-content\/uploads\/2023\/01\/islas-ballestas-ok-700x420.jpeg 700w, https:\/\/www.turistamagazine.com\/v2\/wp-content\/uploads\/2023\/01\/islas-ballestas-ok-610x366.jpeg 610w\" sizes=\"(max-width: 630px) 100vw, 630px\" \/><\/a><p id=\"caption-attachment-59464\" class=\"wp-caption-text\"><span style=\"color: #333399;\"><em><strong>Las hermosas y misteriosas Islas Ballestas<\/strong><\/em><\/span><\/p><\/div>\n<p style=\"text-align: justify;\"><span style=\"color: #333399;\"><em><strong>Cabe indicar que de acuerdo a las proyecciones de CAPATUR, se espera la llegada cercana a un mill\u00f3n de turistas a Paracas al concluir el 2024.<\/strong><\/em><\/span><\/p>\n<p style=\"text-align: justify;\"><span style=\"color: #333399;\"><em><strong>Finalmente, Eduardo J\u00e1uregui pidi\u00f3 la unidad de los pobladores, sector privado y autoridades locales, as\u00ed como de todos los sectores sociales a fin de concretar el desarrollo del distrito de Paracas.<\/strong><\/em><\/span><\/p>\n<p style=\"text-align: justify;\"><span style=\"color: #333399;\"><em><strong><span style=\"color: #800080;\">\u201cTenemos que empujar el crecimiento sostenido de Paracas\u201d,<\/span> finaliz\u00f3.<\/strong><\/em><\/span><\/p>\n<p style=\"text-align: justify;\">\n","protected":false},"excerpt":{"rendered":"<p>La poblaci\u00f3n de Paracas y visitantes de Lima celebraron el D\u00eda Nacional del Pisco Sour, destacando la alta calidad del producto 100 por ciento peruano.\u00a0 De otra parte, CAPATUR estima que con la reapertura del aeropuerto internacional \u201cCapit\u00e1n FAP Ren\u00e1n El\u00edas Olivera\u201d de Pisco, aumentar\u00eda en 500 mil, la cifra anual de visitantes a Paracas. PARACAS\/PERU\/06\/02\/2024.-El presidente de la C\u00e1mara de Turismo y Comercio Exterior de Paracas (CAPATUR), Eduardo J\u00e1uregui resalt\u00f3 los or\u00edgenes del Pisco en el marco del D\u00eda Nacional del Pisco Sour que se celebr\u00f3 en Paracas.\u00a0\u00a0\u00a0\u00a0\u00a0 En presencia de las autoridades regionales y locales de la mencionada&#8230;<\/p>\n","protected":false},"author":1,"featured_media":62579,"comment_status":"open","ping_status":"open","sticky":false,"template":"","format":"standard","meta":{"footnotes":""},"categories":[4,82],"tags":[10639,11752,10219],"class_list":["post-62578","post","type-post","status-publish","format-standard","has-post-thumbnail","hentry","category-breaking-news","category-nacionales","tag-eduardojauregui","tag-paracasboom","tag-semanarioturistamagazine"],"_links":{"self":[{"href":"https:\/\/www.turistamagazine.com\/v2\/index.php?rest_route=\/wp\/v2\/posts\/62578","targetHints":{"allow":["GET"]}}],"collection":[{"href":"https:\/\/www.turistamagazine.com\/v2\/index.php?rest_route=\/wp\/v2\/posts"}],"about":[{"href":"https:\/\/www.turistamagazine.com\/v2\/index.php?rest_route=\/wp\/v2\/types\/post"}],"author":[{"embeddable":true,"href":"https:\/\/www.turistamagazine.com\/v2\/index.php?rest_route=\/wp\/v2\/users\/1"}],"replies":[{"embeddable":true,"href":"https:\/\/www.turistamagazine.com\/v2\/index.php?rest_route=%2Fwp%2Fv2%2Fcomments&post=62578"}],"version-history":[{"count":2,"href":"https:\/\/www.turistamagazine.com\/v2\/index.php?rest_route=\/wp\/v2\/posts\/62578\/revisions"}],"predecessor-version":[{"id":62582,"href":"https:\/\/www.turistamagazine.com\/v2\/index.php?rest_route=\/wp\/v2\/posts\/62578\/revisions\/62582"}],"wp:featuredmedia":[{"embeddable":true,"href":"https:\/\/www.turistamagazine.com\/v2\/index.php?rest_route=\/wp\/v2\/media\/62579"}],"wp:attachment":[{"href":"https:\/\/www.turistamagazine.com\/v2\/index.php?rest_route=%2Fwp%2Fv2%2Fmedia&parent=62578"}],"wp:term":[{"taxonomy":"category","embeddable":true,"href":"https:\/\/www.turistamagazine.com\/v2\/index.php?rest_route=%2Fwp%2Fv2%2Fcategories&post=62578"},{"taxonomy":"post_tag","embeddable":true,"href":"https:\/\/www.turistamagazine.com\/v2\/index.php?rest_route=%2Fwp%2Fv2%2Ftags&post=62578"}],"curies":[{"name":"wp","href":"https:\/\/api.w.org\/{rel}","templated":true}]}}