{"id":62293,"date":"2023-12-21T19:39:52","date_gmt":"2023-12-22T00:39:52","guid":{"rendered":"https:\/\/www.turistamagazine.com\/v2\/?p=62293"},"modified":"2023-12-21T19:39:52","modified_gmt":"2023-12-22T00:39:52","slug":"comunicado-urgente-de-apotur-en-torno-a-la-venta-online-de-boletos-a-machu-picchu","status":"publish","type":"post","link":"https:\/\/www.turistamagazine.com\/v2\/?p=62293","title":{"rendered":"COMUNICADO URGENTE DE APOTUR EN TORNO A LA VENTA ONLINE DE BOLETOS A MACHU PICCHU"},"content":{"rendered":"<p style=\"text-align: center;\"><span style=\"color: #333399;\"><strong><em>COMUNICADO<\/em><\/strong><\/span><\/p>\n<p style=\"text-align: justify;\"><span style=\"color: #333399;\"><strong><em>Desde la Asociaci\u00f3n Peruana de Operadores de Turismo Receptivo e Interno \u2013 APOTUR -deseamos comunicar a todo el sector profesional del turismo, nuestro m\u00e1s completo respaldo a la decisi\u00f3n tomada por el Ministerio de Cultura para que se gestione la compra de entradas de Machu Picchu de manera virtual, con una plataforma que brinde garant\u00eda de eficiencia y sobre todo de transparencia.<\/em><\/strong><\/span><\/p>\n<p style=\"text-align: justify;\"><span style=\"color: #333399;\"><strong><em>El cambio a una plataforma que est\u00e9 auditada por el sector p\u00fablico y privado en su conjunto, ha sido un clamor de las agencias formales y oficiales registradas en el Mincetur. La actual plataforma era vulnerable y poco fiable en la disponibilidad que se mostraba.<\/em><\/strong><\/span><\/p>\n<p style=\"text-align: justify;\"><span style=\"color: #333399;\"><strong><em>Por otro lado, las mil entradas que se vend\u00edan en el pueblo de Machu Picchu a trav\u00e9s de la plataforma antigua, no se reportaban, teniendo en muchos d\u00edas del a\u00f1o una contabilizaci\u00f3n de entradas cien por ciento vendidas pero que luego no ingresaban a la ciudadela.<\/em><\/strong><\/span><\/p>\n<p style=\"text-align: justify;\"><span style=\"color: #333399;\"><strong><em>El sistema antiguo de la Direcci\u00f3n Desconcentrada de Cultura tampoco permit\u00eda ingresar precios de las entradas de un a\u00f1o a otro, teniendo los turistas y operadores que esperar hasta el final del a\u00f1o, para que se abra la venta del a\u00f1o siguiente. Esta condici\u00f3n la hemos sufrido siempre, pero hoy nos damos cuenta de \u00e9sta, por el l\u00edmite restringido de venta de entradas que existe, no m\u00e1s de 3,044 por d\u00eda, v\u00eda online, incluyendo 800 entradas del camino inca. Lo cual deja la disponibilidad de Machu Picchu en s\u00f3lo 2,244 por d\u00eda, un n\u00famero que no nos llevar\u00e1 a la reactivaci\u00f3n, m\u00e1s a\u00fan si continuamos con el antiguo sistema.<\/em><\/strong><\/span><\/p>\n<p style=\"text-align: justify;\"><span style=\"color: #333399;\"><strong><em>APOTUR apoya todos los esfuerzos de los organismos p\u00fablicos que tiendan a buscar el bienestar com\u00fan de los viajeros, agencias de viajes y operadores de turismo, rechaza los actos de corrupci\u00f3n, la falta de \u00e9tica y la improvisaci\u00f3n con la que se ha venido trabajando en muchos \u00e1mbitos.<\/em><\/strong><\/span><\/p>\n<p style=\"text-align: justify;\"><span style=\"color: #333399;\"><strong><em>Estamos embarcados en un trabajo serio, responsable y sobre todo sostenible<\/em><\/strong><\/span><\/p>\n<p style=\"text-align: center;\"><span style=\"color: #333399;\"><strong>CONSEJO DIRECTIVO DE APOTUR<\/strong><\/span><\/p>\n<p style=\"text-align: center;\"><span style=\"color: #333399;\"><strong>\u00a0<\/strong><\/span><\/p>\n<p style=\"text-align: center;\"><span style=\"color: #333399;\">Lima, 20 de diciembre del 2023<\/span><\/p>\n","protected":false},"excerpt":{"rendered":"<p>COMUNICADO Desde la Asociaci\u00f3n Peruana de Operadores de Turismo Receptivo e Interno \u2013 APOTUR -deseamos comunicar a todo el sector profesional del turismo, nuestro m\u00e1s completo respaldo a la decisi\u00f3n tomada por el Ministerio de Cultura para que se gestione la compra de entradas de Machu Picchu de manera virtual, con una plataforma que brinde garant\u00eda de eficiencia y sobre todo de transparencia. El cambio a una plataforma que est\u00e9 auditada por el sector p\u00fablico y privado en su conjunto, ha sido un clamor de las agencias formales y oficiales registradas en el Mincetur. La actual plataforma era vulnerable y&#8230;<\/p>\n","protected":false},"author":1,"featured_media":62294,"comment_status":"open","ping_status":"open","sticky":false,"template":"","format":"standard","meta":{"footnotes":""},"categories":[4,82],"tags":[11693,10219,1065],"class_list":["post-62293","post","type-post","status-publish","format-standard","has-post-thumbnail","hentry","category-breaking-news","category-nacionales","tag-enriquequinones","tag-semanarioturistamagazine","tag-apotur"],"_links":{"self":[{"href":"https:\/\/www.turistamagazine.com\/v2\/index.php?rest_route=\/wp\/v2\/posts\/62293","targetHints":{"allow":["GET"]}}],"collection":[{"href":"https:\/\/www.turistamagazine.com\/v2\/index.php?rest_route=\/wp\/v2\/posts"}],"about":[{"href":"https:\/\/www.turistamagazine.com\/v2\/index.php?rest_route=\/wp\/v2\/types\/post"}],"author":[{"embeddable":true,"href":"https:\/\/www.turistamagazine.com\/v2\/index.php?rest_route=\/wp\/v2\/users\/1"}],"replies":[{"embeddable":true,"href":"https:\/\/www.turistamagazine.com\/v2\/index.php?rest_route=%2Fwp%2Fv2%2Fcomments&post=62293"}],"version-history":[{"count":1,"href":"https:\/\/www.turistamagazine.com\/v2\/index.php?rest_route=\/wp\/v2\/posts\/62293\/revisions"}],"predecessor-version":[{"id":62295,"href":"https:\/\/www.turistamagazine.com\/v2\/index.php?rest_route=\/wp\/v2\/posts\/62293\/revisions\/62295"}],"wp:featuredmedia":[{"embeddable":true,"href":"https:\/\/www.turistamagazine.com\/v2\/index.php?rest_route=\/wp\/v2\/media\/62294"}],"wp:attachment":[{"href":"https:\/\/www.turistamagazine.com\/v2\/index.php?rest_route=%2Fwp%2Fv2%2Fmedia&parent=62293"}],"wp:term":[{"taxonomy":"category","embeddable":true,"href":"https:\/\/www.turistamagazine.com\/v2\/index.php?rest_route=%2Fwp%2Fv2%2Fcategories&post=62293"},{"taxonomy":"post_tag","embeddable":true,"href":"https:\/\/www.turistamagazine.com\/v2\/index.php?rest_route=%2Fwp%2Fv2%2Ftags&post=62293"}],"curies":[{"name":"wp","href":"https:\/\/api.w.org\/{rel}","templated":true}]}}