{"id":6223,"date":"2014-07-21T08:13:33","date_gmt":"2014-07-21T13:13:33","guid":{"rendered":"http:\/\/www.turistamagazine.com\/v2\/?p=6223"},"modified":"2014-07-21T08:13:33","modified_gmt":"2014-07-21T13:13:33","slug":"peru-motociclistas-recorrieron-la-capital-y-formaron-la-bandera-mas-larga-del-peru","status":"publish","type":"post","link":"https:\/\/www.turistamagazine.com\/v2\/?p=6223","title":{"rendered":"PERU: MOTOCICLISTAS RECORRIERON LA CAPITAL Y FORMARON LA BANDERA M\u00c1S LARGA DEL PER\u00da"},"content":{"rendered":"<p style=\"text-align: justify;\">Fueron alrededor de dos mil los motociclistas que se movilizaron por once distritos de la capital en una actividad organizada por la Asociaci\u00f3n Automotriz del Per\u00fa (APP). El evento se desarroll\u00f3 en homenaje al 193 aniversario de la independencia del Per\u00fa y consisti\u00f3 en formar la bandera peruana m\u00e1s larga, mediante el uso de sus chalecos rojos y blancos.<\/p>\n<p style=\"text-align: justify;\">El recorrido total fue de dos kil\u00f3metros y comenz\u00f3 a las diez de la ma\u00f1ana en el cruce de las avenidas Salaverry y 28 de Julio, en Jes\u00fas Mar\u00eda. Luego continuaron por las principales avenidas de este distrito, como Canevaro y El Ej\u00e9rcito, para posteriormente desplazarse por Magdalena, Bre\u00f1a, Cercado de Lima, Pueblo Libre, San Isidro, Miraflores, San Luis, San Borja, Surco y culminaron su recorrido en La Molina. Hay que resaltar que la Polic\u00eda supervis\u00f3 todo el trayecto para que no afecten el tr\u00e1fico.<\/p>\n<p style=\"text-align: justify;\">Previo a ello, la APP firm\u00f3 un convenio con el Cuerpo General de Bomberos Voluntarios del Per\u00fa, en el que se acord\u00f3 la donaci\u00f3n de 5 motocicletas al Escuadr\u00f3n de Atenci\u00f3n R\u00e1pida, que permitir\u00e1 a los bomberos movilizarse m\u00e1s r\u00e1pido para atender emergencias.<\/p>\n","protected":false},"excerpt":{"rendered":"<p>Fueron alrededor de dos mil los motociclistas que se movilizaron por once distritos de la capital en una actividad organizada por la Asociaci\u00f3n Automotriz del Per\u00fa (APP). El evento se desarroll\u00f3 en homenaje al 193 aniversario de la independencia del Per\u00fa y consisti\u00f3 en formar la bandera peruana m\u00e1s larga, mediante el uso de sus chalecos rojos y blancos. El recorrido total fue de dos kil\u00f3metros y comenz\u00f3 a las diez de la ma\u00f1ana en el cruce de las avenidas Salaverry y 28 de Julio, en Jes\u00fas Mar\u00eda. Luego continuaron por las principales avenidas de este distrito, como Canevaro y&#8230;<\/p>\n","protected":false},"author":1,"featured_media":0,"comment_status":"open","ping_status":"open","sticky":false,"template":"","format":"standard","meta":{"footnotes":""},"categories":[4,82],"tags":[2329,2330,321,340,117],"class_list":["post-6223","post","type-post","status-publish","format-standard","hentry","category-breaking-news","category-nacionales","tag-asociacion-automotriz-del-peru","tag-fiestas-patrias","tag-lima","tag-peru","tag-promocion-turistica"],"_links":{"self":[{"href":"https:\/\/www.turistamagazine.com\/v2\/index.php?rest_route=\/wp\/v2\/posts\/6223","targetHints":{"allow":["GET"]}}],"collection":[{"href":"https:\/\/www.turistamagazine.com\/v2\/index.php?rest_route=\/wp\/v2\/posts"}],"about":[{"href":"https:\/\/www.turistamagazine.com\/v2\/index.php?rest_route=\/wp\/v2\/types\/post"}],"author":[{"embeddable":true,"href":"https:\/\/www.turistamagazine.com\/v2\/index.php?rest_route=\/wp\/v2\/users\/1"}],"replies":[{"embeddable":true,"href":"https:\/\/www.turistamagazine.com\/v2\/index.php?rest_route=%2Fwp%2Fv2%2Fcomments&post=6223"}],"version-history":[{"count":2,"href":"https:\/\/www.turistamagazine.com\/v2\/index.php?rest_route=\/wp\/v2\/posts\/6223\/revisions"}],"predecessor-version":[{"id":6225,"href":"https:\/\/www.turistamagazine.com\/v2\/index.php?rest_route=\/wp\/v2\/posts\/6223\/revisions\/6225"}],"wp:attachment":[{"href":"https:\/\/www.turistamagazine.com\/v2\/index.php?rest_route=%2Fwp%2Fv2%2Fmedia&parent=6223"}],"wp:term":[{"taxonomy":"category","embeddable":true,"href":"https:\/\/www.turistamagazine.com\/v2\/index.php?rest_route=%2Fwp%2Fv2%2Fcategories&post=6223"},{"taxonomy":"post_tag","embeddable":true,"href":"https:\/\/www.turistamagazine.com\/v2\/index.php?rest_route=%2Fwp%2Fv2%2Ftags&post=6223"}],"curies":[{"name":"wp","href":"https:\/\/api.w.org\/{rel}","templated":true}]}}