{"id":61818,"date":"2023-10-12T17:10:55","date_gmt":"2023-10-12T22:10:55","guid":{"rendered":"https:\/\/www.turistamagazine.com\/v2\/?p=61818"},"modified":"2023-10-12T17:10:55","modified_gmt":"2023-10-12T22:10:55","slug":"feria-del-libro-loreto-2023-promoviendo-la-lectura-e-identidad-loretana","status":"publish","type":"post","link":"https:\/\/www.turistamagazine.com\/v2\/?p=61818","title":{"rendered":"FERIA DEL LIBRO LORETO 2023: PROMOVIENDO LA LECTURA E IDENTIDAD LORETANA"},"content":{"rendered":"<p style=\"text-align: center;\"><span style=\"color: #800080;\"><em><strong>Evento cultural se realizar\u00e1 del 14 al 21 de octubre en la Plaza de Armas de Iquitos.<\/strong><\/em><\/span><\/p>\n<p style=\"text-align: center;\"><span style=\"color: #800080;\"><em><strong>La FEL &#8211; Loreto 2023 contar\u00e1 con invitados de toda la regi\u00f3n as\u00ed como destacados personajes de otras ciudades del Per\u00fa.<\/strong><\/em><\/span><\/p>\n<p style=\"text-align: justify;\"><span style=\"color: #333399;\"><em><strong>LORETO\/PERU\/12\/10\/2023.-La Feria del Libro de Loreto 2023 (FEL \u2013 LORETO 2023) abrir\u00e1 sus puertas a ni\u00f1os, j\u00f3venes y adultos, del 14 al 21 de octubre, con la presencia de notables representantes de la literatura y de diferentes expresiones culturales de la regi\u00f3n. Esta iniciativa que forma parte del Proyecto \u201cPromoviendo Arte y Cultura de Loreto 2023\u201d (PRAC) del Gobierno Regional de Loreto (GOREL), busca promover el h\u00e1bito de la lectura en toda la regi\u00f3n.<\/strong><\/em><\/span><\/p>\n<p style=\"text-align: justify;\"><span style=\"color: #800080;\"><em><strong>Bajo el lema \u201cLa magia de leer est\u00e1 en ti\u201d, este evento educativo, art\u00edstico y cultural tiene como protagonista al universo del libro y toda la magia que lo rodea; y contar\u00e1 con invitados de toda la regi\u00f3n Loreto, como escritores, editoriales y librer\u00edas. De igual manera, participar\u00e1n tambi\u00e9n destacados personajes de otras ciudades del Per\u00fa, para deleitar al p\u00fablico con interesantes ponencias.<\/strong><\/em><\/span><\/p>\n<p style=\"text-align: justify;\"><span style=\"color: #333399;\"><em><strong>Una de las principales actividades de este proyecto, es fomentar la lectura en todas las provincias de la regi\u00f3n, con el fuerte objetivo de acortar brechas de comprensi\u00f3n lectora y afianzar la identidad cultural loretana.<\/strong><\/em><\/span><\/p>\n<p style=\"text-align: justify;\"><span style=\"color: #333399;\"><em><strong>La Plaza de Armas de Iquitos, es el lugar elegido para llevar a cabo esta fiesta dedicada exclusivamente al libro y a la cultura. Contar\u00e1 con m\u00e1s de 70 stands de reconocidas librer\u00edas y editoriales nacionales, regionales y locales.<\/strong><\/em><\/span><\/p>\n<p style=\"text-align: justify;\"><span style=\"color: #800080;\"><em><strong>\u201cInvitamos a todas las familias a participar de la FEL &#8211; LORETO 2023, apta para todas las edades. M\u00e1s all\u00e1 de un evento cultural, esta iniciativa despierta el inter\u00e9s por nuestra cultura local, revitaliza la econom\u00eda de la ciudad y regi\u00f3n, y es una extraordinaria oportunidad para presentar la riqueza cultural de Loreto, incluyendo nuestras tradiciones, mitos y costumbres, representadas en las creaciones de respetados autores de la literatura amaz\u00f3nica\u00bb, refiere Floripez Romero Bardales, coordinadora de PRAC Loreto.<\/strong><\/em><\/span><\/p>\n<p style=\"text-align: justify;\"><span style=\"color: #333399;\"><em><strong>Sobre la FEL &#8211; LORETO 2023<\/strong><\/em><\/span><\/p>\n<p style=\"text-align: justify;\"><span style=\"color: #333399;\"><em><strong>La Feria del Libro de Loreto 2023, es organizada por el Gobierno Regional de Loreto, por iniciativa y disposici\u00f3n del gobernador regional, Jorge Ren\u00e9 Ch\u00e1vez Silvano, a trav\u00e9s de la Sub Gerencia Regional de Promoci\u00f3n Cultural y Deporte adscrita a la Gerencia Regional de Desarrollo Social.<\/strong><\/em><\/span><\/p>\n<p style=\"text-align: justify;\">\n","protected":false},"excerpt":{"rendered":"<p>Evento cultural se realizar\u00e1 del 14 al 21 de octubre en la Plaza de Armas de Iquitos. La FEL &#8211; Loreto 2023 contar\u00e1 con invitados de toda la regi\u00f3n as\u00ed como destacados personajes de otras ciudades del Per\u00fa. LORETO\/PERU\/12\/10\/2023.-La Feria del Libro de Loreto 2023 (FEL \u2013 LORETO 2023) abrir\u00e1 sus puertas a ni\u00f1os, j\u00f3venes y adultos, del 14 al 21 de octubre, con la presencia de notables representantes de la literatura y de diferentes expresiones culturales de la regi\u00f3n. Esta iniciativa que forma parte del Proyecto \u201cPromoviendo Arte y Cultura de Loreto 2023\u201d (PRAC) del Gobierno Regional de Loreto&#8230;<\/p>\n","protected":false},"author":1,"featured_media":61819,"comment_status":"open","ping_status":"open","sticky":false,"template":"","format":"standard","meta":{"footnotes":""},"categories":[4,82],"tags":[10219,12724,340],"class_list":["post-61818","post","type-post","status-publish","format-standard","has-post-thumbnail","hentry","category-breaking-news","category-nacionales","tag-semanarioturistamagazine","tag-fel-loreto-2023","tag-peru"],"_links":{"self":[{"href":"https:\/\/www.turistamagazine.com\/v2\/index.php?rest_route=\/wp\/v2\/posts\/61818","targetHints":{"allow":["GET"]}}],"collection":[{"href":"https:\/\/www.turistamagazine.com\/v2\/index.php?rest_route=\/wp\/v2\/posts"}],"about":[{"href":"https:\/\/www.turistamagazine.com\/v2\/index.php?rest_route=\/wp\/v2\/types\/post"}],"author":[{"embeddable":true,"href":"https:\/\/www.turistamagazine.com\/v2\/index.php?rest_route=\/wp\/v2\/users\/1"}],"replies":[{"embeddable":true,"href":"https:\/\/www.turistamagazine.com\/v2\/index.php?rest_route=%2Fwp%2Fv2%2Fcomments&post=61818"}],"version-history":[{"count":1,"href":"https:\/\/www.turistamagazine.com\/v2\/index.php?rest_route=\/wp\/v2\/posts\/61818\/revisions"}],"predecessor-version":[{"id":61820,"href":"https:\/\/www.turistamagazine.com\/v2\/index.php?rest_route=\/wp\/v2\/posts\/61818\/revisions\/61820"}],"wp:featuredmedia":[{"embeddable":true,"href":"https:\/\/www.turistamagazine.com\/v2\/index.php?rest_route=\/wp\/v2\/media\/61819"}],"wp:attachment":[{"href":"https:\/\/www.turistamagazine.com\/v2\/index.php?rest_route=%2Fwp%2Fv2%2Fmedia&parent=61818"}],"wp:term":[{"taxonomy":"category","embeddable":true,"href":"https:\/\/www.turistamagazine.com\/v2\/index.php?rest_route=%2Fwp%2Fv2%2Fcategories&post=61818"},{"taxonomy":"post_tag","embeddable":true,"href":"https:\/\/www.turistamagazine.com\/v2\/index.php?rest_route=%2Fwp%2Fv2%2Ftags&post=61818"}],"curies":[{"name":"wp","href":"https:\/\/api.w.org\/{rel}","templated":true}]}}