{"id":61722,"date":"2023-10-02T18:41:01","date_gmt":"2023-10-02T23:41:01","guid":{"rendered":"https:\/\/www.turistamagazine.com\/v2\/?p=61722"},"modified":"2023-10-02T19:55:00","modified_gmt":"2023-10-03T00:55:00","slug":"capatur-invita-a-los-bolivianos-a-que-conozcan-las-playas-de-paracas-y-degustar-su-gastronomia","status":"publish","type":"post","link":"https:\/\/www.turistamagazine.com\/v2\/?p=61722","title":{"rendered":"CAPATUR INVITA A LOS BOLIVIANOS A QUE CONOZCAN LAS PLAYAS DE PARACAS Y DEGUSTAR SU GASTRONOM\u00cdA"},"content":{"rendered":"<p style=\"text-align: center;\"><span style=\"color: #800080;\"><em><strong>El alcalde de Tarija (Bolivia), Johnny Torres Terzo recibi\u00f3 la invitaci\u00f3n de CAPATUR a fin visite Paracas en el marco del Festival del Yakumama a desarrollarse en \u00faltimo fin de semana de mayo 2024.<\/strong><\/em><\/span><\/p>\n<p style=\"text-align: justify;\"><span style=\"color: #333399;\"><em><strong>02\/09\/2023\/ Bolivia.-El presidente de la C\u00e1mara de Turismo y Comercio Exterior de Paracas (CAPATUR), Eduardo J\u00e1uregui formul\u00f3 en Santa Cruz (Bolivia), una invitaci\u00f3n a los bolivianos a que conozcan la Regi\u00f3n Ica, en especial, el balneario de Paracas.<\/strong><\/em><\/span><\/p>\n<p style=\"text-align: justify;\"><span style=\"color: #333399;\"><em><strong>Tras participar en la feria internacional de Santa Cruz &#8211; ExpoCruz 2023, indic\u00f3 que la mayor\u00eda de los bolivianos conocen solamente la ciudad del Cusco y muy pocos tienen noci\u00f3n de la gastronom\u00eda peruana y del Pisco, principal bebida de nuestro pa\u00eds.<\/strong><\/em><\/span><\/p>\n<p style=\"text-align: justify;\"><span style=\"color: #333399;\"><em><strong><span style=\"color: #800080;\">\u201cNuestro hermano pa\u00eds tiene un enorme potencial econ\u00f3mico, especialmente en el oriente boliviano, o sea, Santa Cruz, que es la principal ciudad comercial de Bolivia\u201d,<\/span> puntualiz\u00f3.<\/strong><\/em><\/span><\/p>\n<p style=\"text-align: justify;\"><span style=\"color: #333399;\"><em><strong>El titular de CAPATUR a\u00f1adi\u00f3 que el inter\u00e9s de los bolivianos es conocer las playas de Paracas, as\u00ed como degustar la gastronom\u00eda peruana.<\/strong><\/em><\/span><\/p>\n<p style=\"text-align: justify;\"><span style=\"color: #800080;\"><em><strong>Posible inversi\u00f3n boliviana en Paracas<\/strong><\/em><\/span><\/p>\n<p><a href=\"https:\/\/www.turistamagazine.com\/v2\/wp-content\/uploads\/2023\/10\/paracas.bmp\"><img decoding=\"async\" class=\"wp-image-61725 aligncenter\" src=\"https:\/\/www.turistamagazine.com\/v2\/wp-content\/uploads\/2023\/10\/paracas.bmp\" alt=\"\" width=\"630\" height=\"354\" \/><\/a><\/p>\n<p>&nbsp;<\/p>\n<p style=\"text-align: justify;\"><span style=\"color: #333399;\"><em><strong>De otra parte, Eduardo J\u00e1uregui revel\u00f3 que, durante su estad\u00eda en Bolivia, tuvo la oportunidad de reunirse con el alcalde de Tarija, Johnny Torres Terzo, a quien invit\u00f3 a Paracas en el marco del Festival del Yakumama, a desarrollarse en el \u00faltimo fin de semana de mayo 2024.<\/strong><\/em><\/span><\/p>\n<p style=\"text-align: justify;\"><span style=\"color: #800080;\"><em><strong>Tanto el presidente de CAPATUR y el alcalde de Tarija acordaron trabajar en un protocolo de hermanamiento para aumentar el flujo tur\u00edstico y concretar la exportaci\u00f3n de vinos al mencionado pa\u00eds.<\/strong><\/em><\/span><\/p>\n<p style=\"text-align: justify;\"><span style=\"color: #333399;\"><em><strong>Cabe indicar que Tarija es internacionalmente conocida por su alta calidad del vino y \u201cexportan sus productos a diversos pa\u00edses\u201d.<\/strong><\/em><\/span><\/p>\n<p style=\"text-align: justify;\"><span style=\"color: #333399;\"><em><strong><span style=\"color: #800080;\">\u201cEstamos invit\u00e1ndolos para as\u00ed afianzar las relaciones comerciales y difundir nuestra gastronom\u00eda marina, a trav\u00e9s de nuestro chef, Cristian Guerra, campe\u00f3n mundial del cebiche, quien prepar\u00f3 dicho plato, a base del paiche, para la degustaci\u00f3n de los bolivianos en Expo Santa Cruz y el pueblo de Tarija\u201d<\/span>, manifest\u00f3 el titular de CAPATUR.<\/strong><\/em><\/span><\/p>\n<p><a href=\"https:\/\/www.turistamagazine.com\/v2\/wp-content\/uploads\/2023\/10\/Cebiche.jpg\"><img decoding=\"async\" class=\"wp-image-61726 aligncenter\" src=\"https:\/\/www.turistamagazine.com\/v2\/wp-content\/uploads\/2023\/10\/Cebiche-169x300.jpg\" alt=\"\" width=\"450\" height=\"800\" srcset=\"https:\/\/www.turistamagazine.com\/v2\/wp-content\/uploads\/2023\/10\/Cebiche-169x300.jpg 169w, https:\/\/www.turistamagazine.com\/v2\/wp-content\/uploads\/2023\/10\/Cebiche-236x420.jpg 236w, https:\/\/www.turistamagazine.com\/v2\/wp-content\/uploads\/2023\/10\/Cebiche.jpg 576w\" sizes=\"(max-width: 450px) 100vw, 450px\" \/><\/a><\/p>\n<p style=\"text-align: justify;\"><span style=\"color: #333399;\"><em><strong>J\u00e1uregui agreg\u00f3 que el burgomaestre de Tarija estar\u00e1 acompa\u00f1ado por un grupo de productores de vino, as\u00ed como propietarios de vi\u00f1edos de la ciudad de Tarija.<\/strong><\/em><\/span><\/p>\n<p style=\"text-align: justify;\"><span style=\"color: #333399;\"><em><strong>Igualmente, revel\u00f3 que un grupo de inversionistas vinculado en Bienes y Ra\u00edces de Santa Cruz llegar\u00eda a Paracas a fin de evaluar la posibilidad de adquirir terrenos y construir apartamentos para los bolivianos.<\/strong><\/em><\/span><\/p>\n<p style=\"text-align: justify;\"><span style=\"color: #800080;\"><em><strong>\u201cEstamos a la espera de la llegada de los empresarios bolivianos a fin que puedan hacer inversiones en la construcci\u00f3n de apartamentos para los bolivianos\u201d, finaliz\u00f3.<\/strong><\/em><\/span><\/p>\n<p>Santa Cruz (Bolivia), 02 de octubre de 2023<\/p>\n<p>Oficina de Prensa<\/p>\n<p>CAPATUR<\/p>\n<p>&nbsp;<\/p>\n<p>&nbsp;<\/p>\n<p>&nbsp;<\/p>\n<p>&nbsp;<\/p>\n","protected":false},"excerpt":{"rendered":"<p>El alcalde de Tarija (Bolivia), Johnny Torres Terzo recibi\u00f3 la invitaci\u00f3n de CAPATUR a fin visite Paracas en el marco del Festival del Yakumama a desarrollarse en \u00faltimo fin de semana de mayo 2024. 02\/09\/2023\/ Bolivia.-El presidente de la C\u00e1mara de Turismo y Comercio Exterior de Paracas (CAPATUR), Eduardo J\u00e1uregui formul\u00f3 en Santa Cruz (Bolivia), una invitaci\u00f3n a los bolivianos a que conozcan la Regi\u00f3n Ica, en especial, el balneario de Paracas. Tras participar en la feria internacional de Santa Cruz &#8211; ExpoCruz 2023, indic\u00f3 que la mayor\u00eda de los bolivianos conocen solamente la ciudad del Cusco y muy pocos&#8230;<\/p>\n","protected":false},"author":1,"featured_media":61723,"comment_status":"open","ping_status":"open","sticky":false,"template":"","format":"standard","meta":{"footnotes":""},"categories":[4,84],"tags":[10639,11752,10219,330],"class_list":["post-61722","post","type-post","status-publish","format-standard","has-post-thumbnail","hentry","category-breaking-news","category-internacionales","tag-eduardojauregui","tag-paracasboom","tag-semanarioturistamagazine","tag-turismo-en-el-peru"],"_links":{"self":[{"href":"https:\/\/www.turistamagazine.com\/v2\/index.php?rest_route=\/wp\/v2\/posts\/61722","targetHints":{"allow":["GET"]}}],"collection":[{"href":"https:\/\/www.turistamagazine.com\/v2\/index.php?rest_route=\/wp\/v2\/posts"}],"about":[{"href":"https:\/\/www.turistamagazine.com\/v2\/index.php?rest_route=\/wp\/v2\/types\/post"}],"author":[{"embeddable":true,"href":"https:\/\/www.turistamagazine.com\/v2\/index.php?rest_route=\/wp\/v2\/users\/1"}],"replies":[{"embeddable":true,"href":"https:\/\/www.turistamagazine.com\/v2\/index.php?rest_route=%2Fwp%2Fv2%2Fcomments&post=61722"}],"version-history":[{"count":2,"href":"https:\/\/www.turistamagazine.com\/v2\/index.php?rest_route=\/wp\/v2\/posts\/61722\/revisions"}],"predecessor-version":[{"id":61732,"href":"https:\/\/www.turistamagazine.com\/v2\/index.php?rest_route=\/wp\/v2\/posts\/61722\/revisions\/61732"}],"wp:featuredmedia":[{"embeddable":true,"href":"https:\/\/www.turistamagazine.com\/v2\/index.php?rest_route=\/wp\/v2\/media\/61723"}],"wp:attachment":[{"href":"https:\/\/www.turistamagazine.com\/v2\/index.php?rest_route=%2Fwp%2Fv2%2Fmedia&parent=61722"}],"wp:term":[{"taxonomy":"category","embeddable":true,"href":"https:\/\/www.turistamagazine.com\/v2\/index.php?rest_route=%2Fwp%2Fv2%2Fcategories&post=61722"},{"taxonomy":"post_tag","embeddable":true,"href":"https:\/\/www.turistamagazine.com\/v2\/index.php?rest_route=%2Fwp%2Fv2%2Ftags&post=61722"}],"curies":[{"name":"wp","href":"https:\/\/api.w.org\/{rel}","templated":true}]}}