{"id":61675,"date":"2023-09-21T16:44:47","date_gmt":"2023-09-21T21:44:47","guid":{"rendered":"https:\/\/www.turistamagazine.com\/v2\/?p=61675"},"modified":"2023-09-21T16:44:47","modified_gmt":"2023-09-21T21:44:47","slug":"dina-boluarte-recibe-invitacion-para-participar-en-foro-de-mujeres-lideres-en-hungria","status":"publish","type":"post","link":"https:\/\/www.turistamagazine.com\/v2\/?p=61675","title":{"rendered":"DINA BOLUARTE\u00a0 RECIBE INVITACI\u00d3N PARA PARTICIPAR EN FORO DE MUJERES L\u00cdDERES EN HUNGR\u00cdA"},"content":{"rendered":"<p style=\"text-align: center;\"><span style=\"color: #800080;\"><em><strong>Evento internacional se efectuar\u00e1 en octubre del 2024<\/strong><\/em><\/span><\/p>\n<p style=\"text-align: justify;\"><span style=\"color: #333399;\"><em><strong>\u00a0NEW YORK\/ 21\/09\/2023.- La presidenta Dina Boluarte recibi\u00f3 la invitaci\u00f3n de su hom\u00f3loga de Hungr\u00eda, Katalin Nov\u00e1k, para participar en el Foro Internacional de Mujeres L\u00edderes a realizarse en octubre del 2024, en Budapest.<\/strong><\/em><\/span><\/p>\n<p style=\"text-align: justify;\"><span style=\"color: #333399;\"><em><strong>Ambas mandatarias tuvieron un encuentro en el marco de la 78\u00b0 Asamblea General de las Naciones Unidas, celebrada en la ciudad de Nueva York, Estados Unidos.<\/strong><\/em><\/span><\/p>\n<p style=\"text-align: justify;\"><span style=\"color: #333399;\"><em><strong>La jefa del Estado lleg\u00f3 esta ma\u00f1ana a Lima procedente de los EE.UU, donde cumpli\u00f3 una serie de actividades en la ONU, donde asegur\u00f3 que el Per\u00fa tiene una econom\u00eda estable y que est\u00e1 abierta a las inversiones.<\/strong><\/em><\/span><\/p>\n<p style=\"text-align: justify;\"><span style=\"color: #333399;\"><em><strong>Adem\u00e1s, ratific\u00f3 la defensa de la institucionalidad y de respeto a los derechos humanos, as\u00ed como una defensa a las pol\u00edticas para mitigar los efectos del cambio clim\u00e1tico.<\/strong><\/em><\/span><\/p>\n<p style=\"text-align: justify;\"><span style=\"color: #333399;\"><em><strong>Por su parte, el Secretario General de la Organizaci\u00f3n de las Naciones Unidas (ONU) Ant\u00f3nio Guterres, reconoci\u00f3 el compromiso de Per\u00fa con las prioridades de las Naciones Unidas, tras reunirse con la presidenta de la Rep\u00fablica, Dina Boluarte Zegarra.<\/strong><\/em><\/span><\/p>\n<p style=\"text-align: justify;\"><span style=\"color: #333399;\"><em><strong>El secretario general y la mandataria peruana abordaron la reforma del sistema financiero internacional as\u00ed como la implementaci\u00f3n de los Objetivos de Desarrollo Sostenible (ODS).<\/strong><\/em><\/span><\/p>\n","protected":false},"excerpt":{"rendered":"<p>Evento internacional se efectuar\u00e1 en octubre del 2024 \u00a0NEW YORK\/ 21\/09\/2023.- La presidenta Dina Boluarte recibi\u00f3 la invitaci\u00f3n de su hom\u00f3loga de Hungr\u00eda, Katalin Nov\u00e1k, para participar en el Foro Internacional de Mujeres L\u00edderes a realizarse en octubre del 2024, en Budapest. Ambas mandatarias tuvieron un encuentro en el marco de la 78\u00b0 Asamblea General de las Naciones Unidas, celebrada en la ciudad de Nueva York, Estados Unidos. La jefa del Estado lleg\u00f3 esta ma\u00f1ana a Lima procedente de los EE.UU, donde cumpli\u00f3 una serie de actividades en la ONU, donde asegur\u00f3 que el Per\u00fa tiene una econom\u00eda estable y&#8230;<\/p>\n","protected":false},"author":1,"featured_media":61676,"comment_status":"open","ping_status":"open","sticky":false,"template":"","format":"standard","meta":{"footnotes":""},"categories":[4,82],"tags":[12355,10219,749],"class_list":["post-61675","post","type-post","status-publish","format-standard","has-post-thumbnail","hentry","category-breaking-news","category-nacionales","tag-dinaboluarte","tag-semanarioturistamagazine","tag-turistamagazine"],"_links":{"self":[{"href":"https:\/\/www.turistamagazine.com\/v2\/index.php?rest_route=\/wp\/v2\/posts\/61675","targetHints":{"allow":["GET"]}}],"collection":[{"href":"https:\/\/www.turistamagazine.com\/v2\/index.php?rest_route=\/wp\/v2\/posts"}],"about":[{"href":"https:\/\/www.turistamagazine.com\/v2\/index.php?rest_route=\/wp\/v2\/types\/post"}],"author":[{"embeddable":true,"href":"https:\/\/www.turistamagazine.com\/v2\/index.php?rest_route=\/wp\/v2\/users\/1"}],"replies":[{"embeddable":true,"href":"https:\/\/www.turistamagazine.com\/v2\/index.php?rest_route=%2Fwp%2Fv2%2Fcomments&post=61675"}],"version-history":[{"count":1,"href":"https:\/\/www.turistamagazine.com\/v2\/index.php?rest_route=\/wp\/v2\/posts\/61675\/revisions"}],"predecessor-version":[{"id":61677,"href":"https:\/\/www.turistamagazine.com\/v2\/index.php?rest_route=\/wp\/v2\/posts\/61675\/revisions\/61677"}],"wp:featuredmedia":[{"embeddable":true,"href":"https:\/\/www.turistamagazine.com\/v2\/index.php?rest_route=\/wp\/v2\/media\/61676"}],"wp:attachment":[{"href":"https:\/\/www.turistamagazine.com\/v2\/index.php?rest_route=%2Fwp%2Fv2%2Fmedia&parent=61675"}],"wp:term":[{"taxonomy":"category","embeddable":true,"href":"https:\/\/www.turistamagazine.com\/v2\/index.php?rest_route=%2Fwp%2Fv2%2Fcategories&post=61675"},{"taxonomy":"post_tag","embeddable":true,"href":"https:\/\/www.turistamagazine.com\/v2\/index.php?rest_route=%2Fwp%2Fv2%2Ftags&post=61675"}],"curies":[{"name":"wp","href":"https:\/\/api.w.org\/{rel}","templated":true}]}}