{"id":61652,"date":"2023-09-18T19:39:05","date_gmt":"2023-09-19T00:39:05","guid":{"rendered":"https:\/\/www.turistamagazine.com\/v2\/?p=61652"},"modified":"2023-09-18T19:41:20","modified_gmt":"2023-09-19T00:41:20","slug":"el-turismo-no-regresa-a-cuba","status":"publish","type":"post","link":"https:\/\/www.turistamagazine.com\/v2\/?p=61652","title":{"rendered":"EL TURISMO NO REGRESA A CUBA"},"content":{"rendered":"<p style=\"text-align: center;\"><span style=\"color: #800080;\"><strong>Dispone hoy de 81 mil habitaciones hoteleras, que pese a la crisis siguen aumentando, con otros cinco hoteles que se van a abrir antes de finales de a\u00f1o<\/strong><\/span><\/p>\n<p style=\"text-align: justify;\"><span style=\"color: #333399;\"><strong>CUBA\/18\/09\/2023.-El Gobierno no cesa de hacer esfuerzos, pero el turismo no termina de regresar a Cuba. Los datos de la ONEI, oficina de estad\u00edsticas estatales, para el periodo entre enero y junio de este a\u00f1o, indican que la ocupaci\u00f3n de los hoteles es apenas del 28 por ciento, muy por debajo de lo que ocurre en otros pa\u00edses competidores del Caribe dispone hoy de 81 mil habitaciones hoteleras, que pese a la crisis siguen aumentando, con otros cinco hoteles que se van a abrir antes de finales de a\u00f1o. En cualquier caso, es evidente que estos son proyectos que estaban en marcha y que ahora concluyen, ajenos a la no recuperaci\u00f3n tur\u00edstica.<\/strong><\/span><\/p>\n<p style=\"text-align: justify;\"><span style=\"color: #333399;\"><strong>O, m\u00e1s exactamente, a la exagerada lentitud en la recuperaci\u00f3n, porque es verdad que este a\u00f1o ha habido m\u00e1s turistas que en 2022. Sin embargo, el Gobierno se hab\u00eda fijado la meta de 2,5 millones de turistas para el ejercicio, que despu\u00e9s se redujo a 1,7 millones y que tampoco pudo ser alcanzada. En el primer semestre de este a\u00f1o s\u00f3lo ha visitado Cuba el 50 por ciento del turismo de 2019.<\/strong><\/span><\/p>\n<p style=\"text-align: justify;\"><span style=\"color: #333399;\"><strong>En el pa\u00eds ocurre algo ins\u00f3lito: los cubanos residentes en el extranjero son la segunda nacionalidad en sus hoteles, por detr\u00e1s de Canad\u00e1, con diferencia la primera procedencia.<\/strong><\/span><\/p>\n<p style=\"text-align: justify;\"><span style=\"color: #333399;\"><strong>El Gobierno canadiense, sin embargo, acaba de emitir una alerta para sus ciudadanos, advirti\u00e9ndoles de que la situaci\u00f3n en Cuba es delicada y que pueden faltar productos esenciales como medicinas o comida. Nunca antes Canad\u00e1 hab\u00eda emitido una alerta as\u00ed y no se sabe c\u00f3mo responder\u00e1n los clientes.<\/strong><\/span><\/p>\n<p style=\"text-align: justify;\"><span style=\"color: #333399;\"><strong>F\/ Preferente.com<\/strong><\/span><\/p>\n<p>&nbsp;<\/p>\n","protected":false},"excerpt":{"rendered":"<p>Dispone hoy de 81 mil habitaciones hoteleras, que pese a la crisis siguen aumentando, con otros cinco hoteles que se van a abrir antes de finales de a\u00f1o CUBA\/18\/09\/2023.-El Gobierno no cesa de hacer esfuerzos, pero el turismo no termina de regresar a Cuba. Los datos de la ONEI, oficina de estad\u00edsticas estatales, para el periodo entre enero y junio de este a\u00f1o, indican que la ocupaci\u00f3n de los hoteles es apenas del 28 por ciento, muy por debajo de lo que ocurre en otros pa\u00edses competidores del Caribe dispone hoy de 81 mil habitaciones hoteleras, que pese a la&#8230;<\/p>\n","protected":false},"author":1,"featured_media":43878,"comment_status":"open","ping_status":"open","sticky":false,"template":"","format":"standard","meta":{"footnotes":""},"categories":[4,84],"tags":[10219,469,331,340],"class_list":["post-61652","post","type-post","status-publish","format-standard","has-post-thumbnail","hentry","category-breaking-news","category-internacionales","tag-semanarioturistamagazine","tag-canada","tag-cuba","tag-peru"],"_links":{"self":[{"href":"https:\/\/www.turistamagazine.com\/v2\/index.php?rest_route=\/wp\/v2\/posts\/61652","targetHints":{"allow":["GET"]}}],"collection":[{"href":"https:\/\/www.turistamagazine.com\/v2\/index.php?rest_route=\/wp\/v2\/posts"}],"about":[{"href":"https:\/\/www.turistamagazine.com\/v2\/index.php?rest_route=\/wp\/v2\/types\/post"}],"author":[{"embeddable":true,"href":"https:\/\/www.turistamagazine.com\/v2\/index.php?rest_route=\/wp\/v2\/users\/1"}],"replies":[{"embeddable":true,"href":"https:\/\/www.turistamagazine.com\/v2\/index.php?rest_route=%2Fwp%2Fv2%2Fcomments&post=61652"}],"version-history":[{"count":3,"href":"https:\/\/www.turistamagazine.com\/v2\/index.php?rest_route=\/wp\/v2\/posts\/61652\/revisions"}],"predecessor-version":[{"id":61655,"href":"https:\/\/www.turistamagazine.com\/v2\/index.php?rest_route=\/wp\/v2\/posts\/61652\/revisions\/61655"}],"wp:featuredmedia":[{"embeddable":true,"href":"https:\/\/www.turistamagazine.com\/v2\/index.php?rest_route=\/wp\/v2\/media\/43878"}],"wp:attachment":[{"href":"https:\/\/www.turistamagazine.com\/v2\/index.php?rest_route=%2Fwp%2Fv2%2Fmedia&parent=61652"}],"wp:term":[{"taxonomy":"category","embeddable":true,"href":"https:\/\/www.turistamagazine.com\/v2\/index.php?rest_route=%2Fwp%2Fv2%2Fcategories&post=61652"},{"taxonomy":"post_tag","embeddable":true,"href":"https:\/\/www.turistamagazine.com\/v2\/index.php?rest_route=%2Fwp%2Fv2%2Ftags&post=61652"}],"curies":[{"name":"wp","href":"https:\/\/api.w.org\/{rel}","templated":true}]}}