{"id":61632,"date":"2023-09-15T18:50:54","date_gmt":"2023-09-15T23:50:54","guid":{"rendered":"https:\/\/www.turistamagazine.com\/v2\/?p=61632"},"modified":"2023-09-15T18:50:54","modified_gmt":"2023-09-15T23:50:54","slug":"el-lado-oscuro-del-aeropuerto-de-el-prat-aloja-a-cientos-de-sintecho","status":"publish","type":"post","link":"https:\/\/www.turistamagazine.com\/v2\/?p=61632","title":{"rendered":"EL LADO OSCURO DEL AEROPUERTO DE EL PRAT: \u201cALOJA\u201d A CIENTOS DE SINTECHO"},"content":{"rendered":"<p><span style=\"color: #333399;\"><strong>ESPA\u00d1A\/ 15\/09\/2023.- Las grandes ciudades suelen ser testigos de un amplio n\u00famero de sintechos que no tienen donde vivir y se buscan la vida para poder subsistir y pasar la noche en la calle. Pero lo que muchos no conocer\u00e1n es que El Prat, uno de los puntos estrat\u00e9gicos m\u00e1s importantes de Espa\u00f1a en t\u00e9rminos de turismo, tambi\u00e9n sufre esta problem\u00e1tica.<\/strong><\/span><\/p>\n<p><span style=\"color: #333399;\"><strong>El usuario de YouTube, BCN a pie de calle, ha publicado un peque\u00f1o reportaje en el que analiza la situaci\u00f3n de estas personas sin hogar. Asegura que hay cientos que hacen del aeropuerto su casa mientras que el Ayuntamiento y Aena lo ocultan para no dar \u201cmala imagen\u201d del destino.<\/strong><\/span><\/p>\n<p><span style=\"color: #333399;\"><strong>Aparentemente, \u201cresiden\u201d en un parking vac\u00edo de la terminal, aunque tambi\u00e9n hay personas por las zonas de paso de los pasajeros. A lo largo del v\u00eddeo, se puede observar c\u00f3mo lo utilizan como trastero, guardarropa, e incluso algunos de ellos tienen peque\u00f1as cocinas para comer.<\/strong><\/span><\/p>\n<p><span style=\"color: #333399;\"><strong>Pedro Puertas, uno de los sintecho entrevistado, asegura que lleva durmiendo en el aeropuerto \u201cunos seis a\u00f1os\u201d porque \u201ces m\u00e1s seguro que en Barcelona\u201d. La mayor\u00eda de ellos acuden a la ciudad durante el resto del d\u00eda para conseguir algunos euros y as\u00ed poder comer y subsistir de la mejor manera posible.<\/strong><\/span><\/p>\n","protected":false},"excerpt":{"rendered":"<p>ESPA\u00d1A\/ 15\/09\/2023.- Las grandes ciudades suelen ser testigos de un amplio n\u00famero de sintechos que no tienen donde vivir y se buscan la vida para poder subsistir y pasar la noche en la calle. Pero lo que muchos no conocer\u00e1n es que El Prat, uno de los puntos estrat\u00e9gicos m\u00e1s importantes de Espa\u00f1a en t\u00e9rminos de turismo, tambi\u00e9n sufre esta problem\u00e1tica. El usuario de YouTube, BCN a pie de calle, ha publicado un peque\u00f1o reportaje en el que analiza la situaci\u00f3n de estas personas sin hogar. Asegura que hay cientos que hacen del aeropuerto su casa mientras que el Ayuntamiento&#8230;<\/p>\n","protected":false},"author":1,"featured_media":61633,"comment_status":"open","ping_status":"open","sticky":false,"template":"","format":"standard","meta":{"footnotes":""},"categories":[4,84],"tags":[10219,12708,12707,749],"class_list":["post-61632","post","type-post","status-publish","format-standard","has-post-thumbnail","hentry","category-breaking-news","category-internacionales","tag-semanarioturistamagazine","tag-el-prat","tag-los-sintecho","tag-turistamagazine"],"_links":{"self":[{"href":"https:\/\/www.turistamagazine.com\/v2\/index.php?rest_route=\/wp\/v2\/posts\/61632","targetHints":{"allow":["GET"]}}],"collection":[{"href":"https:\/\/www.turistamagazine.com\/v2\/index.php?rest_route=\/wp\/v2\/posts"}],"about":[{"href":"https:\/\/www.turistamagazine.com\/v2\/index.php?rest_route=\/wp\/v2\/types\/post"}],"author":[{"embeddable":true,"href":"https:\/\/www.turistamagazine.com\/v2\/index.php?rest_route=\/wp\/v2\/users\/1"}],"replies":[{"embeddable":true,"href":"https:\/\/www.turistamagazine.com\/v2\/index.php?rest_route=%2Fwp%2Fv2%2Fcomments&post=61632"}],"version-history":[{"count":1,"href":"https:\/\/www.turistamagazine.com\/v2\/index.php?rest_route=\/wp\/v2\/posts\/61632\/revisions"}],"predecessor-version":[{"id":61634,"href":"https:\/\/www.turistamagazine.com\/v2\/index.php?rest_route=\/wp\/v2\/posts\/61632\/revisions\/61634"}],"wp:featuredmedia":[{"embeddable":true,"href":"https:\/\/www.turistamagazine.com\/v2\/index.php?rest_route=\/wp\/v2\/media\/61633"}],"wp:attachment":[{"href":"https:\/\/www.turistamagazine.com\/v2\/index.php?rest_route=%2Fwp%2Fv2%2Fmedia&parent=61632"}],"wp:term":[{"taxonomy":"category","embeddable":true,"href":"https:\/\/www.turistamagazine.com\/v2\/index.php?rest_route=%2Fwp%2Fv2%2Fcategories&post=61632"},{"taxonomy":"post_tag","embeddable":true,"href":"https:\/\/www.turistamagazine.com\/v2\/index.php?rest_route=%2Fwp%2Fv2%2Ftags&post=61632"}],"curies":[{"name":"wp","href":"https:\/\/api.w.org\/{rel}","templated":true}]}}