{"id":61630,"date":"2023-09-15T18:09:21","date_gmt":"2023-09-15T23:09:21","guid":{"rendered":"https:\/\/www.turistamagazine.com\/v2\/?p=61630"},"modified":"2023-09-15T18:09:21","modified_gmt":"2023-09-15T23:09:21","slug":"turistas-argentinos-adelantan-reservas-para-perder-menos-frente-a-la-inflacion","status":"publish","type":"post","link":"https:\/\/www.turistamagazine.com\/v2\/?p=61630","title":{"rendered":"TURISTAS ARGENTINOS ADELANTAN RESERVAS PARA PERDER MENOS FRENTE A LA INFLACI\u00d3N"},"content":{"rendered":"<p style=\"text-align: justify;\"><span style=\"color: #333399;\"><strong>BUENOS AIRES 15\/09\/2023.- <\/strong><strong>Aunque tras la pandemia hab\u00eda una tendencia a reservar con poca antelaci\u00f3n, hoy esto empieza a revertirse a nivel local en tanto los viajeros argentinos prefieren congelar, saldar y precomprar en un contexto de alta inflaci\u00f3n. La compra para vacaciones se adelanta. Agencias de viajes y hoteles registran una cantidad de reservas m\u00e1s alta que la habitual en esta \u00e9poca de a\u00f1o; las ventas que sol\u00edan tener lugar en junio se cerraron en abril y en lo que va de mayo.<\/strong><\/span><\/p>\n<p style=\"text-align: justify;\"><span style=\"color: #333399;\"><strong>Si bien las operaciones de \u00faltimo momento todav\u00eda ocupan un peso considerable dada la intensa demanda luego de la salida del Covid-19, las transacciones tienden a definirse con m\u00e1s anticipaci\u00f3n, ampli\u00e1ndose as\u00ed la brecha de tiempo entre que se concreta la venta y el inicio del viaje, seg\u00fan identifica El Cronista.<\/strong><\/span><\/p>\n<p style=\"text-align: justify;\"><span style=\"color: #333399;\"><strong>El fen\u00f3meno ya se observ\u00f3 a comienzos de a\u00f1o, cuando, en pleno verano, los turistas empezaron a planificar sus vacaciones para la pr\u00f3xima temporada alta. Si bien la conducta predomina en viajes al exterior, ahora tambi\u00e9n cobra dinamismo en los viajes internos, ya sea por periodos de tiempo m\u00e1s extensos.<\/strong><\/span><\/p>\n<p style=\"text-align: justify;\"><span style=\"color: #333399;\"><strong>Se acelera la tendencia ya que cada vez m\u00e1s consumidores deciden congelar los precios de los servicios que usar\u00e1n en los pr\u00f3ximos meses. Y las reservas van m\u00e1s all\u00e1 de las vacaciones de invierno. Los prestadores ya registran un alto movimiento para agosto, septiembre y octubre.<\/strong><\/span><\/p>\n<p style=\"text-align: justify;\">\n","protected":false},"excerpt":{"rendered":"<p>BUENOS AIRES 15\/09\/2023.- Aunque tras la pandemia hab\u00eda una tendencia a reservar con poca antelaci\u00f3n, hoy esto empieza a revertirse a nivel local en tanto los viajeros argentinos prefieren congelar, saldar y precomprar en un contexto de alta inflaci\u00f3n. La compra para vacaciones se adelanta. Agencias de viajes y hoteles registran una cantidad de reservas m\u00e1s alta que la habitual en esta \u00e9poca de a\u00f1o; las ventas que sol\u00edan tener lugar en junio se cerraron en abril y en lo que va de mayo. Si bien las operaciones de \u00faltimo momento todav\u00eda ocupan un peso considerable dada la intensa demanda&#8230;<\/p>\n","protected":false},"author":1,"featured_media":60266,"comment_status":"open","ping_status":"open","sticky":false,"template":"","format":"standard","meta":{"footnotes":""},"categories":[4,84],"tags":[10219,227,10743,12706],"class_list":["post-61630","post","type-post","status-publish","format-standard","has-post-thumbnail","hentry","category-breaking-news","category-internacionales","tag-semanarioturistamagazine","tag-argentina","tag-covid","tag-previaje"],"_links":{"self":[{"href":"https:\/\/www.turistamagazine.com\/v2\/index.php?rest_route=\/wp\/v2\/posts\/61630","targetHints":{"allow":["GET"]}}],"collection":[{"href":"https:\/\/www.turistamagazine.com\/v2\/index.php?rest_route=\/wp\/v2\/posts"}],"about":[{"href":"https:\/\/www.turistamagazine.com\/v2\/index.php?rest_route=\/wp\/v2\/types\/post"}],"author":[{"embeddable":true,"href":"https:\/\/www.turistamagazine.com\/v2\/index.php?rest_route=\/wp\/v2\/users\/1"}],"replies":[{"embeddable":true,"href":"https:\/\/www.turistamagazine.com\/v2\/index.php?rest_route=%2Fwp%2Fv2%2Fcomments&post=61630"}],"version-history":[{"count":1,"href":"https:\/\/www.turistamagazine.com\/v2\/index.php?rest_route=\/wp\/v2\/posts\/61630\/revisions"}],"predecessor-version":[{"id":61631,"href":"https:\/\/www.turistamagazine.com\/v2\/index.php?rest_route=\/wp\/v2\/posts\/61630\/revisions\/61631"}],"wp:featuredmedia":[{"embeddable":true,"href":"https:\/\/www.turistamagazine.com\/v2\/index.php?rest_route=\/wp\/v2\/media\/60266"}],"wp:attachment":[{"href":"https:\/\/www.turistamagazine.com\/v2\/index.php?rest_route=%2Fwp%2Fv2%2Fmedia&parent=61630"}],"wp:term":[{"taxonomy":"category","embeddable":true,"href":"https:\/\/www.turistamagazine.com\/v2\/index.php?rest_route=%2Fwp%2Fv2%2Fcategories&post=61630"},{"taxonomy":"post_tag","embeddable":true,"href":"https:\/\/www.turistamagazine.com\/v2\/index.php?rest_route=%2Fwp%2Fv2%2Ftags&post=61630"}],"curies":[{"name":"wp","href":"https:\/\/api.w.org\/{rel}","templated":true}]}}