{"id":61565,"date":"2023-09-07T13:10:25","date_gmt":"2023-09-07T18:10:25","guid":{"rendered":"https:\/\/www.turistamagazine.com\/v2\/?p=61565"},"modified":"2023-09-07T13:10:25","modified_gmt":"2023-09-07T18:10:25","slug":"machu-picchu-proxima-semana-se-evaluara-posible-incremento-de-aforo-en-la-ciudadela-inca","status":"publish","type":"post","link":"https:\/\/www.turistamagazine.com\/v2\/?p=61565","title":{"rendered":"MACHU PICCHU: PR\u00d3XIMA SEMANA SE EVALUAR\u00c1 POSIBLE INCREMENTO DE AFORO EN LA CIUDADELA INCA"},"content":{"rendered":"<p style=\"text-align: center;\"><span style=\"color: #800080;\"><em><strong>Directora de Cultura de Cusco afirma que se analizar\u00e1n circuitos y estado de conservaci\u00f3n del monumento<\/strong><\/em><\/span><\/p>\n<p style=\"text-align: justify;\"><span style=\"color: #333399;\"><em><strong>CUSCO\/PERU\/07\/08\/2023.-La pr\u00f3xima semana se tendr\u00e1 un avance en el proceso de incremento del aforo de visitas a la ciudadela inca de Machu Picchu, conforme al informe de evaluaci\u00f3n que elaboran, especialistas de la subcomisi\u00f3n t\u00e9cnica de la Unidad de Gesti\u00f3n de Machu Picchu (UGM).<\/strong><\/em><\/span><\/p>\n<p style=\"text-align: justify;\"><span style=\"color: #800080;\"><em><strong>Maritza Rosa Candia, titular de la Direcci\u00f3n Desconcentrada de Cultura de Cusco, inform\u00f3 a la Agencia Andina que el documento de la subcomisi\u00f3n, tras los trabajos en campo de los expertos en turismo y patrimonio, permitir\u00e1 en los siguientes d\u00edas un an\u00e1lisis en conjunto con los integrantes de la UGM.<\/strong><\/em><\/span><\/p>\n<p style=\"text-align: justify;\"><span style=\"color: #333399;\"><em><strong>\u201cHay que hacer toda una evaluaci\u00f3n, no solo los circuitos, sino tambi\u00e9n el estado de conservaci\u00f3n del monumento. En base a los circuitos reajustar por d\u00f3nde podemos ampliar el aforo; porque si no contamos con un estudio minucioso del estado de conservaci\u00f3n, de los circuitos, no podemos atrevernos a incrementar mayor cantidad de aforo\u201d, resalt\u00f3.<\/strong><\/em><\/span><\/p>\n<p style=\"text-align: justify;\"><span style=\"color: #800080;\"><em><strong>Desde su instancia, la directora tiene clara la obligaci\u00f3n de proteger y conservaci\u00f3n el patrimonio, como tambi\u00e9n la posibilidad de abrirle espacio a m\u00e1s turistas \u201cs\u00ed queremos que haya incremento de aforo, pero previo a una evaluaci\u00f3n, un estudio consensuado, con todos los especialistas\u201d, agreg\u00f3.<\/strong><\/em><\/span><\/p>\n<p style=\"text-align: justify;\"><span style=\"color: #333399;\"><em><strong>De acuerdo a la Resoluci\u00f3n Ministerial N\u00b0 000255-2023-MC que prevalecer\u00e1 hasta el 31 de diciembre de este a\u00f1o, el aforo en la llaqta es de 4,044 visitantes por d\u00eda, sin embargo, en la actualidad, pese a la sensaci\u00f3n de temporada alta del turismo en Machu Picchu, no se cubre esa cifra.<\/strong><\/em><\/span><\/p>\n<p style=\"text-align: justify;\"><span style=\"color: #800080;\"><em><strong>Para hacerle frente a un posible incremento de turistas nacionales y extranjeros en los pr\u00f3ximos a\u00f1os, se esperan soluciones desde los sectores privado y p\u00fablico, como la del municipio de Machu Picchu Pueblo, cuyo alcalde Elvis La Torre U\u00f1apilco, que se mostr\u00f3 a favor del estudio \u201cDouglas Comer\u201d que en el 2015 propuso 5,940.<\/strong><\/em><\/span><\/p>\n<p style=\"text-align: justify;\"><span style=\"color: #333399;\"><em><strong>La funcionaria indic\u00f3 al respecto que no est\u00e1n en contra del incremento en el aforo, sin embargo, enfatiz\u00f3 que el Santuario de Machu Picchu est\u00e1 declarado como patrimonio cultural de la humanidad, \u201cpor ende pertenece a la humanidad, no solo a nosotros (Ministerio de Cultura), tiene un valor excepcional mixto, natural y patrimonio arqueol\u00f3gico hist\u00f3rico y eso tenemos que conservar\u201d, subray\u00f3.<\/strong><\/em><\/span><\/p>\n<p style=\"text-align: justify;\"><span style=\"color: #333399;\"><em><strong>En tanto, record\u00f3 que la Organizaci\u00f3n de las Naciones Unidas para la Educaci\u00f3n, la Ciencia y la Cultura (Unesco), hace monitoreo constante para ver el cumplimiento con el legado \u201chay par\u00e1metros que cumplir, no podemos poner en riesgo, lo que tenemos que hacer es conservar el patrimonio\u201d, subray\u00f3.(\u2026)<\/strong><\/em><\/span><\/p>\n<p style=\"text-align: justify;\"><span style=\"color: #333399;\"><em><strong>M\u00e1s en Andina:<\/strong><\/em><\/span><\/p>\n","protected":false},"excerpt":{"rendered":"<p>Directora de Cultura de Cusco afirma que se analizar\u00e1n circuitos y estado de conservaci\u00f3n del monumento CUSCO\/PERU\/07\/08\/2023.-La pr\u00f3xima semana se tendr\u00e1 un avance en el proceso de incremento del aforo de visitas a la ciudadela inca de Machu Picchu, conforme al informe de evaluaci\u00f3n que elaboran, especialistas de la subcomisi\u00f3n t\u00e9cnica de la Unidad de Gesti\u00f3n de Machu Picchu (UGM). Maritza Rosa Candia, titular de la Direcci\u00f3n Desconcentrada de Cultura de Cusco, inform\u00f3 a la Agencia Andina que el documento de la subcomisi\u00f3n, tras los trabajos en campo de los expertos en turismo y patrimonio, permitir\u00e1 en los siguientes d\u00edas&#8230;<\/p>\n","protected":false},"author":1,"featured_media":60961,"comment_status":"open","ping_status":"open","sticky":false,"template":"","format":"standard","meta":{"footnotes":""},"categories":[4,82],"tags":[10236,10219,134,340],"class_list":["post-61565","post","type-post","status-publish","format-standard","has-post-thumbnail","hentry","category-breaking-news","category-nacionales","tag-machupicchu","tag-semanarioturistamagazine","tag-cusco","tag-peru"],"_links":{"self":[{"href":"https:\/\/www.turistamagazine.com\/v2\/index.php?rest_route=\/wp\/v2\/posts\/61565","targetHints":{"allow":["GET"]}}],"collection":[{"href":"https:\/\/www.turistamagazine.com\/v2\/index.php?rest_route=\/wp\/v2\/posts"}],"about":[{"href":"https:\/\/www.turistamagazine.com\/v2\/index.php?rest_route=\/wp\/v2\/types\/post"}],"author":[{"embeddable":true,"href":"https:\/\/www.turistamagazine.com\/v2\/index.php?rest_route=\/wp\/v2\/users\/1"}],"replies":[{"embeddable":true,"href":"https:\/\/www.turistamagazine.com\/v2\/index.php?rest_route=%2Fwp%2Fv2%2Fcomments&post=61565"}],"version-history":[{"count":1,"href":"https:\/\/www.turistamagazine.com\/v2\/index.php?rest_route=\/wp\/v2\/posts\/61565\/revisions"}],"predecessor-version":[{"id":61566,"href":"https:\/\/www.turistamagazine.com\/v2\/index.php?rest_route=\/wp\/v2\/posts\/61565\/revisions\/61566"}],"wp:featuredmedia":[{"embeddable":true,"href":"https:\/\/www.turistamagazine.com\/v2\/index.php?rest_route=\/wp\/v2\/media\/60961"}],"wp:attachment":[{"href":"https:\/\/www.turistamagazine.com\/v2\/index.php?rest_route=%2Fwp%2Fv2%2Fmedia&parent=61565"}],"wp:term":[{"taxonomy":"category","embeddable":true,"href":"https:\/\/www.turistamagazine.com\/v2\/index.php?rest_route=%2Fwp%2Fv2%2Fcategories&post=61565"},{"taxonomy":"post_tag","embeddable":true,"href":"https:\/\/www.turistamagazine.com\/v2\/index.php?rest_route=%2Fwp%2Fv2%2Ftags&post=61565"}],"curies":[{"name":"wp","href":"https:\/\/api.w.org\/{rel}","templated":true}]}}