{"id":61550,"date":"2023-09-06T20:45:53","date_gmt":"2023-09-07T01:45:53","guid":{"rendered":"https:\/\/www.turistamagazine.com\/v2\/?p=61550"},"modified":"2023-09-10T18:53:44","modified_gmt":"2023-09-10T23:53:44","slug":"el-mundo-que-nos-rodea","status":"publish","type":"post","link":"https:\/\/www.turistamagazine.com\/v2\/?p=61550","title":{"rendered":"EL MUNDO QUE NOS RODEA"},"content":{"rendered":"<p style=\"text-align: center;\"><strong><em><span style=\"color: #333399;\">Una bella imagen del Nevado de Huaytapallana, uno de los recursos tur\u00edsticos peruanos que fueron estudiados y analizados, en la maestr\u00eda realizada bajo el manto de la Universidad para La Paz, de las Naciones Unidas, en el a\u00f1o 2002, en las Islas Canarias.<\/span><\/em><\/strong><\/p>\n<p style=\"text-align: left;\"><span style=\"color: #800080;\"><em><strong>\u201cExperiencia y conocimiento son elementos b\u00e1sicos educativos para sustentar programas id\u00f3neos relativos a la gesti\u00f3n del turismo, movimiento de personas hoy n\u00famero uno del consumo que debe ser el factor determinante de un bienestar social id\u00f3neo como base en la calidad de vida de los pueblos del mundo\u201d <\/strong>(CIESTCA. 2000)<\/em><\/span><\/p>\n<p><strong>Por Antonio-Pedro Tejera Reyes*<\/strong><\/p>\n<p style=\"text-align: center;\"><span style=\"color: #333399;\"><strong>DE LA ILUSION A LA REALIDAD<\/strong><\/span><\/p>\n<p style=\"text-align: center;\"><span style=\"color: #800080;\"><strong>PREAMBULO<\/strong><\/span><\/p>\n<p style=\"text-align: justify;\"><span style=\"color: #000080;\"><strong><em>\u201cDormir como una marmota\u201d. No es precisamente nuestro caso. El excitante momento en que se encuentran nuestros trabajos \u2013 aunque alguno sean puras ilusiones desbocadas \u2013 parece nos hacen un efecto creativo que lo sustentan los contantes contactos de los lectores de nuestra actividad que hoy nos escriben desde Ghana, ayer desde Moscu, la pasada semana desde Canad\u00e1, Dubai, Argentina, M\u00e9xico \u2013 una constante \u2013 y volvi\u00e9ndonos a ahora mismo, desde el Reino Unido, Elizabeth Winston, Corporate Finance Specialist &amp; Investment Professional\u00a0nos pregunta que necesitamos. Esto es en lo que so\u00f1amos, unido a esos miles de buenos recuerdos que tapan las miserias de un juez \u201cilustrado\u201d o de un impresentable alcalde que es capaz de nombrar a sus adversarios d\u00e1ndoles \u201cuna patada en el culo\u201d, por no acordarnos de los infieles ladrones que nos han robado hasta las cajas de seguridad de los bancos. As\u00ed como est\u00e1 escrito.<\/em><\/strong><\/span><\/p>\n<div id=\"attachment_61551\" style=\"width: 640px\" class=\"wp-caption aligncenter\"><a href=\"https:\/\/www.turistamagazine.com\/v2\/wp-content\/uploads\/2023\/09\/tha-grand-daddy.jpg\"><img decoding=\"async\" aria-describedby=\"caption-attachment-61551\" class=\"wp-image-61551\" src=\"https:\/\/www.turistamagazine.com\/v2\/wp-content\/uploads\/2023\/09\/tha-grand-daddy.jpg\" alt=\"\" width=\"630\" height=\"418\" srcset=\"https:\/\/www.turistamagazine.com\/v2\/wp-content\/uploads\/2023\/09\/tha-grand-daddy.jpg 640w, https:\/\/www.turistamagazine.com\/v2\/wp-content\/uploads\/2023\/09\/tha-grand-daddy-300x199.jpg 300w, https:\/\/www.turistamagazine.com\/v2\/wp-content\/uploads\/2023\/09\/tha-grand-daddy-632x420.jpg 632w, https:\/\/www.turistamagazine.com\/v2\/wp-content\/uploads\/2023\/09\/tha-grand-daddy-610x405.jpg 610w\" sizes=\"(max-width: 630px) 100vw, 630px\" \/><\/a><p id=\"caption-attachment-61551\" class=\"wp-caption-text\"><span style=\"color: #333399;\"><em><strong>The Grand Daddy, Situado en el centro neur\u00e1lgico de Ciudad del Cabo, este hotel no s\u00f3lo ofrece habitaciones al uso sino que en su azotea encontramos\u2026\u00a1caravanas! Si ya resulta algo extravagante encontrar este tipo de alojamiento en el \u00e1tico de una gran ciudad, normalmente ligado al turismo n\u00f3mada y campestre, lo que es a\u00fan m\u00e1s extra\u00f1o es hallarlos tan llenos de lujo y creatividad<\/strong><\/em><\/span><\/p><\/div>\n<p style=\"text-align: justify;\"><span style=\"color: #800080;\"><strong><em>No, todo eso es desperdicio &#8211; que dir\u00eda en inmortal Edward Deming \u2013 aqu\u00ed hay mucho por hacer, y no nos referimos a donde vivimos Per\u00fa, donde lo est\u00e1 todo &#8211; <\/em><\/strong><strong><em>en este caso, lo primero ser\u00eda cambiar la estructura mental de sus gentes &#8211; Nos referimos al mundo entero donde se ha perdido la dignidad y la verg\u00fcenza c\u00f3mo nos hemos referido en uno de nuestros pasados art\u00edculos que ha tenido un amplio comentario internacional.<\/em><\/strong><\/span><\/p>\n<div id=\"attachment_61552\" style=\"width: 640px\" class=\"wp-caption aligncenter\"><a href=\"https:\/\/www.turistamagazine.com\/v2\/wp-content\/uploads\/2023\/09\/Hotel-Africano.jpg\"><img decoding=\"async\" aria-describedby=\"caption-attachment-61552\" class=\"wp-image-61552\" src=\"https:\/\/www.turistamagazine.com\/v2\/wp-content\/uploads\/2023\/09\/Hotel-Africano.jpg\" alt=\"\" width=\"630\" height=\"388\" srcset=\"https:\/\/www.turistamagazine.com\/v2\/wp-content\/uploads\/2023\/09\/Hotel-Africano.jpg 640w, https:\/\/www.turistamagazine.com\/v2\/wp-content\/uploads\/2023\/09\/Hotel-Africano-300x185.jpg 300w, https:\/\/www.turistamagazine.com\/v2\/wp-content\/uploads\/2023\/09\/Hotel-Africano-610x376.jpg 610w\" sizes=\"(max-width: 630px) 100vw, 630px\" \/><\/a><p id=\"caption-attachment-61552\" class=\"wp-caption-text\"><span style=\"color: #333399;\"><em><strong>Pasar las vacaciones en un hotel africano entre los \u00e1rboles, es una experiencia de lujo acorde con las \u201cmedidas preventivas\u201d que gobernantes intr\u00e9pidos han impuesto es sus pa\u00edses<\/strong><\/em><\/span><\/p><\/div>\n<p style=\"text-align: justify;\"><span style=\"color: #800080;\"><strong><em>Un desperdicio que no aguanta una comparaci\u00f3n con los felices momentos en que he disfrutado impartiendo conocimientos tur\u00edsticos \u2013 del desarrollo del mundo \u2013 a decenas de graduados iberoamericanos \u2013 algunas veces de m\u00e1s de 10 pa\u00edses juntos &#8211;\u00a0 en unas impresionantes instalaciones del Hotel Gran Oasis Resort, en Tenerife, Islas Canarias, gracias a la visi\u00f3n profesional progresista del ilustre famoso empresario Jos\u00e9 Fernando Cabrera, de inolvidable recuerdo por su generosidad y conocimiento encuadrado de lleno en lo que debe ser la econom\u00eda colaborativa un hecho que tiene incorporado en toda su gran empresa Group Golf Resort. Un ejemplo mundial que es de justicia reconocerlo aqu\u00ed.<\/em><\/strong><\/span><\/p>\n<p style=\"text-align: justify;\"><span style=\"color: #800080;\"><strong><em>\u00bfQu\u00e9 m\u00e1s podemos a\u00f1adir a los miles de buenos recuerdos que nuestra actividad alrededor de las ense\u00f1anzas de turismo, nos ha proporcionado? Desde las reuniones en el Consejo de Educaci\u00f3n de la Organizaci\u00f3n Mundial del Turismo, hasta las playas de Punta del Este, en este mi Uruguay, todo ha sido un c\u00famulo de hermosos recuerdos unidos a imperecederas amistades, como las ahora disfrutamos nombrado a uno solo de ellos por su longevidad y por su continua labor literaria, el insigne sabio Alejandro Jos\u00e9 Gallard Prio, quien disfruta de una bien ganada jubilaci\u00f3n, all\u00e1 en ese otro querido pa\u00eds que es Colombia, en esa recordada estampa del Valle del Cauca, donde tambi\u00e9n alg\u00fan lejano d\u00eda impartir\u00edamos, con\u00a0 un se\u00f1alado \u00e9xito, nuestras ense\u00f1anzas tur\u00edsticas\u2026 Inolvidable.<\/em><\/strong><\/span><\/p>\n<div id=\"attachment_61554\" style=\"width: 640px\" class=\"wp-caption aligncenter\"><a href=\"https:\/\/www.turistamagazine.com\/v2\/wp-content\/uploads\/2023\/09\/el-teide.png\"><img decoding=\"async\" aria-describedby=\"caption-attachment-61554\" class=\"wp-image-61554\" src=\"https:\/\/www.turistamagazine.com\/v2\/wp-content\/uploads\/2023\/09\/el-teide.png\" alt=\"\" width=\"630\" height=\"417\" srcset=\"https:\/\/www.turistamagazine.com\/v2\/wp-content\/uploads\/2023\/09\/el-teide.png 613w, https:\/\/www.turistamagazine.com\/v2\/wp-content\/uploads\/2023\/09\/el-teide-300x199.png 300w, https:\/\/www.turistamagazine.com\/v2\/wp-content\/uploads\/2023\/09\/el-teide-610x404.png 610w\" sizes=\"(max-width: 630px) 100vw, 630px\" \/><\/a><p id=\"caption-attachment-61554\" class=\"wp-caption-text\"><span style=\"color: #333399;\"><strong><em>Puerto de la Cruz, Tenerife, con el Volc\u00e1n Teide al fondo, lugar donde la naci\u00f3 el turismo de \u00e9lite en las Islas Canarias, un modelo de desarrollo tur\u00edstico, que debe de estudiarse para entender el desarrollo del turismo y sus consecuencias. Sobre unas costas \u00e1ridas de lavas volc\u00e1nicas, se construy\u00f3 un extraordinario complejo-balneario \u2013 en primer t\u00e9rmino &#8211; gracias a la visi\u00f3n futurista del artista canario Cesar Manrique (q.e.p.d.) y el cient\u00edfico conocimiento t\u00e9cnico de los ingenieros, Juan Alfredo Amig\u00f3, y Jos\u00e9 Luis Olcina. Al fondo de la fotograf\u00eda, en el edifico que se destaca, hemos propuesto se coloque un restaurante giratorio al estilo del que existe en San Antonio de Texas. Un punto Un punto referencial de imponente atracci\u00f3n tur\u00edstica para la ciudad, hoy famosa en el mundo entero gracias al LORO PARQUE. <\/em><\/strong><\/span><\/p><\/div>\n<p style=\"text-align: center;\"><span style=\"color: #800080;\"><strong><em>EL TREPIDANTE AVANCE DELTURISMO MUNDIAL<\/em><\/strong><\/span><\/p>\n<p style=\"text-align: justify;\"><span style=\"color: #000080;\"><strong><em>Quiz\u00e1 si no tuvi\u00e9semos un origen tan marcado dentro del desarrollo del llamado turismo, nos ser\u00eda m\u00e1s f\u00e1cil adaptarnos a la indolencia que soportamos en nuestro entorno actual, pero el trepidante avance del movimiento de personas en el mundo nos provoca a diario situaciones an\u00edmicas, que est\u00e1n acordes con lo que ocurre a nuestro alrededor.<\/em><\/strong><\/span><\/p>\n<div id=\"attachment_51078\" style=\"width: 609px\" class=\"wp-caption aligncenter\"><a href=\"https:\/\/www.turistamagazine.com\/v2\/wp-content\/uploads\/2021\/05\/Freedom.jpg\"><img decoding=\"async\" aria-describedby=\"caption-attachment-51078\" class=\"wp-image-51078 size-full\" src=\"https:\/\/www.turistamagazine.com\/v2\/wp-content\/uploads\/2021\/05\/Freedom.jpg\" alt=\"\" width=\"599\" height=\"458\" srcset=\"https:\/\/www.turistamagazine.com\/v2\/wp-content\/uploads\/2021\/05\/Freedom.jpg 599w, https:\/\/www.turistamagazine.com\/v2\/wp-content\/uploads\/2021\/05\/Freedom-300x229.jpg 300w, https:\/\/www.turistamagazine.com\/v2\/wp-content\/uploads\/2021\/05\/Freedom-549x420.jpg 549w, https:\/\/www.turistamagazine.com\/v2\/wp-content\/uploads\/2021\/05\/Freedom-90x70.jpg 90w\" sizes=\"(max-width: 599px) 100vw, 599px\" \/><\/a><p id=\"caption-attachment-51078\" class=\"wp-caption-text\"><span style=\"color: #333399;\"><em><strong>La impresionante vista de la maqueta del gigantesco proyecto FREEDOM SHIPS, cuya ejecuci\u00f3n est\u00e1 valorada en 10.000 millones de d\u00f3lares. Albergar\u00e1 permanentemente 50.000 personas, 20.000 tripulantes, y 30.000 visitantes. M\u00e1s que el crucero m\u00e1s grande del mundo ser\u00e1 su primera mega ciudad flotante, con capacidad para 100.000 personas, y dar\u00e1 la vuelta al mundo dos veces al a\u00f1o, recorriendo numerosos puertos, con una imponente impacto mundial socio-econ\u00f3mico<\/strong><\/em><\/span><\/p><\/div>\n<div id=\"attachment_60524\" style=\"width: 640px\" class=\"wp-caption aligncenter\"><a href=\"https:\/\/www.turistamagazine.com\/v2\/wp-content\/uploads\/2023\/04\/Avion-Sky-Cruise.png\"><img decoding=\"async\" aria-describedby=\"caption-attachment-60524\" class=\"wp-image-60524\" src=\"https:\/\/www.turistamagazine.com\/v2\/wp-content\/uploads\/2023\/04\/Avion-Sky-Cruise.png\" alt=\"\" width=\"630\" height=\"354\" srcset=\"https:\/\/www.turistamagazine.com\/v2\/wp-content\/uploads\/2023\/04\/Avion-Sky-Cruise.png 640w, https:\/\/www.turistamagazine.com\/v2\/wp-content\/uploads\/2023\/04\/Avion-Sky-Cruise-300x169.png 300w, https:\/\/www.turistamagazine.com\/v2\/wp-content\/uploads\/2023\/04\/Avion-Sky-Cruise-480x270.png 480w, https:\/\/www.turistamagazine.com\/v2\/wp-content\/uploads\/2023\/04\/Avion-Sky-Cruise-610x343.png 610w\" sizes=\"(max-width: 630px) 100vw, 630px\" \/><\/a><p id=\"caption-attachment-60524\" class=\"wp-caption-text\"><span style=\"color: #333399;\"><em><strong>Impactante la imagen del Hotel Avi\u00f3n Sky Cruise, con capacidad para 5.000 personas y toda una teor\u00eda de atracciones para el ocio bien entendido, navegando por los cielos de mundo\u2026 \u00bfSer\u00e1 una realidad alg\u00fan d\u00eda? El poderoso avance de la tecnolog\u00eda nos hace creer en todo.<\/strong><\/em><\/span><\/p><\/div>\n<p style=\"text-align: justify;\"><span style=\"color: #800080;\"><strong><em>El descalabro del espect\u00e1culo de personajes ocupando cargos de importancia \u2013 a veces hasta vitales \u2013\u00a0 a los cuales el tiempo no les importa absolutamente nada, y son capaces de dejar \u201cpara ma\u00f1ana\u201d las m\u00e1s urgentes de sus decisiones, nos provoca un estado de \u00e1nimo confuso que nos deja ante las perspectivas del famoso proyecto\u00a0FREEDOM SHIP, o el monstruoso avi\u00f3n\u00a0SKY CRUISE, un hotel en el aire para\u00a0 5.000 personas\u2026 pasando claro est\u00e1 por el Hotel Helic\u00f3ptero, el del fondo del mar, o los que tenemos colgados en los \u00e1rboles en el continente africano\u2026 <span style=\"color: #333399;\">el\u00a0Edificio FOCSA , en La Habana\u2026\u00a0y tantas otras obras que nos viene a la memoria convenciendo al alcalde de Subtanjalla \u2013 peque\u00f1a localidad peruana en la Regi\u00f3n de Ica &#8211;\u00a0 sobre las posibilidades tur\u00edsticas de su distrito con la posible participaci\u00f3n en ese pastel\u00a0 aportando una feria dominical tipo a la de la Plaza de Rep\u00fablica en Sao Paulo, Brasil &#8211; claro est\u00e1 salvando las naturales distancias &#8211; el rastro de Madrid, o el de Santa Cruz de Tenerife, Situaci\u00f3n que esperamos con ilusi\u00f3n se pueda concretar para colocar a Subtanjalla como modelo efectivo de un desarrollo mod\u00e9lico dentro del pa\u00eds.<\/span><\/em><\/strong><\/span><\/p>\n<div id=\"attachment_61555\" style=\"width: 490px\" class=\"wp-caption aligncenter\"><a href=\"https:\/\/www.turistamagazine.com\/v2\/wp-content\/uploads\/2023\/09\/Edificio.jpg\"><img decoding=\"async\" aria-describedby=\"caption-attachment-61555\" class=\"wp-image-61555 size-full\" src=\"https:\/\/www.turistamagazine.com\/v2\/wp-content\/uploads\/2023\/09\/Edificio.jpg\" alt=\"\" width=\"480\" height=\"532\" srcset=\"https:\/\/www.turistamagazine.com\/v2\/wp-content\/uploads\/2023\/09\/Edificio.jpg 480w, https:\/\/www.turistamagazine.com\/v2\/wp-content\/uploads\/2023\/09\/Edificio-271x300.jpg 271w, https:\/\/www.turistamagazine.com\/v2\/wp-content\/uploads\/2023\/09\/Edificio-379x420.jpg 379w\" sizes=\"(max-width: 480px) 100vw, 480px\" \/><\/a><p id=\"caption-attachment-61555\" class=\"wp-caption-text\"><span style=\"color: #333399;\"><em><strong>El Edificio Focsa es un edificio enclavado en el barrio El Vedado de La Habana, capital de Cuba. Es considerado una de las siete maravillas de la ingenier\u00eda civil cubana. Con una altura de 130 mts. Tiene 37 pisos, entre ellos varias residencias en r\u00e9gimen hoteleros, que gozan de gran prestigio internacional. <\/strong><\/em><\/span><\/p><\/div>\n<div id=\"attachment_61560\" style=\"width: 640px\" class=\"wp-caption aligncenter\"><a href=\"https:\/\/www.turistamagazine.com\/v2\/wp-content\/uploads\/2023\/09\/oriente-expres-2.jpg\"><img decoding=\"async\" aria-describedby=\"caption-attachment-61560\" class=\"wp-image-61560\" src=\"https:\/\/www.turistamagazine.com\/v2\/wp-content\/uploads\/2023\/09\/oriente-expres-2.jpg\" alt=\"\" width=\"630\" height=\"400\" srcset=\"https:\/\/www.turistamagazine.com\/v2\/wp-content\/uploads\/2023\/09\/oriente-expres-2.jpg 640w, https:\/\/www.turistamagazine.com\/v2\/wp-content\/uploads\/2023\/09\/oriente-expres-2-300x190.jpg 300w, https:\/\/www.turistamagazine.com\/v2\/wp-content\/uploads\/2023\/09\/oriente-expres-2-610x387.jpg 610w, https:\/\/www.turistamagazine.com\/v2\/wp-content\/uploads\/2023\/09\/oriente-expres-2-158x100.jpg 158w\" sizes=\"(max-width: 630px) 100vw, 630px\" \/><\/a><p id=\"caption-attachment-61560\" class=\"wp-caption-text\"><em><strong><span style=\"color: #333399;\">Los transportes terrestres han sufrido una transformaci\u00f3n constante, como es el caso del tren ORIENTE EXPRES, con acomodos como el presente que en nada se parecen a los elementos que aparec\u00edan en las novelas de Aghata Christie. Incre\u00edble, sino fuese cierto<\/span><\/strong><\/em><\/p><\/div>\n<div id=\"attachment_56896\" style=\"width: 640px\" class=\"wp-caption aligncenter\"><a href=\"https:\/\/www.turistamagazine.com\/v2\/wp-content\/uploads\/2022\/06\/Antonio-Pastor-2.jpg\"><img decoding=\"async\" aria-describedby=\"caption-attachment-56896\" class=\"wp-image-56896\" src=\"https:\/\/www.turistamagazine.com\/v2\/wp-content\/uploads\/2022\/06\/Antonio-Pastor-2.jpg\" alt=\"\" width=\"630\" height=\"421\" srcset=\"https:\/\/www.turistamagazine.com\/v2\/wp-content\/uploads\/2022\/06\/Antonio-Pastor-2.jpg 640w, https:\/\/www.turistamagazine.com\/v2\/wp-content\/uploads\/2022\/06\/Antonio-Pastor-2-300x201.jpg 300w, https:\/\/www.turistamagazine.com\/v2\/wp-content\/uploads\/2022\/06\/Antonio-Pastor-2-628x420.jpg 628w, https:\/\/www.turistamagazine.com\/v2\/wp-content\/uploads\/2022\/06\/Antonio-Pastor-2-610x408.jpg 610w\" sizes=\"(max-width: 630px) 100vw, 630px\" \/><\/a><p id=\"caption-attachment-56896\" class=\"wp-caption-text\"><em><strong><span style=\"color: #333399;\">Continua y experimentada dirigencia, es una de las bases fundamentales para que una nueva generaci\u00f3n llene el espectro de sus ilusiones, para lo cual es necesario un profesorado de muy alto nivel. Antonio Pastor Abreu, formado en nuestra Escuela de Turismo de Tenerife, de amplio recorrido en empresas de hoteler\u00eda de alta categor\u00eda, es un experto profesor en nuestros cursos superiores internacionales. F\/ CIESTCA.<\/span><\/strong><\/em><\/p><\/div>\n<p style=\"text-align: justify;\"><span style=\"color: #000080;\"><strong><em><span style=\"color: #800080;\">Las im\u00e1genes del ORIENTE EXPRES, o del MARCOPOLO PARADISO,<\/span> nos ponen nuevamente en tierra para traernos hacia el imponente legado hist\u00f3rico y de la naturaleza, que posee el mundo sobre lo que llevamos a\u00f1os trabajando con el fin de que su poblaci\u00f3n se beneficie de ello dentro de las medidas sanamente aconsejables de la gesti\u00f3n de un desarrollo sostenible, seg\u00fan estudiar\u00edamos como modelos propicios en la maestr\u00eda que impartimos en las Islas Canarias. Estudios guiados y dirigidos, que aportaban conocimientos y experiencias mod\u00e9licas de profesores profesionales en el sector del desarrollo tur\u00edstico, con un programa elaborado por nuestro instituto y la Universidad para la Paz, UPAZ, organismo de las Naciones Unidas, ONU.<\/em><\/strong><\/span><\/p>\n<div id=\"attachment_56982\" style=\"width: 640px\" class=\"wp-caption aligncenter\"><a href=\"https:\/\/www.turistamagazine.com\/v2\/wp-content\/uploads\/2022\/06\/Upaz.jpg\"><img decoding=\"async\" aria-describedby=\"caption-attachment-56982\" class=\"wp-image-56982\" src=\"https:\/\/www.turistamagazine.com\/v2\/wp-content\/uploads\/2022\/06\/Upaz.jpg\" alt=\"\" width=\"630\" height=\"362\" srcset=\"https:\/\/www.turistamagazine.com\/v2\/wp-content\/uploads\/2022\/06\/Upaz.jpg 640w, https:\/\/www.turistamagazine.com\/v2\/wp-content\/uploads\/2022\/06\/Upaz-300x173.jpg 300w, https:\/\/www.turistamagazine.com\/v2\/wp-content\/uploads\/2022\/06\/Upaz-610x351.jpg 610w\" sizes=\"(max-width: 630px) 100vw, 630px\" \/><\/a><p id=\"caption-attachment-56982\" class=\"wp-caption-text\"><span style=\"color: #333399;\"><em><strong>\u201cSi vis pacem para pacem\u201d. Trabajando por La Paz junto al rector de la UPAZ, Francisco Barahona (centro) y al Director de Recursos Naturales, Felipe Matos, en la sede de esa universidad de las Naciones Unidas, en Ciudad Colon, Costa Rica, en la firma del convenio que sellar\u00edamos para impartir la maestr\u00eda \u201cCalidad Tur\u00edstica-Ambiental Sostenible y Promoci\u00f3n de la Paz\u201d, que se imparti\u00f3 en las Islas Canarias, con singular \u00e9xito y la asistencia de varios participantes de Am\u00e9rica, incorporando a estos estudios aspectos importantes para el desarrollo tur\u00edstico de sus respectivos pa\u00edses. Per\u00fa, Venezuela, Brasil, Chile, Argentina, Nicaragua, etc. <\/strong><\/em><\/span><\/p><\/div>\n<p style=\"text-align: justify;\"><span style=\"color: #000080;\"><strong><em>Hechos y situaciones que nos vienen a la mente, que constituyeron largas horas de trabajo, contraste anecd\u00f3tico que nos transporta a los m\u00e1s inusitados lugares para conformar ese mar de experiencias que aportamos constantemente en nuestras publicaciones, y que son b\u00e1sicas a la hora de programar los m\u00e1s s\u00f3lidos encuentros estudiando la evoluci\u00f3n del movimiento tur\u00edstico mundial.<\/em><\/strong><\/span><\/p>\n<p style=\"text-align: center;\"><span style=\"color: #800080;\"><strong><em>EL TURISMO QUE VIENE<\/em><\/strong><\/span><\/p>\n<div id=\"attachment_43419\" style=\"width: 626px\" class=\"wp-caption aligncenter\"><a href=\"https:\/\/www.turistamagazine.com\/v2\/wp-content\/uploads\/2020\/01\/Hotel-Muraka-1.jpg\"><img decoding=\"async\" aria-describedby=\"caption-attachment-43419\" class=\"wp-image-43419 size-full\" src=\"https:\/\/www.turistamagazine.com\/v2\/wp-content\/uploads\/2020\/01\/Hotel-Muraka-1.jpg\" alt=\"\" width=\"616\" height=\"347\" srcset=\"https:\/\/www.turistamagazine.com\/v2\/wp-content\/uploads\/2020\/01\/Hotel-Muraka-1.jpg 616w, https:\/\/www.turistamagazine.com\/v2\/wp-content\/uploads\/2020\/01\/Hotel-Muraka-1-300x169.jpg 300w, https:\/\/www.turistamagazine.com\/v2\/wp-content\/uploads\/2020\/01\/Hotel-Muraka-1-480x270.jpg 480w, https:\/\/www.turistamagazine.com\/v2\/wp-content\/uploads\/2020\/01\/Hotel-Muraka-1-610x344.jpg 610w\" sizes=\"(max-width: 616px) 100vw, 616px\" \/><\/a><p id=\"caption-attachment-43419\" class=\"wp-caption-text\"><span style=\"color: #333399;\"><em><strong>Impresionante vista de un dormitorio del Hotel Muraka islas Maldivas, en el fondo del mar rodeado por todos lados de innumerables peces, y todo ese contenido maravilloso de los fondos marinos del Oc\u00e9ano \u00cdndico, deleite de un turismo millonario que paga 50.000 d\u00f3lares por dormir una noche rodeado de todo este incre\u00edble escenario. El Turismo puede con todo.<\/strong><\/em><\/span><\/p><\/div>\n<p style=\"text-align: justify;\"><span style=\"color: #800080;\"><strong><em>Imposible no emocionarnos con el \u00edmpetu asombroso que han tomado las cifras relacionadas con el movimiento de personas en el mundo.<\/em><\/strong><\/span><\/p>\n<p style=\"text-align: justify;\"><span style=\"color: #000080;\"><strong><em>Los pedidos de aviones son sorprendentes y no debe ser un secreto que las compa\u00f1\u00edas a\u00e9reas act\u00faan sobre bases concretas actualizadas por sus m\u00e1s expertos analistas. M\u00e1s de 1000 aviones se vendieron en la pasada feria internacional del transporte a\u00e9reo celebrada en Par\u00eds, y las principales compa\u00f1\u00edas constructores de aviones no pueden abastecer el mercado por la impresionante alza de los pedidos.<\/em><\/strong><\/span><\/p>\n<p style=\"text-align: justify;\"><span style=\"color: #000080;\"><strong><em>Las cifras se disparan tambi\u00e9n en el turismo mar\u00edtimo, con nuevas unidades incorporadas por las m\u00e1s modernas compa\u00f1\u00edas, movimiento que tambi\u00e9n llega a las regiones m\u00e1s apartadas con el incremento de nuevas unidades al servicio incluso de nuevos destinos.<\/em><\/strong><\/span><\/p>\n<div id=\"attachment_61557\" style=\"width: 640px\" class=\"wp-caption aligncenter\"><a href=\"https:\/\/www.turistamagazine.com\/v2\/wp-content\/uploads\/2023\/09\/marco-polo-1.png\"><img decoding=\"async\" aria-describedby=\"caption-attachment-61557\" class=\"wp-image-61557\" src=\"https:\/\/www.turistamagazine.com\/v2\/wp-content\/uploads\/2023\/09\/marco-polo-1.png\" alt=\"\" width=\"630\" height=\"363\" srcset=\"https:\/\/www.turistamagazine.com\/v2\/wp-content\/uploads\/2023\/09\/marco-polo-1.png 640w, https:\/\/www.turistamagazine.com\/v2\/wp-content\/uploads\/2023\/09\/marco-polo-1-300x173.png 300w, https:\/\/www.turistamagazine.com\/v2\/wp-content\/uploads\/2023\/09\/marco-polo-1-610x352.png 610w\" sizes=\"(max-width: 630px) 100vw, 630px\" \/><\/a><p id=\"caption-attachment-61557\" class=\"wp-caption-text\"><span style=\"color: #333399;\"><em><strong>Incorporado a la ruta terrestre R\u00edo de Janeiro-Lima, el Marcopolo Paradiso Nuevo G7 1800DD a\u00f1o 2020, capaz de transportar 43 pasajeros, con 12 en sillones Leito en planta baja y 31 en sill\u00f3n Leito en planta alta, todo con reclinable para brazos y piernas, cinturones de seguridad, cortinas de privacidad y USB conectores, aire acondicionado, agua mineral, Wifi e instalaciones sanitarias.<\/strong><\/em><\/span><\/p><\/div>\n<p style=\"text-align: justify;\"><span style=\"color: #333399;\"><strong><em>El caso del transporte terrestre llega a cifras y rutas impensables solo hace muy pocos a\u00f1os. Las unidades modernas, y las rutas de larga distancia son ya una constante, no solo en los viajes tur\u00edsticos organizados, sino en las nuevas rutas, como es el caso de Brasil-Per\u00fa que no solo es la conexi\u00f3n Rio de Janeiro-Lima, sino que abarca un buen n\u00famero de las ciudades de estos dos pa\u00edses.<\/em><\/strong><\/span><\/p>\n<p style=\"text-align: justify;\"><span style=\"color: #000080;\"><strong><em>La ilusi\u00f3n del viaje tur\u00edstico ha sido siempre el complemento del viaje familiar o de empresas, con los recordados \u201cviajes de incentivos\u201d, en los cuales participamos activamente durante muchos a\u00f1os. Un mundo que ha tra\u00eddo un alto \u00edndice de responsabilidad social en todos los sentidos, lo cual nos lleva hasta el espectacular impresionante acto de la inauguraci\u00f3n del Congreso de la COTAL \u2013 Confederaci\u00f3n de Organizaciones Tur\u00edsticas de Am\u00e9rica Latina \u2013\u00a0 en el Teatro Col\u00f3n de Buenos Aires, podemos unirlo a la tambi\u00e9n inauguraci\u00f3n de otra versi\u00f3n de esa misma organizaci\u00f3n en Panam\u00e1, o a nuestros paseos mar\u00edtimos por la Bah\u00eda de Guanabara en R\u00edo de Janeiro, todo un conjunto de vivencias que han ilustrados durante muchos a\u00f1os nuestros cursos de estudios tur\u00edsticos en varios pa\u00edses de Am\u00e9rica y fundamentalmente en las Islas Canarias.<\/em><\/strong><\/span><\/p>\n<div id=\"attachment_46630\" style=\"width: 640px\" class=\"wp-caption aligncenter\"><a href=\"https:\/\/www.turistamagazine.com\/v2\/wp-content\/uploads\/2020\/08\/Hotel-LLao-Llao.jpg\"><img decoding=\"async\" aria-describedby=\"caption-attachment-46630\" class=\"wp-image-46630\" src=\"https:\/\/www.turistamagazine.com\/v2\/wp-content\/uploads\/2020\/08\/Hotel-LLao-Llao.jpg\" alt=\"\" width=\"630\" height=\"420\" srcset=\"https:\/\/www.turistamagazine.com\/v2\/wp-content\/uploads\/2020\/08\/Hotel-LLao-Llao.jpg 640w, https:\/\/www.turistamagazine.com\/v2\/wp-content\/uploads\/2020\/08\/Hotel-LLao-Llao-300x200.jpg 300w, https:\/\/www.turistamagazine.com\/v2\/wp-content\/uploads\/2020\/08\/Hotel-LLao-Llao-630x420.jpg 630w, https:\/\/www.turistamagazine.com\/v2\/wp-content\/uploads\/2020\/08\/Hotel-LLao-Llao-610x407.jpg 610w\" sizes=\"(max-width: 630px) 100vw, 630px\" \/><\/a><p id=\"caption-attachment-46630\" class=\"wp-caption-text\"><span style=\"color: #333399;\"><em><strong>La espl\u00e9ndida estampa del HOTEL LLAO-LLAO, en Bariloche, Argentina, rodeado de nieve y retamas amarillas en pleno verano argentino.<\/strong><\/em><\/span><\/p><\/div>\n<p style=\"text-align: justify;\"><span style=\"color: #800080;\"><strong><em>Desde las celebraciones de la Asociaci\u00f3n Hotelera de Argentina en el impresionante Hotel Llao Llao, all\u00e1 en ese m\u00edtico Bariloche, nos vamos a los recuerdos incomparables del Silvesterball, en Viena, esa incomparable ciudad cuna de muchos de nuestros conocimientos y experiencias, y de una dedicaci\u00f3n especial que nos valiera la condecoraci\u00f3n con la Medalla Johan Strauss, de la ciudad de Viena, y la Placa de Plata, a t\u00edtulo individual, del Gobierno Austriaco.<\/em><\/strong><\/span><\/p>\n<div id=\"attachment_61558\" style=\"width: 558px\" class=\"wp-caption aligncenter\"><a href=\"https:\/\/www.turistamagazine.com\/v2\/wp-content\/uploads\/2023\/09\/SILVERSTER-BALL-2.png\"><img decoding=\"async\" aria-describedby=\"caption-attachment-61558\" class=\"wp-image-61558 size-full\" src=\"https:\/\/www.turistamagazine.com\/v2\/wp-content\/uploads\/2023\/09\/SILVERSTER-BALL-2.png\" alt=\"\" width=\"548\" height=\"501\" srcset=\"https:\/\/www.turistamagazine.com\/v2\/wp-content\/uploads\/2023\/09\/SILVERSTER-BALL-2.png 548w, https:\/\/www.turistamagazine.com\/v2\/wp-content\/uploads\/2023\/09\/SILVERSTER-BALL-2-300x274.png 300w, https:\/\/www.turistamagazine.com\/v2\/wp-content\/uploads\/2023\/09\/SILVERSTER-BALL-2-459x420.png 459w, https:\/\/www.turistamagazine.com\/v2\/wp-content\/uploads\/2023\/09\/SILVERSTER-BALL-2-48x44.png 48w\" sizes=\"(max-width: 548px) 100vw, 548px\" \/><\/a><p id=\"caption-attachment-61558\" class=\"wp-caption-text\"><span style=\"color: #333399;\"><strong><em>El elegante espect\u00e1culo del Kaiserball de Viena, hoy Silvesterball, que bien puede ofrecer su versi\u00f3n en Am\u00e9rica celebr\u00e1ndose en Lima, como un recurso tur\u00edstico de primera calidad, muy necesario para el desarrollo tur\u00edstico de todo Per\u00fa.<\/em><\/strong><\/span><\/p><\/div>\n<p style=\"text-align: justify;\"><span style=\"color: #000080;\"><strong><em>Un mundo subyugante que hemos vivido trasmiti\u00e9ndolo, en la Universidad Andr\u00e9s Bello de Canc\u00fan, la Universidade de Morumb\u00ed, en Sao Paulo; Est\u00e1cio de S\u00e1, R\u00edo de Janeiro\u2026 y hasta en los confines de nuestra Am\u00e9rica en la Universidad Austral en Chile.<\/em><\/strong><\/span><\/p>\n<div id=\"attachment_42188\" style=\"width: 640px\" class=\"wp-caption aligncenter\"><a href=\"https:\/\/www.turistamagazine.com\/v2\/wp-content\/uploads\/2019\/10\/Brasil-1973.jpg\"><img decoding=\"async\" aria-describedby=\"caption-attachment-42188\" class=\"wp-image-42188\" src=\"https:\/\/www.turistamagazine.com\/v2\/wp-content\/uploads\/2019\/10\/Brasil-1973.jpg\" alt=\"\" width=\"630\" height=\"388\" \/><\/a><p id=\"caption-attachment-42188\" class=\"wp-caption-text\"><span style=\"color: #333399;\"><em><strong>Brasil 1973. Sao Paulo. Secretaria de Turismo del Estado. Universidad de Morumbi. Inaugurando el I Seminario Nacional de Cultura Tur\u00edstica de Brasil, impartido por el Centro Internacional de Estudios Tur\u00edsticos de Canarias, junto a las mas altas autoridades del Estado.<\/strong><\/em><\/span><\/p><\/div>\n<p style=\"text-align: center;\"><span style=\"color: #800080;\"><strong><em>UN EPILOGO DE ESPERANZAS<\/em><\/strong><\/span><\/p>\n<p style=\"text-align: justify;\"><span style=\"color: #000080;\"><strong><em>Hechos y realidades que marcan una trayectoria, expuesta con sus detalles relevantes en esa querida Colombia \u2013 C\u00facuta 2016 \u2013\u00a0 en una conferencia celebraci\u00f3n del D\u00eda Mundial del Turismo, que nos fuese premiada con la Medalla especial de la municipalidad, un s\u00edmbolo de extraordinario valor para nosotros cuyos recuerdos de esta hermosa ciudad colombiana se remontan a los a\u00f1os setenta del siglo pasado con uno de nuestros celebrados cursos de turismo, donde curiosamente fuimos premiados hasta con un diploma de la Coca-Cola.<\/em><\/strong><\/span><\/p>\n<div id=\"attachment_61556\" style=\"width: 640px\" class=\"wp-caption aligncenter\"><a href=\"https:\/\/www.turistamagazine.com\/v2\/wp-content\/uploads\/2023\/09\/CICUTA.jpg\"><img decoding=\"async\" aria-describedby=\"caption-attachment-61556\" class=\"wp-image-61556\" src=\"https:\/\/www.turistamagazine.com\/v2\/wp-content\/uploads\/2023\/09\/CICUTA.jpg\" alt=\"\" width=\"630\" height=\"366\" srcset=\"https:\/\/www.turistamagazine.com\/v2\/wp-content\/uploads\/2023\/09\/CICUTA.jpg 800w, https:\/\/www.turistamagazine.com\/v2\/wp-content\/uploads\/2023\/09\/CICUTA-300x174.jpg 300w, https:\/\/www.turistamagazine.com\/v2\/wp-content\/uploads\/2023\/09\/CICUTA-768x446.jpg 768w, https:\/\/www.turistamagazine.com\/v2\/wp-content\/uploads\/2023\/09\/CICUTA-723x420.jpg 723w, https:\/\/www.turistamagazine.com\/v2\/wp-content\/uploads\/2023\/09\/CICUTA-610x355.jpg 610w\" sizes=\"(max-width: 630px) 100vw, 630px\" \/><\/a><p id=\"caption-attachment-61556\" class=\"wp-caption-text\"><span style=\"color: #333399;\"><em><strong>D\u00eda Mundial del Turismo, a\u00f1o 2016, C\u00facuta, Colombia, recibiendo la \u201cMedalla Juana Rangel de Cuellar\u201d del Municipio de San Jos\u00e9 de C\u00facuta, de manos de su Secretario de Cultura y Turismo, despu\u00e9s de nuestra se\u00f1alada intervenci\u00f3n en el acto protocolar de su celebraci\u00f3n, en presencia de la vice-c\u00f3nsul de Espa\u00f1a.<\/strong><\/em><\/span><\/p><\/div>\n<p style=\"text-align: justify;\"><span style=\"color: #800080;\"><strong><em>Estamos frente a esa realidad se\u00f1alada de \u201centre la ignorancia, la incapacidad moral y la indolencia\u201d, todo un mundo contra el que tenemos que anteponer la ense\u00f1anza, el poder de la educaci\u00f3n, el conocimiento, la profesionalidad\u2026 todo un conglomerado de elementos que est\u00e1n dormidos en algunos pa\u00edses de nuestro entorno, y que hoy m\u00e1s que nunca, necesitan del impulso que queremos darle que se encuentra secuestrado desde hace siglos.<\/em><\/strong><\/span><\/p>\n<p><span style=\"color: #333399;\"><em><strong>Servir es mi ocupaci\u00f3n.\u00a0<\/strong><\/em><\/span><\/p>\n<p><strong><em><b><i><a href=\"https:\/\/www.turistamagazine.com\/v2\/wp-content\/uploads\/2022\/10\/Dr.-Antonio-Pedro-Tejera-Reyes.jpg\"><img decoding=\"async\" class=\"alignleft wp-image-58355 size-thumbnail\" src=\"https:\/\/www.turistamagazine.com\/v2\/wp-content\/uploads\/2022\/10\/Dr.-Antonio-Pedro-Tejera-Reyes-150x150.jpg\" alt=\"\" width=\"150\" height=\"150\" \/><\/a>Miembro activo del Grupo de Expertos de la Organizaci\u00f3n Mundial del Turismo. OMT. De las Naciones Unidas. ONU. *Fundador de los Estudios de Turismo en las Islas Canarias. *Miembro del International Hall of Tourism Heroes. WTN. *Conseiller International, Associazione Intenazionale Stampa Tur\u00edstica AIST. (Italia) *Diplome D\u00b4Honneur. Uni\u00f3n des Escrivans et Journalistes Hellenes du Tourisme. FIJET. Federaci\u00f3n Mundial de Periodistas y Escritores de Turismo. *Inscrito en el Consejo Nacional de Ciencia, Tecnolog\u00eda e Innovaci\u00f3n. Per\u00fa. Miembro de N\u00famero del Consejo Consultivo de la Fundaci\u00f3n Ecoturismo Latinoamericana, FUNECO. *Pluma de Oro de Rotary Internacional. Puerto de la Cruz. Tenerife.<\/i><\/b><\/em><\/strong><\/p>\n<p style=\"text-align: justify;\">\n","protected":false},"excerpt":{"rendered":"<p>Una bella imagen del Nevado de Huaytapallana, uno de los recursos tur\u00edsticos peruanos que fueron estudiados y analizados, en la maestr\u00eda realizada bajo el manto de la Universidad para La Paz, de las Naciones Unidas, en el a\u00f1o 2002, en las Islas Canarias. \u201cExperiencia y conocimiento son elementos b\u00e1sicos educativos para sustentar programas id\u00f3neos relativos a la gesti\u00f3n del turismo, movimiento de personas hoy n\u00famero uno del consumo que debe ser el factor determinante de un bienestar social id\u00f3neo como base en la calidad de vida de los pueblos del mundo\u201d (CIESTCA. 2000) Por Antonio-Pedro Tejera Reyes* DE LA ILUSION&#8230;<\/p>\n","protected":false},"author":1,"featured_media":58727,"comment_status":"open","ping_status":"open","sticky":false,"template":"","format":"standard","meta":{"footnotes":""},"categories":[85],"tags":[10217,10219,12702],"class_list":["post-61550","post","type-post","status-publish","format-standard","has-post-thumbnail","hentry","category-colum-invitados","tag-antoniopedrotejerareyes","tag-semanarioturistamagazine","tag-el-mundo-que-nos-rodea"],"_links":{"self":[{"href":"https:\/\/www.turistamagazine.com\/v2\/index.php?rest_route=\/wp\/v2\/posts\/61550","targetHints":{"allow":["GET"]}}],"collection":[{"href":"https:\/\/www.turistamagazine.com\/v2\/index.php?rest_route=\/wp\/v2\/posts"}],"about":[{"href":"https:\/\/www.turistamagazine.com\/v2\/index.php?rest_route=\/wp\/v2\/types\/post"}],"author":[{"embeddable":true,"href":"https:\/\/www.turistamagazine.com\/v2\/index.php?rest_route=\/wp\/v2\/users\/1"}],"replies":[{"embeddable":true,"href":"https:\/\/www.turistamagazine.com\/v2\/index.php?rest_route=%2Fwp%2Fv2%2Fcomments&post=61550"}],"version-history":[{"count":3,"href":"https:\/\/www.turistamagazine.com\/v2\/index.php?rest_route=\/wp\/v2\/posts\/61550\/revisions"}],"predecessor-version":[{"id":61576,"href":"https:\/\/www.turistamagazine.com\/v2\/index.php?rest_route=\/wp\/v2\/posts\/61550\/revisions\/61576"}],"wp:featuredmedia":[{"embeddable":true,"href":"https:\/\/www.turistamagazine.com\/v2\/index.php?rest_route=\/wp\/v2\/media\/58727"}],"wp:attachment":[{"href":"https:\/\/www.turistamagazine.com\/v2\/index.php?rest_route=%2Fwp%2Fv2%2Fmedia&parent=61550"}],"wp:term":[{"taxonomy":"category","embeddable":true,"href":"https:\/\/www.turistamagazine.com\/v2\/index.php?rest_route=%2Fwp%2Fv2%2Fcategories&post=61550"},{"taxonomy":"post_tag","embeddable":true,"href":"https:\/\/www.turistamagazine.com\/v2\/index.php?rest_route=%2Fwp%2Fv2%2Ftags&post=61550"}],"curies":[{"name":"wp","href":"https:\/\/api.w.org\/{rel}","templated":true}]}}