{"id":61528,"date":"2023-09-03T11:36:05","date_gmt":"2023-09-03T16:36:05","guid":{"rendered":"https:\/\/www.turistamagazine.com\/v2\/?p=61528"},"modified":"2023-09-03T11:36:05","modified_gmt":"2023-09-03T16:36:05","slug":"la-uruguaya-maria-shaw-preside-el-forum-iberoamericano-de-periodistas-de-turismo","status":"publish","type":"post","link":"https:\/\/www.turistamagazine.com\/v2\/?p=61528","title":{"rendered":"LA URUGUAYA\u00a0 MAR\u00cdA SHAW PRESIDE EL F\u00d3RUM IBEROAMERICANO DE PERIODISTAS DE TURISMO"},"content":{"rendered":"<p style=\"text-align: center;\"><strong><em><span style=\"color: #333399;\">Mar\u00eda Shaw, presidente del FIPETUR, entrega reconocimiento al ex presidente Luis Jos\u00e9 Ch\u00e1vez, junto a Fernando Milo, secretario general del FIPETUR y al director nacional de Turismo, Roque Baudean<\/span><\/em><\/strong><\/p>\n<p style=\"text-align: center;\">\u00a0<span style=\"color: #800080;\"><strong><em>Todo el Staff de TuristamagazineDestinos congratula a su representante en Uruguay, Mar\u00eda Shaw por tan importante\u00a0 elecci\u00f3n<\/em><\/strong><\/span><\/p>\n<p style=\"text-align: justify;\"><span style=\"color: #333399;\"><strong><em>Uruguay\/03\/09\/2023.-El Acto Electoral se realiz\u00f3 el lunes 28 de agosto de 2023, en la sesi\u00f3n de apertura de la asamblea anual, celebrada en la Comarca Las Liebres, en Colonia del Sacramento.<\/em><\/strong><\/span><\/p>\n<p style=\"text-align: justify;\"><span style=\"color: #333399;\"><strong><em>En 2022, la Comisi\u00f3n Directiva del C\u00edrculo de Periodistas de Turismo de Uruguay (CIPETUR), present\u00f3 su candidatura. En la asamblea de mayo del a\u00f1o pasado en Punta Cana, Rep\u00fablica Dominicana, el Consejo Directivo de FIPETUR resolvi\u00f3 extender por un a\u00f1o m\u00e1s la presidencia de Luis Jos\u00e9 Ch\u00e1vez, dado que la misma se hab\u00eda ejercido durante la pandemia.<\/em><\/strong><\/span><\/p>\n<p style=\"text-align: justify;\"><span style=\"color: #333399;\"><strong><em>A partir de la creaci\u00f3n del F\u00f3rum Iberoamericano de Periodistas de Turismo, en 2010, Mar\u00eda Shaw, ocup\u00f3 el cargo de secretaria general, hasta que en 2021 -a ra\u00edz de haber sido electa presidente del CIPETUR-, fue nombrada vicepresidente primera de FIPETUR.<\/em><\/strong><\/span><\/p>\n<p>&nbsp;<\/p>\n<p style=\"text-align: justify;\"><span style=\"color: #333399;\"><strong><em>La nueva presidente destac\u00f3 el liderazgo del dominicano Luis Jos\u00e9 Ch\u00e1vez en los cuatro a\u00f1os de ejercicio de la presidencia, durante la cual el FIPETUR creci\u00f3 en cantidad de pa\u00edses, en asociativismo y en posicionarse como una entidad l\u00edder en el periodismo de Iberoam\u00e9rica y del mundo.<\/em><\/strong><\/span><\/p>\n<div id=\"attachment_61531\" style=\"width: 640px\" class=\"wp-caption aligncenter\"><a href=\"https:\/\/www.turistamagazine.com\/v2\/wp-content\/uploads\/2023\/09\/Maria-2.jpg\"><img decoding=\"async\" aria-describedby=\"caption-attachment-61531\" class=\"wp-image-61531\" src=\"https:\/\/www.turistamagazine.com\/v2\/wp-content\/uploads\/2023\/09\/Maria-2.jpg\" alt=\"\" width=\"630\" height=\"362\" srcset=\"https:\/\/www.turistamagazine.com\/v2\/wp-content\/uploads\/2023\/09\/Maria-2.jpg 640w, https:\/\/www.turistamagazine.com\/v2\/wp-content\/uploads\/2023\/09\/Maria-2-300x173.jpg 300w, https:\/\/www.turistamagazine.com\/v2\/wp-content\/uploads\/2023\/09\/Maria-2-610x351.jpg 610w\" sizes=\"(max-width: 630px) 100vw, 630px\" \/><\/a><p id=\"caption-attachment-61531\" class=\"wp-caption-text\"><span style=\"color: #333399;\"><em><strong>Mart\u00edn de Freitas, director de Turismo; intendente de Colonia, Dr. Carlos Moreira; Mar\u00eda Shaw, presidente de FIPETUR; director nacional de Turismo, Roque Baudean; Andr\u00e9s Castellano, presidente de la Asociaci\u00f3n Tur\u00edstica del Departamento de Colonia<\/strong><\/em><\/span><\/p><\/div>\n<p style=\"text-align: justify;\"><span style=\"color: #800080;\"><strong><em>En la primera sesi\u00f3n, se recibi\u00f3 la visita del director nacional de Turismo de Uruguay, Roque Baudean, quien en nombre del Ministerio de Turismo, felicit\u00f3 a la nueva presidente y a los delegados de las asociaciones de Argentina, Bolivia, Brasil, Chile, Colombia, Ecuador, Per\u00fa y Rep\u00fablica Dominicana.<\/em><\/strong><\/span><\/p>\n<p style=\"text-align: justify;\"><span style=\"color: #333399;\"><strong><em>Mar\u00eda Shaw, ha ejercido el periodismo \u00a0tur\u00edstico a lo largo de 50 a\u00f1os por lo que ha recibido m\u00faltiples reconocimientos por su labor como el ser distinguida en marzo 2018, \u00a0por el Ministerio de Turismo como \u201cMujer Destacada en Comunicaci\u00f3n\u201d, entre otras muchas distinciones. Desde el 2006 produce y conduce \u201cAzul &amp; Verde\u201d, micro noticiero de turismo por Carve 850 AM y tiene una columna semanal en \u201cCon Buen Gusto\u201d, en esa emisora. En Uruguay, escribe para cipetur.com -portal del que es editora- es columnista de las revisas y portales Clap!, Punta del Este Internacional y Siempre Punta. Es corresponsal de prestigiosos medios de comunicaci\u00f3n de Espa\u00f1a, Brasil, Ecuador y \u00a0de <span style=\"color: #800080;\">TuristamagazineDestinos en Per\u00fa,<\/span> y es columnista internacional en Contexto Tur\u00edstico de Argentina.<\/em><\/strong><\/span><\/p>\n<div id=\"attachment_61532\" style=\"width: 640px\" class=\"wp-caption aligncenter\"><a href=\"https:\/\/www.turistamagazine.com\/v2\/wp-content\/uploads\/2023\/09\/Maria-Shaw.jpg\"><img decoding=\"async\" aria-describedby=\"caption-attachment-61532\" class=\"wp-image-61532\" src=\"https:\/\/www.turistamagazine.com\/v2\/wp-content\/uploads\/2023\/09\/Maria-Shaw.jpg\" alt=\"\" width=\"630\" height=\"420\" srcset=\"https:\/\/www.turistamagazine.com\/v2\/wp-content\/uploads\/2023\/09\/Maria-Shaw.jpg 640w, https:\/\/www.turistamagazine.com\/v2\/wp-content\/uploads\/2023\/09\/Maria-Shaw-300x200.jpg 300w, https:\/\/www.turistamagazine.com\/v2\/wp-content\/uploads\/2023\/09\/Maria-Shaw-630x420.jpg 630w, https:\/\/www.turistamagazine.com\/v2\/wp-content\/uploads\/2023\/09\/Maria-Shaw-610x407.jpg 610w\" sizes=\"(max-width: 630px) 100vw, 630px\" \/><\/a><p id=\"caption-attachment-61532\" class=\"wp-caption-text\"><span style=\"color: #333399;\"><em><strong>Director nacional de Turismo, Roque Baudean; intendente de Colonia, Dr. Carlos Moreira; Mar\u00eda Shaw, presidente de FIPETUR; Pedro Melnitzky, director de Comarca Las Liebres<\/strong><\/em><\/span><\/p><\/div>\n<p style=\"text-align: justify;\"><span style=\"color: #800080;\"><strong><em>Es presidente del C\u00edrculo de Periodistas de Turismo del Uruguay (CIPETUR), desde octubre de 2021. Integra esa instituci\u00f3n desde 1994, a poco de su fundaci\u00f3n; en 2009 fue parte de su reactivaci\u00f3n y ocup\u00f3 la secretar\u00eda general hasta 2016, entre muchos otros muchos cargos a lo largo de su exitosa carrera period\u00edstica.<\/em><\/strong><\/span><a href=\"https:\/\/www.turistamagazine.com\/v2\/wp-content\/uploads\/2023\/09\/Cipetur-logo.jpg\"><img decoding=\"async\" class=\"wp-image-61530 aligncenter\" src=\"https:\/\/www.turistamagazine.com\/v2\/wp-content\/uploads\/2023\/09\/Cipetur-logo.jpg\" alt=\"\" width=\"300\" height=\"327\" srcset=\"https:\/\/www.turistamagazine.com\/v2\/wp-content\/uploads\/2023\/09\/Cipetur-logo.jpg 480w, https:\/\/www.turistamagazine.com\/v2\/wp-content\/uploads\/2023\/09\/Cipetur-logo-275x300.jpg 275w, https:\/\/www.turistamagazine.com\/v2\/wp-content\/uploads\/2023\/09\/Cipetur-logo-385x420.jpg 385w\" sizes=\"(max-width: 300px) 100vw, 300px\" \/><\/a><\/p>\n","protected":false},"excerpt":{"rendered":"<p>Mar\u00eda Shaw, presidente del FIPETUR, entrega reconocimiento al ex presidente Luis Jos\u00e9 Ch\u00e1vez, junto a Fernando Milo, secretario general del FIPETUR y al director nacional de Turismo, Roque Baudean \u00a0Todo el Staff de TuristamagazineDestinos congratula a su representante en Uruguay, Mar\u00eda Shaw por tan importante\u00a0 elecci\u00f3n Uruguay\/03\/09\/2023.-El Acto Electoral se realiz\u00f3 el lunes 28 de agosto de 2023, en la sesi\u00f3n de apertura de la asamblea anual, celebrada en la Comarca Las Liebres, en Colonia del Sacramento. En 2022, la Comisi\u00f3n Directiva del C\u00edrculo de Periodistas de Turismo de Uruguay (CIPETUR), present\u00f3 su candidatura. En la asamblea de mayo del&#8230;<\/p>\n","protected":false},"author":1,"featured_media":61529,"comment_status":"open","ping_status":"open","sticky":false,"template":"","format":"standard","meta":{"footnotes":""},"categories":[4,84],"tags":[11464,10219,11335,247],"class_list":["post-61528","post","type-post","status-publish","format-standard","has-post-thumbnail","hentry","category-breaking-news","category-internacionales","tag-mariashaw","tag-semanarioturistamagazine","tag-uruguayturismo","tag-forum-iberoamericano-de-periodistas-de-turismo"],"_links":{"self":[{"href":"https:\/\/www.turistamagazine.com\/v2\/index.php?rest_route=\/wp\/v2\/posts\/61528","targetHints":{"allow":["GET"]}}],"collection":[{"href":"https:\/\/www.turistamagazine.com\/v2\/index.php?rest_route=\/wp\/v2\/posts"}],"about":[{"href":"https:\/\/www.turistamagazine.com\/v2\/index.php?rest_route=\/wp\/v2\/types\/post"}],"author":[{"embeddable":true,"href":"https:\/\/www.turistamagazine.com\/v2\/index.php?rest_route=\/wp\/v2\/users\/1"}],"replies":[{"embeddable":true,"href":"https:\/\/www.turistamagazine.com\/v2\/index.php?rest_route=%2Fwp%2Fv2%2Fcomments&post=61528"}],"version-history":[{"count":1,"href":"https:\/\/www.turistamagazine.com\/v2\/index.php?rest_route=\/wp\/v2\/posts\/61528\/revisions"}],"predecessor-version":[{"id":61533,"href":"https:\/\/www.turistamagazine.com\/v2\/index.php?rest_route=\/wp\/v2\/posts\/61528\/revisions\/61533"}],"wp:featuredmedia":[{"embeddable":true,"href":"https:\/\/www.turistamagazine.com\/v2\/index.php?rest_route=\/wp\/v2\/media\/61529"}],"wp:attachment":[{"href":"https:\/\/www.turistamagazine.com\/v2\/index.php?rest_route=%2Fwp%2Fv2%2Fmedia&parent=61528"}],"wp:term":[{"taxonomy":"category","embeddable":true,"href":"https:\/\/www.turistamagazine.com\/v2\/index.php?rest_route=%2Fwp%2Fv2%2Fcategories&post=61528"},{"taxonomy":"post_tag","embeddable":true,"href":"https:\/\/www.turistamagazine.com\/v2\/index.php?rest_route=%2Fwp%2Fv2%2Ftags&post=61528"}],"curies":[{"name":"wp","href":"https:\/\/api.w.org\/{rel}","templated":true}]}}