{"id":61480,"date":"2023-08-28T09:33:15","date_gmt":"2023-08-28T14:33:15","guid":{"rendered":"https:\/\/www.turistamagazine.com\/v2\/?p=61480"},"modified":"2023-08-28T09:33:15","modified_gmt":"2023-08-28T14:33:15","slug":"ministro-mathews-inauguran-primer-festival-de-innovacion-de-la-artesania-peruana","status":"publish","type":"post","link":"https:\/\/www.turistamagazine.com\/v2\/?p=61480","title":{"rendered":"MINISTRO MATHEWS INAUGURAN PRIMER FESTIVAL DE INNOVACI\u00d3N DE LA ARTESAN\u00cdA PERUANA"},"content":{"rendered":"<p style=\"text-align: center;\"><span style=\"color: #800080;\"><em><strong>El \u00a0evento se \u00a0realiza hasta el pr\u00f3ximo domingo 3 de septiembre en el parque Kennedy del distrito de Miraflores<\/strong><\/em><\/span><\/p>\n<p style=\"text-align: justify;\"><span style=\"color: #333399;\"><em><strong>LIMA\/PERU\/28\/08\/2022.-El ministro de Comercio Exterior y Turismo, Juan Carlos Mathews, destac\u00f3 la trascendencia de la artesan\u00eda nacional y afirm\u00f3 que el desaf\u00edo es que esta pueda aprovechar los 22 acuerdos de libre comercio vigentes que tiene el Per\u00fa, con 58 pa\u00edses. As\u00ed lo mencion\u00f3 durante la, que es organizado por el Mincetur.<\/strong><\/em><\/span><\/p>\n<p style=\"text-align: justify;\"><span style=\"color: #333399;\"><em><strong>Asimismo, se\u00f1al\u00f3 que este evento &#8211; es un homenaje a los artesanos, uno de los sectores m\u00e1s resilientes ante la pandemia de la COVID-19 y los fen\u00f3menos climatol\u00f3gicos.\u00a0<\/strong><\/em><\/span><\/p>\n<p style=\"text-align: justify;\"><span style=\"color: #333399;\"><em><strong>Es importante mencionar que la apertura de esta actividad cont\u00f3 con la participaci\u00f3n de la ministra de Cultura, Leslie Urteaga; el alcalde de Miraflores, Carlos Canales;\u00a0 la viceministra de Comercio Exterior, Teresa Mera; el gerente central de exportaciones de Adex, Diego Llosa; adem\u00e1s de funcionarios y destacados artesanos del Per\u00fa.\u00a0<\/strong><\/em><\/span><\/p>\n<p style=\"text-align: justify;\"><span style=\"color: #333399;\"><em><strong>Es importante mencionar que durante la ceremonia de inauguraci\u00f3n se present\u00f3 un interesante desfile de modas, donde se mostraron hermosas colecciones trabajadas por artesanos con el acompa\u00f1amiento de los Centros de Innovaci\u00f3n Tecnol\u00f3gica (CITEs) de Artesan\u00eda y Turismo.<\/strong><\/em><\/span><\/p>\n<p><a href=\"https:\/\/www.turistamagazine.com\/v2\/wp-content\/uploads\/2023\/08\/Arteania-Peruana.jpg\"><img decoding=\"async\" class=\"wp-image-61481 aligncenter\" src=\"https:\/\/www.turistamagazine.com\/v2\/wp-content\/uploads\/2023\/08\/Arteania-Peruana.jpg\" alt=\"\" width=\"640\" height=\"427\" srcset=\"https:\/\/www.turistamagazine.com\/v2\/wp-content\/uploads\/2023\/08\/Arteania-Peruana.jpg 799w, https:\/\/www.turistamagazine.com\/v2\/wp-content\/uploads\/2023\/08\/Arteania-Peruana-300x200.jpg 300w, https:\/\/www.turistamagazine.com\/v2\/wp-content\/uploads\/2023\/08\/Arteania-Peruana-768x512.jpg 768w, https:\/\/www.turistamagazine.com\/v2\/wp-content\/uploads\/2023\/08\/Arteania-Peruana-630x420.jpg 630w, https:\/\/www.turistamagazine.com\/v2\/wp-content\/uploads\/2023\/08\/Arteania-Peruana-610x407.jpg 610w\" sizes=\"(max-width: 640px) 100vw, 640px\" \/><\/a><\/p>\n<p>&nbsp;<\/p>\n<p style=\"text-align: justify;\"><span style=\"color: #800080;\"><em><strong>INNOVACI\u00d3N EN LA ARTESAN\u00cdA\u00a0<\/strong><\/em><\/span><\/p>\n<p style=\"text-align: justify;\"><span style=\"color: #333399;\"><em><strong>El Primer Festival de Innovaci\u00f3n en la Artesan\u00eda del Per\u00fa es un importante evento gratuito que ning\u00fan amante de la artesan\u00eda y la innovaci\u00f3n puede perderse. Se desarrolla en el parque Kennedy del distrito de Miraflores, all\u00ed se presentan en 55 stands, con una oferta variada de productos innovadores tanto utilitarios como decorativos de las diferentes l\u00edneas artesanales, como textiler\u00eda, alfarer\u00eda y cer\u00e1mica, imaginer\u00eda, joyer\u00eda y orfebrer\u00eda, entre otros, que el p\u00fablico nacional y extranjero disfrutar\u00e1.\u00a0 No solo ello, los visitantes tambi\u00e9n pueden apreciar los proyectos finalistas del XI Premio Nacional de Dise\u00f1o de la Artesan\u00eda Peruana.<\/strong><\/em><\/span><\/p>\n<p style=\"text-align: justify;\"><span style=\"color: #333399;\"><em><strong>Es la primera vez que se expone, en un solo lugar, los trabajos m\u00e1s interesantes e innovadores de aquellos artesanos que han sido capacitados mediante los Centros de Innovaci\u00f3n Tecnol\u00f3gica de Artesan\u00eda y Turismo ubicados en siete regiones: Arequipa, Ayacucho, Cam\u00e9lidos Sudamericanos Puno, Cer\u00e1mica Chulucanas (Piura), Sip\u00e1n (Lambayeque), Ucayali y Utcubamba Amazonas.\u00a0\u00a0<\/strong><\/em><\/span><\/p>\n<p><a href=\"https:\/\/www.turistamagazine.com\/v2\/wp-content\/uploads\/2023\/07\/ARTESANIA.jpg\"><img decoding=\"async\" class=\"wp-image-61222 aligncenter\" src=\"https:\/\/www.turistamagazine.com\/v2\/wp-content\/uploads\/2023\/07\/ARTESANIA.jpg\" alt=\"\" width=\"630\" height=\"420\" srcset=\"https:\/\/www.turistamagazine.com\/v2\/wp-content\/uploads\/2023\/07\/ARTESANIA.jpg 799w, https:\/\/www.turistamagazine.com\/v2\/wp-content\/uploads\/2023\/07\/ARTESANIA-300x200.jpg 300w, https:\/\/www.turistamagazine.com\/v2\/wp-content\/uploads\/2023\/07\/ARTESANIA-768x512.jpg 768w, https:\/\/www.turistamagazine.com\/v2\/wp-content\/uploads\/2023\/07\/ARTESANIA-630x420.jpg 630w, https:\/\/www.turistamagazine.com\/v2\/wp-content\/uploads\/2023\/07\/ARTESANIA-610x407.jpg 610w\" sizes=\"(max-width: 630px) 100vw, 630px\" \/><\/a><\/p>\n<p style=\"text-align: justify;\"><span style=\"color: #333399;\"><em><strong>A lo largo de los d\u00edas del evento el p\u00fablico puede concurrir a charlas y exposiciones sobre innovaci\u00f3n, investigaci\u00f3n, tecnolog\u00eda entre otros, as\u00ed como presenciar demostraciones en vivo a cargo de los artesanos participantes.\u00a0\u00a0\u00a0<\/strong><\/em><\/span><\/p>\n<p style=\"text-align: justify;\"><span style=\"color: #333399;\"><em><strong>DATO<\/strong><\/em><\/span><\/p>\n<p style=\"text-align: justify;\"><span style=\"color: #800080;\"><em><strong>El horario de atenci\u00f3n del Primer Festival de Innovaci\u00f3n en la Artesan\u00eda del Per\u00fa es de lunes a domingo desde las 10:00 hasta las 21:00 horas. Este evento se realiza gracias al apoyo de la Municipalidad de Miraflores, la cual permanentemente colabora con estos esfuerzos, para el desarrollo del turismo y en especial de la artesan\u00eda peruana.\u00a0<\/strong><\/em><\/span><\/p>\n<p style=\"text-align: justify;\">\n","protected":false},"excerpt":{"rendered":"<p>El \u00a0evento se \u00a0realiza hasta el pr\u00f3ximo domingo 3 de septiembre en el parque Kennedy del distrito de Miraflores LIMA\/PERU\/28\/08\/2022.-El ministro de Comercio Exterior y Turismo, Juan Carlos Mathews, destac\u00f3 la trascendencia de la artesan\u00eda nacional y afirm\u00f3 que el desaf\u00edo es que esta pueda aprovechar los 22 acuerdos de libre comercio vigentes que tiene el Per\u00fa, con 58 pa\u00edses. As\u00ed lo mencion\u00f3 durante la, que es organizado por el Mincetur. Asimismo, se\u00f1al\u00f3 que este evento &#8211; es un homenaje a los artesanos, uno de los sectores m\u00e1s resilientes ante la pandemia de la COVID-19 y los fen\u00f3menos climatol\u00f3gicos.\u00a0 Es&#8230;<\/p>\n","protected":false},"author":1,"featured_media":61482,"comment_status":"open","ping_status":"open","sticky":false,"template":"","format":"standard","meta":{"footnotes":""},"categories":[4,82],"tags":[11135,10219,321,340],"class_list":["post-61480","post","type-post","status-publish","format-standard","has-post-thumbnail","hentry","category-breaking-news","category-nacionales","tag-artesaniaperuana","tag-semanarioturistamagazine","tag-lima","tag-peru"],"_links":{"self":[{"href":"https:\/\/www.turistamagazine.com\/v2\/index.php?rest_route=\/wp\/v2\/posts\/61480","targetHints":{"allow":["GET"]}}],"collection":[{"href":"https:\/\/www.turistamagazine.com\/v2\/index.php?rest_route=\/wp\/v2\/posts"}],"about":[{"href":"https:\/\/www.turistamagazine.com\/v2\/index.php?rest_route=\/wp\/v2\/types\/post"}],"author":[{"embeddable":true,"href":"https:\/\/www.turistamagazine.com\/v2\/index.php?rest_route=\/wp\/v2\/users\/1"}],"replies":[{"embeddable":true,"href":"https:\/\/www.turistamagazine.com\/v2\/index.php?rest_route=%2Fwp%2Fv2%2Fcomments&post=61480"}],"version-history":[{"count":1,"href":"https:\/\/www.turistamagazine.com\/v2\/index.php?rest_route=\/wp\/v2\/posts\/61480\/revisions"}],"predecessor-version":[{"id":61483,"href":"https:\/\/www.turistamagazine.com\/v2\/index.php?rest_route=\/wp\/v2\/posts\/61480\/revisions\/61483"}],"wp:featuredmedia":[{"embeddable":true,"href":"https:\/\/www.turistamagazine.com\/v2\/index.php?rest_route=\/wp\/v2\/media\/61482"}],"wp:attachment":[{"href":"https:\/\/www.turistamagazine.com\/v2\/index.php?rest_route=%2Fwp%2Fv2%2Fmedia&parent=61480"}],"wp:term":[{"taxonomy":"category","embeddable":true,"href":"https:\/\/www.turistamagazine.com\/v2\/index.php?rest_route=%2Fwp%2Fv2%2Fcategories&post=61480"},{"taxonomy":"post_tag","embeddable":true,"href":"https:\/\/www.turistamagazine.com\/v2\/index.php?rest_route=%2Fwp%2Fv2%2Ftags&post=61480"}],"curies":[{"name":"wp","href":"https:\/\/api.w.org\/{rel}","templated":true}]}}