{"id":61425,"date":"2023-08-21T10:12:54","date_gmt":"2023-08-21T15:12:54","guid":{"rendered":"https:\/\/www.turistamagazine.com\/v2\/?p=61425"},"modified":"2023-08-21T20:30:29","modified_gmt":"2023-08-22T01:30:29","slug":"tenerife-el-brutal-incendio-no-afecta-a-zonas-turisticas","status":"publish","type":"post","link":"https:\/\/www.turistamagazine.com\/v2\/?p=61425","title":{"rendered":"TENERIFE: EL BRUTAL INCENDIO NO AFECTA A ZONAS TUR\u00cdSTICAS"},"content":{"rendered":"<p style=\"text-align: center;\"><span style=\"color: #800080;\"><em><strong>La normalidad es absoluta en establecimientos alojativos, playas y dem\u00e1s lugares tur\u00edsticos ubicados en las zonas cercanas a la costa y median\u00edas<\/strong><\/em><\/span><\/p>\n<p style=\"text-align: center;\"><span style=\"color: #800080;\"><em><strong>Las autoridades piden no adentrarse en el monte, incluido el Parque Nacional del Teide<\/strong><\/em><\/span><\/p>\n<p style=\"text-align: justify;\"><span style=\"color: #333399;\"><em><strong>ISLAS CANARIAS\/ 21\/08\/2023.-Turismo de Tenerife llama a la calma ante el incendio que ha calcinado ya 2.600 hect\u00e1reas en la zona de monte de los municipios de Arafo, Candelaria, La Victoria de Acentejo, Santa \u00darsula, La Orotava y El Rosario.<\/strong><\/em><\/span><\/p>\n<p style=\"text-align: justify;\"><span style=\"color: #333399;\"><em><strong>La entidad asegura que las principales zonas tur\u00edsticas y ciudades de la isla \u201cse encuentran alejadas del incendio, por lo que la normalidad es absoluta en establecimientos alojativos, playas y dem\u00e1s lugares tur\u00edsticos ubicados en las zonas cercanas a la costa y median\u00edas\u201d.<\/strong><\/em><\/span><\/p>\n<p style=\"text-align: justify;\"><span style=\"color: #800080;\"><em><strong>Tambi\u00e9n se desarrolla con normalidad la actividad en puertos, aeropuertos y carreteras de la isla, excepto en las que se adentran en el monte, para las que las autoridades piden no acceder a ellas, incluyendo el Parque Nacional del Teide.El organismo explica que, \u201cde manera preventiva, algunos n\u00facleos de poblaci\u00f3n que se encuentran en las cercan\u00edas de las zonas afectadas han sido evacuados, lo que podr\u00eda incluir alguna vivienda vacacional o casa rural\u201d.<\/strong><\/em><\/span><\/p>\n<p style=\"text-align: justify;\"><span style=\"color: #333399;\"><em><strong>\u201cEn todo caso, la seguridad de todas las personas est\u00e1 garantizada gracias al estricto plan de seguridad desplegado por las autoridades, que han recomendado a los residentes en los municipios de G\u00fc\u00edmar, Arafo, Candelaria y El Rosario evitar la permanencia en el exterior, cerrar puertas y ventanas, as\u00ed como el uso de mascarillas FFP2 para evitar problemas respiratorios a causa del humo del incendio\u201d, a\u00f1ade.<\/strong><\/em><\/span><\/p>\n<p style=\"text-align: justify;\"><span style=\"color: #800080;\"><em><strong>Turismo de Tenerife pide a todos los viajeros que se encuentran en la isla que sigan las recomendaciones de seguridad y que se informen de la evoluci\u00f3n del incendio en los canales de comunicaci\u00f3n oficiales del Gobierno de Canarias y del Cabildo. Se ha habilitado, adem\u00e1s, un tel\u00e9fono de la Red de Oficinas de Informaci\u00f3n Tur\u00edstica de la isla para atender peticiones de informaci\u00f3n a los visitantes, el (+34) 922 255433. El horario de atenci\u00f3n es de 9.00 a 20.30 horas. F\/ Preferente.es<\/strong><\/em><\/span><\/p>\n","protected":false},"excerpt":{"rendered":"<p>La normalidad es absoluta en establecimientos alojativos, playas y dem\u00e1s lugares tur\u00edsticos ubicados en las zonas cercanas a la costa y median\u00edas Las autoridades piden no adentrarse en el monte, incluido el Parque Nacional del Teide ISLAS CANARIAS\/ 21\/08\/2023.-Turismo de Tenerife llama a la calma ante el incendio que ha calcinado ya 2.600 hect\u00e1reas en la zona de monte de los municipios de Arafo, Candelaria, La Victoria de Acentejo, Santa \u00darsula, La Orotava y El Rosario. La entidad asegura que las principales zonas tur\u00edsticas y ciudades de la isla \u201cse encuentran alejadas del incendio, por lo que la normalidad es&#8230;<\/p>\n","protected":false},"author":1,"featured_media":43643,"comment_status":"open","ping_status":"open","sticky":false,"template":"","format":"standard","meta":{"footnotes":""},"categories":[4,84],"tags":[10219,12693,3732,12694,12695,12690,4468,340],"class_list":["post-61425","post","type-post","status-publish","format-standard","has-post-thumbnail","hentry","category-breaking-news","category-internacionales","tag-semanarioturistamagazine","tag-arafo","tag-canarias","tag-candelaria","tag-el-rosario","tag-incendio","tag-la-orotava","tag-peru"],"_links":{"self":[{"href":"https:\/\/www.turistamagazine.com\/v2\/index.php?rest_route=\/wp\/v2\/posts\/61425","targetHints":{"allow":["GET"]}}],"collection":[{"href":"https:\/\/www.turistamagazine.com\/v2\/index.php?rest_route=\/wp\/v2\/posts"}],"about":[{"href":"https:\/\/www.turistamagazine.com\/v2\/index.php?rest_route=\/wp\/v2\/types\/post"}],"author":[{"embeddable":true,"href":"https:\/\/www.turistamagazine.com\/v2\/index.php?rest_route=\/wp\/v2\/users\/1"}],"replies":[{"embeddable":true,"href":"https:\/\/www.turistamagazine.com\/v2\/index.php?rest_route=%2Fwp%2Fv2%2Fcomments&post=61425"}],"version-history":[{"count":2,"href":"https:\/\/www.turistamagazine.com\/v2\/index.php?rest_route=\/wp\/v2\/posts\/61425\/revisions"}],"predecessor-version":[{"id":61446,"href":"https:\/\/www.turistamagazine.com\/v2\/index.php?rest_route=\/wp\/v2\/posts\/61425\/revisions\/61446"}],"wp:featuredmedia":[{"embeddable":true,"href":"https:\/\/www.turistamagazine.com\/v2\/index.php?rest_route=\/wp\/v2\/media\/43643"}],"wp:attachment":[{"href":"https:\/\/www.turistamagazine.com\/v2\/index.php?rest_route=%2Fwp%2Fv2%2Fmedia&parent=61425"}],"wp:term":[{"taxonomy":"category","embeddable":true,"href":"https:\/\/www.turistamagazine.com\/v2\/index.php?rest_route=%2Fwp%2Fv2%2Fcategories&post=61425"},{"taxonomy":"post_tag","embeddable":true,"href":"https:\/\/www.turistamagazine.com\/v2\/index.php?rest_route=%2Fwp%2Fv2%2Ftags&post=61425"}],"curies":[{"name":"wp","href":"https:\/\/api.w.org\/{rel}","templated":true}]}}