{"id":61351,"date":"2023-08-14T18:36:38","date_gmt":"2023-08-14T23:36:38","guid":{"rendered":"https:\/\/www.turistamagazine.com\/v2\/?p=61351"},"modified":"2023-08-14T18:45:26","modified_gmt":"2023-08-14T23:45:26","slug":"los-castells-torres-humanas-de-ocho-metros-que-se-desarman-en-instantes","status":"publish","type":"post","link":"https:\/\/www.turistamagazine.com\/v2\/?p=61351","title":{"rendered":"LOS \u2018CASTELLS\u2019, TORRES HUMANAS DE OCHO METROS QUE SE DESARMAN EN INSTANTES"},"content":{"rendered":"<p style=\"text-align: center;\"><span style=\"color: #333399;\"><strong><em>La tradici\u00f3n del \u00abcastells\u00bb, inscrita por la Unesco en el patrimonio inmaterial de la humanidad, surgi\u00f3 a finales de<\/em><\/strong><\/span><\/p>\n<p style=\"text-align: left;\"><span style=\"color: #333399;\"><strong><em>\u00a0 \u00a0 \u00a0 \u00a0 \u00a0 \u00a0 \u00a0 \u00a0 \u00a0 \u00a0 \u00a0 \u00a0 \u00a0 \u00a0 \u00a0 \u00a0 \u00a0 \u00a0 \u00a0 \u00a0 \u00a0 \u00a0 \u00a0 \u00a0 \u00a0 \u00a0 \u00a0 \u00a0 \u00a0 \u00a0 \u00a0 \u00a0 \u00a0 \u00a0 \u00a0 \u00a0 \u00a0 \u00a0 \u00a0 \u00a0 \u00a0 \u00a0 \u00a0 \u00a0 \u00a0 \u00a0 \u00a0 \u00a0 \u00a0 \u00a0 \u00a0 \u00a0siglo XVII en Valls. (Josep Lago \/ AFP)<\/em><\/strong><\/span><\/p>\n<p style=\"text-align: center;\"><span style=\"color: #333399;\"><em><strong>El secreto para crear estas torres humanas est\u00e1 en conjuntar \u00abfuerza, equilibro, valent\u00eda y sentido com\u00fan\u00bb, como reza su lema.<\/strong><\/em><\/span><\/p>\n<p><strong>por Alexandre Peyrille \/ AFP\u00a0\u00a0\u00a0<\/strong><\/p>\n<p style=\"text-align: justify;\"><span style=\"color: #333399;\"><em><strong>CATALU\u00d1A\/14\/08\/2023.-Los hombres en la base, las mujeres en el medio y en la cima del \u201ccastillo\u201d los ni\u00f1os. Estas torres humanas de ocho metros de alto que se alzan y se desarman en pocos minutos, una tradici\u00f3n catalana, perduran en el sur de Francia.<\/strong><\/em><\/span><\/p>\n<p style=\"text-align: justify;\"><span style=\"color: #333399;\"><em><strong>El secreto est\u00e1 en conjuntar \u201cfuerza, equilibro, valent\u00eda y sentido com\u00fan\u201d, como reza su lema. Vestidos con pantal\u00f3n blanco, camisa verde y un amplio cintur\u00f3n negro que sujeta las lumbares, los <span style=\"color: #800080;\">\u201cCastellers del Riberal\u201d<\/span> aprietan los dientes y se api\u00f1an bien para crear su construcci\u00f3n.<\/strong><\/em><\/span><\/p>\n<p style=\"text-align: center;\"><span style=\"color: #800080;\"><em><strong>LOS NI\u00d1OS CORONAN LAS TORRES HUMANAS<\/strong><\/em><\/span><\/p>\n<p style=\"text-align: justify;\"><span style=\"color: #333399;\"><em><strong>Aunque la torre a veces se tambalea, Ilyess Jorio, de nueve a\u00f1os, logra escalar los siete niveles para coronar la cima. Sin bromear, el ni\u00f1o, con un casco blanco, dice estar \u201corgulloso\u201d de tener el papel de \u201cenxaneta\u201d y haber dado el toque final a la torre, \u201cgracias a los otros\u201d, a\u00f1ade. Su padre, Al\u00ed Jorio, marroqu\u00ed y \u201ccatal\u00e1n de adopci\u00f3n\u201d, lo abraza para felicitarlo.<\/strong><\/em><\/span><\/p>\n<p style=\"text-align: justify;\"><span style=\"color: #333399;\"><em><strong>\u00a0\u201cEs muy t\u00e9cnico, ensayamos dos veces por semana. Necesita muchos entrenamientos para dar confianza a los ni\u00f1os que coronan el trabajo del grupo\u201d, explica Herv\u00e9 Pi, el fundador de los Castellers del Riberal, el principal grupo en el sur de Francia, donde hay una fuerte tradici\u00f3n catalana.<\/strong><\/em><\/span><\/p>\n<p style=\"text-align: justify;\"><span style=\"color: #333399;\"><em><strong>Los \u201ccastellers\u201d suele ser una cuesti\u00f3n de familia. Su hija Laura es, desde hace cuatro a\u00f1os, \u201ccap de colla\u201d, la jefa del grupo. Y los padres del peque\u00f1o Ilyess forman parte de los que se sit\u00faan en la base. \u201cLos \u2018castells\u2019 son un s\u00edmbolo de la cultura catalana. Una forma de celebrar esta identidad y de normalizar el uso del catal\u00e1n. Y de mostrar la fuerza del grupo, uniendo generaciones\u201d, cuenta Laura Pi, de 34 a\u00f1os, que da todas las consignas en catal\u00e1n.<\/strong><\/em><\/span><\/p>\n<p style=\"text-align: center;\"><span style=\"color: #800080;\"><em><strong>EN LAS TORRES HUMANAS HAY MENOS HERIDOS QUE EN EL FUTBOL<\/strong><\/em><\/span><\/p>\n<p style=\"text-align: justify;\"><span style=\"color: #333399;\"><em><strong>En las fiestas de Millas, cerca de Perpi\u00f1\u00e1n, el primer fin de semana de agosto, Laura, que lleva la camisa verde desde los ocho a\u00f1os, congreg\u00f3 a 107 miembros de la asociaci\u00f3n, de seis a 70 a\u00f1os. Los m\u00e1s fuertes est\u00e1n en la base, y luego se van alzando los niveles, aguant\u00e1ndose fuerte por los hombres. Alrededor del castillo, los que forman la \u201cpinya\u201d sujetan las piernas de los dos primeros niveles para asegurar la solidez de la formaci\u00f3n y amortiguar posibles ca\u00eddas. \u201cLa pinya, es la garant\u00eda, el seguro a todo riesgo\u201d, se\u00f1ala Henri Pi.<\/strong><\/em><\/span><\/p>\n<p style=\"text-align: justify;\"><span style=\"color: #333399;\"><em><strong>\u201cTenemos menos heridos que el futbol\u201d, asegura, para tranquilizar a los que piensan que es una disciplina peligrosa. Entre la multitud que asiste al espect\u00e1culo, R\u00e9gis Barnole, de 65 a\u00f1os, saborea el instante: \u201cEs un espect\u00e1culo impresionante. Y permite hacer vivir y perdurar la catalanidad\u201d.<\/strong><\/em><\/span><\/p>\n<p style=\"text-align: center;\"><span style=\"color: #800080;\"><em><strong>LA TRADICI\u00d3N DEL CASTELLS<\/strong><\/em><\/span><\/p>\n<p style=\"text-align: justify;\"><span style=\"color: #333399;\"><em><strong>La tradici\u00f3n del \u201ccastells\u201d, inscrita por la Unesco en el patrimonio inmaterial de la humanidad, surgi\u00f3 a finales del siglo XVII en Valls, una peque\u00f1a ciudad a 100 km de Barcelona (noreste de Espa\u00f1a). Las espectaculares torres que se formaron durante la ceremonia de inauguraci\u00f3n de los Juegos Ol\u00edmpicos de Barcelona en 1992 reavivaron esa tradici\u00f3n, menoscabada durante la dictadura de Francisco Franco (1939-1975).<\/strong><\/em><\/span><\/p>\n<p style=\"text-align: justify;\"><span style=\"color: #333399;\"><em><strong>Los Castellers del Riberal, creados en 1997 en Baho, cerca de Perpi\u00f1\u00e1n, cuentan con 120 miembros, entre los que figuran catalanes, pero tambi\u00e9n franceses de regiones del norte, e incluso un maliense y un afgano, apuntan desde la asociaci\u00f3n. \u201cEs muy abierto\u201d, insisten.<\/strong><\/em><\/span><\/p>\n","protected":false},"excerpt":{"rendered":"<p>La tradici\u00f3n del \u00abcastells\u00bb, inscrita por la Unesco en el patrimonio inmaterial de la humanidad, surgi\u00f3 a finales de \u00a0 \u00a0 \u00a0 \u00a0 \u00a0 \u00a0 \u00a0 \u00a0 \u00a0 \u00a0 \u00a0 \u00a0 \u00a0 \u00a0 \u00a0 \u00a0 \u00a0 \u00a0 \u00a0 \u00a0 \u00a0 \u00a0 \u00a0 \u00a0 \u00a0 \u00a0 \u00a0 \u00a0 \u00a0 \u00a0 \u00a0 \u00a0 \u00a0 \u00a0 \u00a0 \u00a0 \u00a0 \u00a0 \u00a0 \u00a0 \u00a0 \u00a0 \u00a0 \u00a0 \u00a0 \u00a0 \u00a0 \u00a0 \u00a0 \u00a0 \u00a0 \u00a0siglo XVII en Valls. (Josep Lago \/ AFP) El secreto para crear estas torres humanas est\u00e1 en conjuntar \u00abfuerza, equilibro, valent\u00eda y sentido com\u00fan\u00bb, como reza su lema. por Alexandre&#8230;<\/p>\n","protected":false},"author":1,"featured_media":61353,"comment_status":"open","ping_status":"open","sticky":false,"template":"","format":"standard","meta":{"footnotes":""},"categories":[4,84],"tags":[12682,10219,3006],"class_list":["post-61351","post","type-post","status-publish","format-standard","has-post-thumbnail","hentry","category-breaking-news","category-internacionales","tag-castellers-del-riberal","tag-semanarioturistamagazine","tag-cataluna"],"_links":{"self":[{"href":"https:\/\/www.turistamagazine.com\/v2\/index.php?rest_route=\/wp\/v2\/posts\/61351","targetHints":{"allow":["GET"]}}],"collection":[{"href":"https:\/\/www.turistamagazine.com\/v2\/index.php?rest_route=\/wp\/v2\/posts"}],"about":[{"href":"https:\/\/www.turistamagazine.com\/v2\/index.php?rest_route=\/wp\/v2\/types\/post"}],"author":[{"embeddable":true,"href":"https:\/\/www.turistamagazine.com\/v2\/index.php?rest_route=\/wp\/v2\/users\/1"}],"replies":[{"embeddable":true,"href":"https:\/\/www.turistamagazine.com\/v2\/index.php?rest_route=%2Fwp%2Fv2%2Fcomments&post=61351"}],"version-history":[{"count":2,"href":"https:\/\/www.turistamagazine.com\/v2\/index.php?rest_route=\/wp\/v2\/posts\/61351\/revisions"}],"predecessor-version":[{"id":61355,"href":"https:\/\/www.turistamagazine.com\/v2\/index.php?rest_route=\/wp\/v2\/posts\/61351\/revisions\/61355"}],"wp:featuredmedia":[{"embeddable":true,"href":"https:\/\/www.turistamagazine.com\/v2\/index.php?rest_route=\/wp\/v2\/media\/61353"}],"wp:attachment":[{"href":"https:\/\/www.turistamagazine.com\/v2\/index.php?rest_route=%2Fwp%2Fv2%2Fmedia&parent=61351"}],"wp:term":[{"taxonomy":"category","embeddable":true,"href":"https:\/\/www.turistamagazine.com\/v2\/index.php?rest_route=%2Fwp%2Fv2%2Fcategories&post=61351"},{"taxonomy":"post_tag","embeddable":true,"href":"https:\/\/www.turistamagazine.com\/v2\/index.php?rest_route=%2Fwp%2Fv2%2Ftags&post=61351"}],"curies":[{"name":"wp","href":"https:\/\/api.w.org\/{rel}","templated":true}]}}