{"id":61340,"date":"2023-08-09T18:58:25","date_gmt":"2023-08-09T23:58:25","guid":{"rendered":"https:\/\/www.turistamagazine.com\/v2\/?p=61340"},"modified":"2023-08-09T18:58:25","modified_gmt":"2023-08-09T23:58:25","slug":"inauguran-el-primer-encuentro-empresarial-de-turismo-sostenible-de-la-alianza-del-pacifico","status":"publish","type":"post","link":"https:\/\/www.turistamagazine.com\/v2\/?p=61340","title":{"rendered":"INAUGURAN EL PRIMER ENCUENTRO EMPRESARIAL DE TURISMO SOSTENIBLE DE LA ALIANZA DEL PAC\u00cdFICO"},"content":{"rendered":"<p style=\"text-align: center;\"><span style=\"color: #800080;\"><em><strong>Se llevar\u00e1 a cabo los d\u00edas 09, 16 y 17 de agosto, de manera virtual, y participar\u00e1n empresarios y expertos en el rubro.<\/strong><\/em><\/span><\/p>\n<p style=\"text-align: justify;\"><span style=\"color: #333399;\"><em><strong>\u00a0LIMA\/PER\u00da\/09\/ 08\/2023.- Hoy se inaugur\u00f3 el Primer Encuentro Empresarial de Turismo Sostenible de la Alianza del Pac\u00edfico, en el que empresarios y acad\u00e9micos de los pa\u00edses miembros -Chile, Colombia, M\u00e9xico y Per\u00fa-, compartir\u00e1n experiencias y buenas pr\u00e1cticas sobre gestiones, proyectos o productos tur\u00edsticos vinculados a la sostenibilidad, que permitir\u00e1n generar nuevas oportunidades comerciales para incrementar el flujo de turistas en las cuatro naciones del bloque.<\/strong><\/em><\/span><\/p>\n<p style=\"text-align: justify;\"><span style=\"color: #800080;\"><em><strong>Desde el 01 de agosto, Per\u00fa asumi\u00f3 la presidencia pro tempore de la Alianza del Pac\u00edfico, por ello, PROMPER\u00da como organismo promotor del turismo en el pa\u00eds, se encarg\u00f3 de presidir la ceremonia de inauguraci\u00f3n, a trav\u00e9s de su directora de Promoci\u00f3n del Turismo, Claricia Tirado.<\/strong><\/em><\/span><\/p>\n<p style=\"text-align: justify;\"><span style=\"color: #333399;\"><em><strong>\u201cLa sostenibilidad es uno de los pilares de la Alianza del Pacifico. Estamos convencidos que el turismo debe convertirse en un medio para el aprovechamiento, la conservaci\u00f3n y la ampliaci\u00f3n del patrimonio cultural, natural y biocultural que promueva un mejor horizonte para las futuras generaciones\u201d, se\u00f1al\u00f3 la representante de PROMPER\u00da durante el acto de apertura.<\/strong><\/em><\/span><\/p>\n<p style=\"text-align: justify;\"><span style=\"color: #800080;\"><em><strong>Este evento que se realizar\u00e1 los d\u00edas 09, 16 y 17 de agosto, de manera virtual, cobra gran importancia en la actualidad, pues cada vez son m\u00e1s los viajeros que optan por tener experiencias vinculadas al turismo sostenible, el cual fomenta la actividad tur\u00edstica con un impacto m\u00ednimo en el medioambiente y la cultura local, adem\u00e1s de contribuir a generar empleo e ingresos en favor de las comunidades anfitrionas.<\/strong><\/em><\/span><\/p>\n<p style=\"text-align: justify;\"><span style=\"color: #333399;\"><em><strong>En este encuentro, que se lleva a cabo en el marco del Acuerdo de Cooperaci\u00f3n de Turismo de esta alianza, participar\u00e1n 40 empresarios tur\u00edsticos de Chile, Colombia, M\u00e9xico y Per\u00fa, as\u00ed como expertos especializados en turismo sostenible, principalmente, de aventura y naturaleza.<\/strong><\/em><\/span><\/p>\n<p style=\"text-align: justify;\"><span style=\"color: #800080;\"><em><strong>Cabe resaltar que durante la inauguraci\u00f3n tambi\u00e9n se hizo el lanzamiento oficial del video \u201cEl Tesoro del Mundo\u201d, el cual representa una de las acciones para promocionar el turismo en los cuatro pa\u00edses que conforman este bloque.<\/strong><\/em><\/span><\/p>\n<p style=\"text-align: justify;\"><span style=\"color: #333399;\"><em><strong>Los interesados en obtener mayor informaci\u00f3n de esta actividad, pueden ingresar al siguiente enlace: <a href=\"https:\/\/www.encuentroturismosostenibleap.com\/\">https:\/\/www.encuentroturismosostenibleap.com\/<\/a><\/strong><\/em><\/span><\/p>\n","protected":false},"excerpt":{"rendered":"<p>Se llevar\u00e1 a cabo los d\u00edas 09, 16 y 17 de agosto, de manera virtual, y participar\u00e1n empresarios y expertos en el rubro. \u00a0LIMA\/PER\u00da\/09\/ 08\/2023.- Hoy se inaugur\u00f3 el Primer Encuentro Empresarial de Turismo Sostenible de la Alianza del Pac\u00edfico, en el que empresarios y acad\u00e9micos de los pa\u00edses miembros -Chile, Colombia, M\u00e9xico y Per\u00fa-, compartir\u00e1n experiencias y buenas pr\u00e1cticas sobre gestiones, proyectos o productos tur\u00edsticos vinculados a la sostenibilidad, que permitir\u00e1n generar nuevas oportunidades comerciales para incrementar el flujo de turistas en las cuatro naciones del bloque. Desde el 01 de agosto, Per\u00fa asumi\u00f3 la presidencia pro tempore de&#8230;<\/p>\n","protected":false},"author":1,"featured_media":61341,"comment_status":"open","ping_status":"open","sticky":false,"template":"","format":"standard","meta":{"footnotes":""},"categories":[4,82],"tags":[12678,10219,5176,321,340],"class_list":["post-61340","post","type-post","status-publish","format-standard","has-post-thumbnail","hentry","category-breaking-news","category-nacionales","tag-presidenciaprotempore","tag-semanarioturistamagazine","tag-alianza-del-pacifico-ap","tag-lima","tag-peru"],"_links":{"self":[{"href":"https:\/\/www.turistamagazine.com\/v2\/index.php?rest_route=\/wp\/v2\/posts\/61340","targetHints":{"allow":["GET"]}}],"collection":[{"href":"https:\/\/www.turistamagazine.com\/v2\/index.php?rest_route=\/wp\/v2\/posts"}],"about":[{"href":"https:\/\/www.turistamagazine.com\/v2\/index.php?rest_route=\/wp\/v2\/types\/post"}],"author":[{"embeddable":true,"href":"https:\/\/www.turistamagazine.com\/v2\/index.php?rest_route=\/wp\/v2\/users\/1"}],"replies":[{"embeddable":true,"href":"https:\/\/www.turistamagazine.com\/v2\/index.php?rest_route=%2Fwp%2Fv2%2Fcomments&post=61340"}],"version-history":[{"count":2,"href":"https:\/\/www.turistamagazine.com\/v2\/index.php?rest_route=\/wp\/v2\/posts\/61340\/revisions"}],"predecessor-version":[{"id":61343,"href":"https:\/\/www.turistamagazine.com\/v2\/index.php?rest_route=\/wp\/v2\/posts\/61340\/revisions\/61343"}],"wp:featuredmedia":[{"embeddable":true,"href":"https:\/\/www.turistamagazine.com\/v2\/index.php?rest_route=\/wp\/v2\/media\/61341"}],"wp:attachment":[{"href":"https:\/\/www.turistamagazine.com\/v2\/index.php?rest_route=%2Fwp%2Fv2%2Fmedia&parent=61340"}],"wp:term":[{"taxonomy":"category","embeddable":true,"href":"https:\/\/www.turistamagazine.com\/v2\/index.php?rest_route=%2Fwp%2Fv2%2Fcategories&post=61340"},{"taxonomy":"post_tag","embeddable":true,"href":"https:\/\/www.turistamagazine.com\/v2\/index.php?rest_route=%2Fwp%2Fv2%2Ftags&post=61340"}],"curies":[{"name":"wp","href":"https:\/\/api.w.org\/{rel}","templated":true}]}}