{"id":61319,"date":"2023-08-07T20:12:42","date_gmt":"2023-08-08T01:12:42","guid":{"rendered":"https:\/\/www.turistamagazine.com\/v2\/?p=61319"},"modified":"2023-08-07T20:12:42","modified_gmt":"2023-08-08T01:12:42","slug":"ramiro-salas-bravo-presento-su-libro-machu-picchu-tu-septimo-sentido","status":"publish","type":"post","link":"https:\/\/www.turistamagazine.com\/v2\/?p=61319","title":{"rendered":"RAMIRO SALAS BRAVO PRESENT\u00d3 SU LIBRO \u201cMACHU PICCHU \u2013 TU S\u00c9PTIMO SENTIDO\u201d"},"content":{"rendered":"<p style=\"text-align: justify;\"><span style=\"color: #333399;\"><em><strong>El ministro Juan Carlos Mathews, se\u00f1al\u00f3 que desde el Mincetur se viene trabajando en la implementaci\u00f3n de acciones conjuntas que permitir\u00e1n mejorar la experiencia que viven los turistas al recorrer el circuito tur\u00edstico de Machu Picchu.<\/strong><\/em><\/span><\/p>\n<p style=\"text-align: justify;\"><span style=\"color: #333399;\"><em><strong>LIMA PERU\/07\/08\/2023.-El anuncio lo realiz\u00f3 durante la presentaci\u00f3n del libro \u201cMachu Picchu \u2013 Tu s\u00e9ptimo sentido\u201d, del reconocido acad\u00e9mico y ex viceministro de Turismo, Ramiro Salas Bravo, en la 27\u00ba Feria Internacional del Libro de Lima, obra que presenta un retrato \u00fanico de nuestra maravilla mundial y el Camino Inca, sus paisajes naturales y belleza arquitect\u00f3nica.<\/strong><\/em><\/span><\/p>\n<p style=\"text-align: justify;\"><span style=\"color: #333399;\"><em><strong>\u201cEse equilibrio entre el espacio natural y cultural que se menciona nos resalta la riqueza de Machu Picchu y el cuidado que debemos tener para su preservaci\u00f3n. Desde el Mincetur, en un esfuerzo multisectorial con el Ministerio de Cultura y el Ministerio del Ambiente, seguimos promoviendo un turismo sostenible, responsable, que les permita a los miles de viajeros experimentar la magia de un Santuario bien conservado\u201d, se\u00f1al\u00f3 el ministro.<\/strong><\/em><\/span><\/p>\n<p style=\"text-align: justify;\"><span style=\"color: #333399;\"><em><strong>El titular del Mincetur destac\u00f3 la importancia de Machu Picchu para impulsar la reactivaci\u00f3n del turismo en nuestro pa\u00eds, ubic\u00e1ndolo dentro de los principales destinos del mundo. En esa l\u00ednea, mencion\u00f3 que, pese a un complicado inicio de a\u00f1o, se espera superar la llegada de 2.2 millones de turistas internacionales para fines del 2023, y alcanzar los 34 millones de viajes por turismo interno.<\/strong><\/em><\/span><\/p>\n<p style=\"text-align: justify;\"><span style=\"color: #333399;\"><em><strong>El ministro, adem\u00e1s, indic\u00f3 que dentro de las prioridades de su gesti\u00f3n se encuentra la puesta en valor de Choquequirao, imponente ciudadela inca que durante los \u00faltimos a\u00f1os ha causado atracci\u00f3n tanto para el turista nacional como el extranjero.<\/strong><\/em><\/span><\/p>\n<p style=\"text-align: justify;\"><span style=\"color: #333399;\"><em><strong>\u201cNuestro compromiso con la reactivaci\u00f3n econ\u00f3mica y la pol\u00edtica general del Gobierno busca fortalecer la oferta de experiencias tur\u00edsticas y el incremento del gasto p\u00fablico en turismo, a trav\u00e9s de la ejecuci\u00f3n de proyectos de inversi\u00f3n p\u00fablica bi regional como el Telef\u00e9rico de Choquequirao en Apur\u00edmac y Cusco\u201d, detall\u00f3.<\/strong><\/em><\/span><\/p>\n<p style=\"text-align: justify;\"><span style=\"color: #333399;\"><em><strong>Al cierre de su presentaci\u00f3n, el titular del Mincetur destac\u00f3 los esfuerzos que viene desarrollando la Unidad de Gesti\u00f3n de Machu Picchu (UGM) para agilizar las ventas de boletos, reducir el tiempo de espera en las colas y mejorar el acceso y difusi\u00f3n de informaci\u00f3n tur\u00edstica. En esa l\u00ednea, salud\u00f3 el compromiso del Ministerio de Cultura para evaluar el incremento de la capacidad de carga al Santuario Arqueol\u00f3gico.<\/strong><\/em><\/span><\/p>\n<p style=\"text-align: justify;\"><span style=\"color: #333399;\"><em><strong>La presentaci\u00f3n del libro, vale resaltar, cont\u00f3 tambi\u00e9n con la participaci\u00f3n del Secretario General del Ministerio de Relaciones Exteriores, Elmer Schialer; y el presidente de la C\u00e1mara Nacional de Turismo, Joe Koechlin.<\/strong><\/em><\/span><\/p>\n<p style=\"text-align: justify;\"><span style=\"color: #333399;\"><em><strong>OFICINA DE COMUNICACIONES Y PROTOCOLO<\/strong><\/em><\/span><\/p>\n<p style=\"text-align: justify;\"><span style=\"color: #333399;\"><em><strong>MINISTERIO DE COMERCIO EXTERIOR Y TURISMO<\/strong><\/em><\/span><\/p>\n","protected":false},"excerpt":{"rendered":"<p>El ministro Juan Carlos Mathews, se\u00f1al\u00f3 que desde el Mincetur se viene trabajando en la implementaci\u00f3n de acciones conjuntas que permitir\u00e1n mejorar la experiencia que viven los turistas al recorrer el circuito tur\u00edstico de Machu Picchu. LIMA PERU\/07\/08\/2023.-El anuncio lo realiz\u00f3 durante la presentaci\u00f3n del libro \u201cMachu Picchu \u2013 Tu s\u00e9ptimo sentido\u201d, del reconocido acad\u00e9mico y ex viceministro de Turismo, Ramiro Salas Bravo, en la 27\u00ba Feria Internacional del Libro de Lima, obra que presenta un retrato \u00fanico de nuestra maravilla mundial y el Camino Inca, sus paisajes naturales y belleza arquitect\u00f3nica. \u201cEse equilibrio entre el espacio natural y cultural&#8230;<\/p>\n","protected":false},"author":1,"featured_media":61320,"comment_status":"open","ping_status":"open","sticky":false,"template":"","format":"standard","meta":{"footnotes":""},"categories":[4,82],"tags":[12675,12674,10219,321],"class_list":["post-61319","post","type-post","status-publish","format-standard","has-post-thumbnail","hentry","category-breaking-news","category-nacionales","tag-machu-picchu-tu-septimo-sentido","tag-ramirosalas","tag-semanarioturistamagazine","tag-lima"],"_links":{"self":[{"href":"https:\/\/www.turistamagazine.com\/v2\/index.php?rest_route=\/wp\/v2\/posts\/61319","targetHints":{"allow":["GET"]}}],"collection":[{"href":"https:\/\/www.turistamagazine.com\/v2\/index.php?rest_route=\/wp\/v2\/posts"}],"about":[{"href":"https:\/\/www.turistamagazine.com\/v2\/index.php?rest_route=\/wp\/v2\/types\/post"}],"author":[{"embeddable":true,"href":"https:\/\/www.turistamagazine.com\/v2\/index.php?rest_route=\/wp\/v2\/users\/1"}],"replies":[{"embeddable":true,"href":"https:\/\/www.turistamagazine.com\/v2\/index.php?rest_route=%2Fwp%2Fv2%2Fcomments&post=61319"}],"version-history":[{"count":2,"href":"https:\/\/www.turistamagazine.com\/v2\/index.php?rest_route=\/wp\/v2\/posts\/61319\/revisions"}],"predecessor-version":[{"id":61322,"href":"https:\/\/www.turistamagazine.com\/v2\/index.php?rest_route=\/wp\/v2\/posts\/61319\/revisions\/61322"}],"wp:featuredmedia":[{"embeddable":true,"href":"https:\/\/www.turistamagazine.com\/v2\/index.php?rest_route=\/wp\/v2\/media\/61320"}],"wp:attachment":[{"href":"https:\/\/www.turistamagazine.com\/v2\/index.php?rest_route=%2Fwp%2Fv2%2Fmedia&parent=61319"}],"wp:term":[{"taxonomy":"category","embeddable":true,"href":"https:\/\/www.turistamagazine.com\/v2\/index.php?rest_route=%2Fwp%2Fv2%2Fcategories&post=61319"},{"taxonomy":"post_tag","embeddable":true,"href":"https:\/\/www.turistamagazine.com\/v2\/index.php?rest_route=%2Fwp%2Fv2%2Ftags&post=61319"}],"curies":[{"name":"wp","href":"https:\/\/api.w.org\/{rel}","templated":true}]}}