{"id":61006,"date":"2023-06-28T13:29:32","date_gmt":"2023-06-28T18:29:32","guid":{"rendered":"https:\/\/www.turistamagazine.com\/v2\/?p=61006"},"modified":"2023-06-28T13:29:32","modified_gmt":"2023-06-28T18:29:32","slug":"feriado-de-san-pedro-y-san-pablo-generaria-un-impacto-economico-de-us-75-millones-en-peru","status":"publish","type":"post","link":"https:\/\/www.turistamagazine.com\/v2\/?p=61006","title":{"rendered":"FERIADO DE SAN PEDRO Y SAN PABLO GENERAR\u00cdA UN IMPACTO ECON\u00d3MICO DE US$ 75 MILLONES\u00a0 EN PERU"},"content":{"rendered":"<p style=\"text-align: justify;\"><span style=\"color: #333399;\"><strong><em>LIMA\/PER\u00da\/28\/06\/2023.- A puertas de un nuevo feriado largo, cientos de peruanos ya alistan sus maletas para recorrer el pa\u00eds. Entre \u00a0este jueves 29 de junio -fecha que conmemora el D\u00eda de San Pedro y San Pablo- y domingo 2 de julio, alrededor de 550 mil personas se movilizar\u00e1n a nivel nacional.<\/em><\/strong><\/span><\/p>\n<p style=\"text-align: justify;\"><span style=\"color: #333399;\"><strong><em>Un estudio de la Direcci\u00f3n General de Investigaci\u00f3n y Estudios sobre Turismo y Artesan\u00eda, del Viceministerio de Turismo, indic\u00f3 que el 70,4 % de las personas que viajar\u00e1n durante estas fechas, lo har\u00e1 por vacaciones, recreaci\u00f3n u ocio, y otro 19,2 % tendr\u00e1 entre sus motivos visitas a familiares y amigos.<\/em><\/strong><\/span><\/p>\n<p style=\"text-align: justify;\"><span style=\"color: #333399;\"><strong><em>\u201cLos feriados largos son importantes para la reactivaci\u00f3n de todos los negocios vinculados a la cadena valor del turismo. Las personas viajan, buscan conocer nuevos lugares o volver a visitar alguno que le gust\u00f3. Estimamos que los viajes durante este fin de semana largo generar\u00e1n un impacto econ\u00f3mico de US$ 75 millones\u201d. El estudio revela, adem\u00e1s, que el 28,5 % de los viajeros buscar\u00e1n visitar zonas del norte, y el 24 % recorrer\u00e1n el centro del pa\u00eds. Las regiones m\u00e1s visitadas ser\u00edan La Libertad, Cajamarca, Piura, \u00c1ncash, Ica, Jun\u00edn y Ayacucho.<\/em><\/strong><\/span><\/p>\n<p style=\"text-align: justify;\"><span style=\"color: #333399;\"><strong><em>Lima Metropolitana -incluyendo Callao- y Lima Provincias recibir\u00edan al 22,2% de los visitantes. El 15,4 % arribar\u00edan a las regiones del Sur, entre ellas Cusco, Arequipa, Apur\u00edmac; y el 9,9 % buscar\u00edan conocer los diversos atractivos que ofrecen las regiones del oriente del pa\u00eds, como del Loreto, San Mart\u00edn y Madre de Dios.<\/em><\/strong><\/span><\/p>\n<p style=\"text-align: justify;\"><span style=\"color: #333399;\"><strong><em>En esa l\u00ednea, es importante destacar que el 76,6 % de los turistas planea aprovechar el fin de semana largo para disfrutar de un destino antes visitado; y el 23,4 % busca conocer uno nuevo.<\/em><\/strong><\/span><\/p>\n<p style=\"text-align: justify;\"><span style=\"color: #333399;\"><strong><em>\u201cEl gasto promedio por persona ascender\u00eda a S\/ 512, entre transportes, alimentaci\u00f3n, alojamiento y actividades tur\u00edsticas. Sabemos que el 17,1 % de los viajeros contratar\u00e1 un paquete tur\u00edstico y el 13,9 % adquirir\u00e1 un tour al llegar a su destino\u201d. (\u2026)<\/em><\/strong><\/span><\/p>\n","protected":false},"excerpt":{"rendered":"<p>LIMA\/PER\u00da\/28\/06\/2023.- A puertas de un nuevo feriado largo, cientos de peruanos ya alistan sus maletas para recorrer el pa\u00eds. Entre \u00a0este jueves 29 de junio -fecha que conmemora el D\u00eda de San Pedro y San Pablo- y domingo 2 de julio, alrededor de 550 mil personas se movilizar\u00e1n a nivel nacional. Un estudio de la Direcci\u00f3n General de Investigaci\u00f3n y Estudios sobre Turismo y Artesan\u00eda, del Viceministerio de Turismo, indic\u00f3 que el 70,4 % de las personas que viajar\u00e1n durante estas fechas, lo har\u00e1 por vacaciones, recreaci\u00f3n u ocio, y otro 19,2 % tendr\u00e1 entre sus motivos visitas a familiares&#8230;<\/p>\n","protected":false},"author":1,"featured_media":61007,"comment_status":"open","ping_status":"open","sticky":false,"template":"","format":"standard","meta":{"footnotes":""},"categories":[4,82],"tags":[10219,6132,117,12632],"class_list":["post-61006","post","type-post","status-publish","format-standard","has-post-thumbnail","hentry","category-breaking-news","category-nacionales","tag-semanarioturistamagazine","tag-portal-de-noticias-turistamagazine","tag-promocion-turistica","tag-san-pedro-y-san-pablo"],"_links":{"self":[{"href":"https:\/\/www.turistamagazine.com\/v2\/index.php?rest_route=\/wp\/v2\/posts\/61006","targetHints":{"allow":["GET"]}}],"collection":[{"href":"https:\/\/www.turistamagazine.com\/v2\/index.php?rest_route=\/wp\/v2\/posts"}],"about":[{"href":"https:\/\/www.turistamagazine.com\/v2\/index.php?rest_route=\/wp\/v2\/types\/post"}],"author":[{"embeddable":true,"href":"https:\/\/www.turistamagazine.com\/v2\/index.php?rest_route=\/wp\/v2\/users\/1"}],"replies":[{"embeddable":true,"href":"https:\/\/www.turistamagazine.com\/v2\/index.php?rest_route=%2Fwp%2Fv2%2Fcomments&post=61006"}],"version-history":[{"count":1,"href":"https:\/\/www.turistamagazine.com\/v2\/index.php?rest_route=\/wp\/v2\/posts\/61006\/revisions"}],"predecessor-version":[{"id":61008,"href":"https:\/\/www.turistamagazine.com\/v2\/index.php?rest_route=\/wp\/v2\/posts\/61006\/revisions\/61008"}],"wp:featuredmedia":[{"embeddable":true,"href":"https:\/\/www.turistamagazine.com\/v2\/index.php?rest_route=\/wp\/v2\/media\/61007"}],"wp:attachment":[{"href":"https:\/\/www.turistamagazine.com\/v2\/index.php?rest_route=%2Fwp%2Fv2%2Fmedia&parent=61006"}],"wp:term":[{"taxonomy":"category","embeddable":true,"href":"https:\/\/www.turistamagazine.com\/v2\/index.php?rest_route=%2Fwp%2Fv2%2Fcategories&post=61006"},{"taxonomy":"post_tag","embeddable":true,"href":"https:\/\/www.turistamagazine.com\/v2\/index.php?rest_route=%2Fwp%2Fv2%2Ftags&post=61006"}],"curies":[{"name":"wp","href":"https:\/\/api.w.org\/{rel}","templated":true}]}}